{"id":95,"date":"2021-01-22T00:34:55","date_gmt":"2021-01-21T23:34:55","guid":{"rendered":"https:\/\/aprendizdetodo.rafaelartacho.es\/?p=95"},"modified":"2021-01-22T00:34:55","modified_gmt":"2021-01-21T23:34:55","slug":"carta-a-mi-padre","status":"publish","type":"post","link":"https:\/\/rafaelartacho.es\/index.php\/2021\/01\/22\/carta-a-mi-padre\/","title":{"rendered":"CARTA A MI PADRE"},"content":{"rendered":"\n<p><em>Unos d\u00edas antes de fallecer mi padre,&nbsp; mi hermano Pepe le escribi\u00f3 una carta que fue le\u00edda en su funeral. Es una carta que resume muy bien su vida y que suscribo en su totalidad<\/em>.<\/p>\n\n\n\n<p><em>La publico para que&nbsp; siga viviendo en nuestro recuerdo como el gran hombre que fue.<\/em><\/p>\n\n\n\n<figure class=\"wp-block-image size-large\"><img loading=\"lazy\" decoding=\"async\" width=\"960\" height=\"658\" src=\"https:\/\/rafaelartacho.es\/wp-content\/uploads\/2021\/01\/FOTO-1-1.jpg\" alt=\"\" class=\"wp-image-96\" srcset=\"https:\/\/rafaelartacho.es\/wp-content\/uploads\/2021\/01\/FOTO-1-1.jpg 960w, https:\/\/rafaelartacho.es\/wp-content\/uploads\/2021\/01\/FOTO-1-1-300x206.jpg 300w, https:\/\/rafaelartacho.es\/wp-content\/uploads\/2021\/01\/FOTO-1-1-768x526.jpg 768w\" sizes=\"auto, (max-width: 709px) 85vw, (max-width: 909px) 67vw, (max-width: 1362px) 62vw, 840px\" \/><\/figure>\n\n\n\n<p><strong>Carta a mi Padre<\/strong><\/p>\n\n\n\n<p>Si, me siento orgulloso de T\u00ed, has jugado dos Partidas y las dos las has ganado.<\/p>\n\n\n\n<p>La primera te la ech\u00f3 la Vida, y no fue precisamente generosa con las cartas que te dio, apenas tus Manos y tu Voluntad .<\/p>\n\n\n\n<p>Superaste siendo ni\u00f1o la p\u00e9rdida de un Padre, conociste por ti mismo el trabajo infantil, sin ning\u00fan reconocimiento por parte de tu Padrastro&nbsp;<em>(estos ladrones no hacen m\u00e1s que comer)&nbsp;<\/em>y tu adolescencia poco m\u00e1s que trabajo te ofreci\u00f3.<\/p>\n\n\n\n<p>Con la juventud, te lleg\u00f3 el Amor, del que no pudiste disfrutar mucho tiempo, porque una Guerra dijo que ten\u00edas que luchar, quiz\u00e1s contra los que t\u00fa m\u00e1s podr\u00edas identificarte, pero no te dieron la opci\u00f3n de elegir. Tu bando gan\u00f3 la guerra, pero vosotros todos la perdisteis y sufristeis la postguerra y el \u201cA\u00f1o del Hambre\u201d .<\/p>\n\n\n\n<p>Mientras tanto tu familia iba creciendo y t\u00fa hac\u00edas lo \u00fanico que sab\u00edas, Trabajar para ir saliendo adelante. Apoyado y animado por tu Mujer, lograste comprar tu primera casa y como el futuro en tu pueblo no lo ve\u00edas claro, lo dejaste todo para ir a la Gran Ciudad a preparar el camino para reunir a tu familia y poder ofrecerle algo mejor.<\/p>\n\n\n\n<p>En Madrid, adem\u00e1s de tu jornada de m\u00e1s de 12 horas, ten\u00edas tiempo de ir acomodando la casa familiar hasta que finalmente la pudiste comprar, y ese patrimonio te ha sido suficiente para no depender de nadie.<\/p>\n\n\n\n<p>M\u00e1s tarde la vida empez\u00f3 a ser m\u00e1s amable y vinieron las Vacaciones de verano en la playa, que aunque fuera un poco obligado por tu mujer, t\u00fa tambi\u00e9n disfrutabas.<\/p>\n\n\n\n<p>Y por fin la Jubilaci\u00f3n, con tu frase favorita:&nbsp;<em>Qui\u00e9n me iba a decir a m\u00ed, que iba a cobrar m\u00e1s de&nbsp;<\/em>33&nbsp;<em>a\u00f1os sin<\/em>&nbsp;<em>trabajar.<\/em><\/p>\n\n\n\n<p>Y te era suficiente con la tranquilidad y gozar con tu Mujer, lo que conseguiste hacer hasta el final, y no parece que eso sea lo habitual.<\/p>\n\n\n\n<p>Por todo esto, yo creo que en tu Partida con la Vida, hay un claro ganador, T\u00fa.<\/p>\n\n\n\n<p>La otra Partida te la plante\u00f3 la Muerte, cuando, seg\u00fan t\u00fa nos contabas, te viste perdido la vez que cruzaste la corriente del r\u00edo con tu yegua, pensando que si ella pasaba era que se pod\u00eda. Pero al momento, te dej\u00f3 a tu suerte y t\u00fa cre\u00edste que no lo contabas. Pero s\u00ed.<\/p>\n\n\n\n<figure class=\"wp-block-image size-large\"><img loading=\"lazy\" decoding=\"async\" width=\"678\" height=\"754\" src=\"https:\/\/rafaelartacho.es\/wp-content\/uploads\/2021\/01\/FOTO-2-1.jpg\" alt=\"\" class=\"wp-image-97\" srcset=\"https:\/\/rafaelartacho.es\/wp-content\/uploads\/2021\/01\/FOTO-2-1.jpg 678w, https:\/\/rafaelartacho.es\/wp-content\/uploads\/2021\/01\/FOTO-2-1-270x300.jpg 270w\" sizes=\"auto, (max-width: 709px) 85vw, (max-width: 909px) 67vw, (max-width: 984px) 61vw, (max-width: 1362px) 45vw, 600px\" \/><\/figure>\n\n\n\n<p>La siguiente baza fue todav\u00eda m\u00e1s seria. En el frente de Pe\u00f1arroya recibiste una herida de metralla en una pierna, los enfermeros estimaron que tu caso era cuesti\u00f3n de horas y te dejaron junto a los moribundos, y recuerdo como lo contabas:&nbsp;<em>se muri\u00f3 el de&nbsp;<\/em>mi&nbsp;<em>izquierda, el de&nbsp;<\/em>mi&nbsp;<em>derecha y otros, pero como vieron que yo<\/em>&nbsp;<em>no ten\u00eda ning\u00fan pensamiento de irme todav\u00eda, dijeron, a ver que podemos hacer por \u00e9l.&nbsp;<\/em>Y soportando aquellas dolorosas curas, seguiste adelante, \u00a1\u00a1 porque te quedaban tantas cosas para hacer!!.<\/p>\n\n\n\n<p>Otra vez, lo recuerdo porque nunca llegabas tan pronto a casa y con la ropa y las botas de la obra, te trajeron en un cami\u00f3n porque el edificio en el que trabajabas se hab\u00eda desplomado, pero t\u00fa tambi\u00e9n pudiste evitarlo.<\/p>\n\n\n\n<p>Y por \u00faltimo, cuando ya no tienes demasiado inter\u00e9s por la Vida, la est\u00e1s haciendo esperar, gracias a tu gran fortaleza, el tiempo que t\u00fa consideres necesario.<\/p>\n\n\n\n<p>Creo que esta Partida est\u00e1 ya ganada.<\/p>\n\n\n\n<p>Me pregunto: \u00bfQu\u00e9 visi\u00f3n he tenido yo de ti y c\u00f3mo ha sido mi relaci\u00f3n contigo?<\/p>\n\n\n\n<p>Cuando era ni\u00f1o te ve\u00eda con respeto, pero salvo en momentos puntuales, s\u00ed, era respeto, no miedo. Para mi era importante darte el beso cada vez que llegabas de trabajar, en la familia de otra gente esta costumbre no exist\u00eda.<\/p>\n\n\n\n<figure class=\"wp-block-image size-large\"><img loading=\"lazy\" decoding=\"async\" width=\"733\" height=\"710\" src=\"https:\/\/rafaelartacho.es\/wp-content\/uploads\/2021\/01\/FOTO-3-1.jpg\" alt=\"\" class=\"wp-image-98\" srcset=\"https:\/\/rafaelartacho.es\/wp-content\/uploads\/2021\/01\/FOTO-3-1.jpg 733w, https:\/\/rafaelartacho.es\/wp-content\/uploads\/2021\/01\/FOTO-3-1-300x291.jpg 300w\" sizes=\"auto, (max-width: 709px) 85vw, (max-width: 909px) 67vw, (max-width: 984px) 61vw, (max-width: 1362px) 45vw, 600px\" \/><\/figure>\n\n\n\n<p>La relaci\u00f3n que ten\u00eda contigo no era tan cercana, pero para m\u00ed estaba bien. T\u00fa cumpl\u00edas el rol que ten\u00edas asignado, traer el dinero a casa y ser una referencia de respeto y autoridad, esto ahora es completamente diferente, pero quiz\u00e1s tampoco es lo mejor.<\/p>\n\n\n\n<p>Tu preparaci\u00f3n para la vida se limitaba a tu propia experiencia y a los valores que te inculc\u00f3 la abuela Elvira, trabajo, honradez y prudencia. Y eso has sido: lo que antes se llamaba un \u201cHombre de Bien\u201d.<\/p>\n\n\n\n<p>Cuando estuviste convaleciente en la guerra, te empe\u00f1aste en aprender tu solo a escribir, para que nadie tuviera que escribirte las cartas para tu mujer.<\/p>\n\n\n\n<p>En general no eras violento, y salvo el temido \u201cde rodillas en cruz\u201d y tu \u201ccago en la osti\u201d (que significaba que la cosa iba en serio) no es que la convivencia fuera una balsa de aceite, pero para los tiempos que corr\u00edan era m\u00e1s que aceptable.<\/p>\n\n\n\n<p>Tambi\u00e9n te supiste ir adaptando a los nuevos tiempos , recuerdo como ya casi con 60 a\u00f1os y despu\u00e9s de 12 \u00f3 13 horas fuera de casa, llegabas del trabajo en la obra y te ibas andando otra media hora a Tajamar, porque hab\u00eda una reuni\u00f3n en la que iban a explicar algo sobre c\u00f3mo educar y comprender mejor a los hijos, o algo parecido, que quiz\u00e1s no terminabas de entender del todo, pero que asum\u00edas como parte de tu responsabilidad.<\/p>\n\n\n\n<figure class=\"wp-block-image size-large\"><img loading=\"lazy\" decoding=\"async\" width=\"1466\" height=\"1185\" src=\"https:\/\/rafaelartacho.es\/wp-content\/uploads\/2021\/01\/FOTO-4.jpg\" alt=\"\" class=\"wp-image-99\" srcset=\"https:\/\/rafaelartacho.es\/wp-content\/uploads\/2021\/01\/FOTO-4.jpg 1466w, https:\/\/rafaelartacho.es\/wp-content\/uploads\/2021\/01\/FOTO-4-300x242.jpg 300w, https:\/\/rafaelartacho.es\/wp-content\/uploads\/2021\/01\/FOTO-4-1024x828.jpg 1024w, https:\/\/rafaelartacho.es\/wp-content\/uploads\/2021\/01\/FOTO-4-768x621.jpg 768w\" sizes=\"auto, (max-width: 709px) 85vw, (max-width: 909px) 67vw, (max-width: 1362px) 62vw, 840px\" \/><\/figure>\n\n\n\n<p>El hecho de haber tenido la mujer que elegiste, tambi\u00e9n ha sido determinante en tu vida, debido a su personalidad y empuje te ha animado y apoyado a lo largo de vuestro camino, pero quiz\u00e1s tambi\u00e9n has tenido que luchar contra eso, para reclamar la parte que te correspond\u00eda, que en ocasiones quedaba oculta por el gran carisma que ella ten\u00eda.<\/p>\n\n\n\n<p>Y en esta \u00faltima etapa de tu larga Vejez, has conseguido no ser nunca una carga para tu familia, y hacerte muy mayor siempre con una sonrisa y ning\u00fan mal modo, incluso en estos \u00faltimos d\u00edas en los que no podemos o\u00edrte, nos contestas regal\u00e1ndonos una sonrisa.<\/p>\n\n\n\n<p>Si, Papa, puedes y debes estar satisfecho, aqu\u00ed estamos, y ahora s\u00ed hablo por todos, Tu Familia que te quiere.<\/p>\n\n\n\n<p>Y cuando ya no est\u00e9s aqu\u00ed, vivir\u00e1s en nuestro recuerdo como el gran Hombre que eres.<\/p>\n\n\n\n<p><em>31-01-2012<\/em><\/p>\n\n\n\n<p>Pepe.<\/p>\n","protected":false},"excerpt":{"rendered":"<p>Unos d\u00edas antes de fallecer mi padre,&nbsp; mi hermano Pepe le escribi\u00f3 una carta que fue le\u00edda en su funeral. Es una carta que resume muy bien su vida y que suscribo en su totalidad. La publico para que&nbsp; siga viviendo en nuestro recuerdo como el gran hombre que fue. Carta a mi Padre Si, &hellip; <a href=\"https:\/\/rafaelartacho.es\/index.php\/2021\/01\/22\/carta-a-mi-padre\/\" class=\"more-link\">Continuar leyendo<span class=\"screen-reader-text\"> \u00abCARTA A MI PADRE\u00bb<\/span><\/a><\/p>\n","protected":false},"author":1,"featured_media":0,"comment_status":"open","ping_status":"open","sticky":false,"template":"","format":"standard","meta":{"footnotes":""},"categories":[2],"tags":[17],"class_list":["post-95","post","type-post","status-publish","format-standard","hentry","category-category0","tag-padre-pepe"],"_links":{"self":[{"href":"https:\/\/rafaelartacho.es\/index.php\/wp-json\/wp\/v2\/posts\/95","targetHints":{"allow":["GET"]}}],"collection":[{"href":"https:\/\/rafaelartacho.es\/index.php\/wp-json\/wp\/v2\/posts"}],"about":[{"href":"https:\/\/rafaelartacho.es\/index.php\/wp-json\/wp\/v2\/types\/post"}],"author":[{"embeddable":true,"href":"https:\/\/rafaelartacho.es\/index.php\/wp-json\/wp\/v2\/users\/1"}],"replies":[{"embeddable":true,"href":"https:\/\/rafaelartacho.es\/index.php\/wp-json\/wp\/v2\/comments?post=95"}],"version-history":[{"count":0,"href":"https:\/\/rafaelartacho.es\/index.php\/wp-json\/wp\/v2\/posts\/95\/revisions"}],"wp:attachment":[{"href":"https:\/\/rafaelartacho.es\/index.php\/wp-json\/wp\/v2\/media?parent=95"}],"wp:term":[{"taxonomy":"category","embeddable":true,"href":"https:\/\/rafaelartacho.es\/index.php\/wp-json\/wp\/v2\/categories?post=95"},{"taxonomy":"post_tag","embeddable":true,"href":"https:\/\/rafaelartacho.es\/index.php\/wp-json\/wp\/v2\/tags?post=95"}],"curies":[{"name":"wp","href":"https:\/\/api.w.org\/{rel}","templated":true}]}}