{"id":870,"date":"2023-03-24T01:47:25","date_gmt":"2023-03-24T01:47:25","guid":{"rendered":"https:\/\/rafaelartacho.es\/?p=870"},"modified":"2023-04-03T22:40:12","modified_gmt":"2023-04-03T22:40:12","slug":"que-lindo-es-peru-i","status":"publish","type":"post","link":"https:\/\/rafaelartacho.es\/index.php\/2023\/03\/24\/que-lindo-es-peru-i\/","title":{"rendered":"\u00a1QUE LINDO ES PERU! (I)"},"content":{"rendered":"\n<p>He tenido la fortuna de visitar dos veces Per\u00fa, una en Abril de 2018 y otra en Agosto- Septiembre de 2022. En las dos ocasiones he estado acompa\u00f1ado por VIOLETA, una mujer peruana extraordinaria y eso me ha permitido conocer m\u00e1s a fondo, a trav\u00e9s de su familia y amigos, ese hermoso pa\u00eds y a sus gentes.<\/p>\n\n\n\n<figure class=\"wp-block-image size-large\"><img loading=\"lazy\" decoding=\"async\" width=\"1024\" height=\"576\" src=\"https:\/\/rafaelartacho.es\/wp-content\/uploads\/2023\/03\/20180421_095755-1024x576.jpg\" alt=\"\" class=\"wp-image-955\" srcset=\"https:\/\/rafaelartacho.es\/wp-content\/uploads\/2023\/03\/20180421_095755-1024x576.jpg 1024w, https:\/\/rafaelartacho.es\/wp-content\/uploads\/2023\/03\/20180421_095755-300x169.jpg 300w, https:\/\/rafaelartacho.es\/wp-content\/uploads\/2023\/03\/20180421_095755-768x432.jpg 768w, https:\/\/rafaelartacho.es\/wp-content\/uploads\/2023\/03\/20180421_095755-1536x864.jpg 1536w, https:\/\/rafaelartacho.es\/wp-content\/uploads\/2023\/03\/20180421_095755-2048x1152.jpg 2048w, https:\/\/rafaelartacho.es\/wp-content\/uploads\/2023\/03\/20180421_095755-1200x675.jpg 1200w\" sizes=\"auto, (max-width: 709px) 85vw, (max-width: 909px) 67vw, (max-width: 1362px) 62vw, 840px\" \/><figcaption class=\"wp-element-caption\">Machu Picchu a nuestros pies<\/figcaption><\/figure>\n\n\n\n<p>En el primer viaje visit\u00e9, adem\u00e1s de Lima, Cusco (en Per\u00fa Cusco no Cuzco) y Machu Picchu y voy a intentar relatar como vi y viv\u00ed el Per\u00fa. Un mes intenso lleno de experiencias que me hac\u00edan sentir emociones igualmente intensas.<\/p>\n\n\n\n<p>Tras un largo viaje de m\u00e1s de 12 horas llegamos a Lima a las 6 de la ma\u00f1ana (hora local). Nada m\u00e1s descender del avi\u00f3n &nbsp;y salir a la calle del Aeropuerto Internacional Jorge Ch\u00e1vez ya empiezas a percibir una neblina que lo envuelve todo y piensas que Lima ser\u00e1 una ciudad h\u00fameda y fr\u00eda. Por eso cuesta creer cuando te dicen que en Lima apenas llueve, que los lime\u00f1os no conocen las fuertes lluvias y que de fr\u00eda nada porque apenas se utiliza la calefacci\u00f3n.<\/p>\n\n\n\n<p><strong>EL TRAFICO<\/strong><\/p>\n\n\n\n<figure class=\"wp-block-image size-full\"><img loading=\"lazy\" decoding=\"async\" width=\"600\" height=\"400\" src=\"https:\/\/rafaelartacho.es\/wp-content\/uploads\/2023\/03\/trafico_450_339-1.jpg\" alt=\"\" class=\"wp-image-872\" srcset=\"https:\/\/rafaelartacho.es\/wp-content\/uploads\/2023\/03\/trafico_450_339-1.jpg 600w, https:\/\/rafaelartacho.es\/wp-content\/uploads\/2023\/03\/trafico_450_339-1-300x200.jpg 300w\" sizes=\"auto, (max-width: 709px) 85vw, (max-width: 909px) 67vw, (max-width: 984px) 61vw, (max-width: 1362px) 45vw, 600px\" \/><figcaption class=\"wp-element-caption\">En horas punta el tr\u00e1fico es intenso<\/figcaption><\/figure>\n\n\n\n<p>En el traslado desde el aeropuerto al hotel ya notas que el tr\u00e1fico es infernal en las horas punta, normal en una ciudad de m\u00e1s de once millones de habitantes, con enormes atascos. Los conductores, que seguro aprendieron todas las normas de circulaci\u00f3n para obtener el \u00ab<strong>brevete<\/strong>\u00bb (permiso de conducir), solo respetan una: la de \u00ab<strong>manejar\u00bb<\/strong> a no dar. Como me dijo un taxista todo vale menos dar. Esto incluye pasar un paso cebra antes que el peat\u00f3n, aligerar en un cruce para que frene el de al lado o que los primeros diez segundos de un sem\u00e1foro en rojo no se cuentan. Es decir que aunque un sem\u00e1foro est\u00e9 rojo, si te da tiempo y no atropellas a nadie o no vas a chocar con otro veh\u00edculo, puedes pasar.<\/p>\n\n\n\n<figure class=\"wp-block-image size-full\"><img loading=\"lazy\" decoding=\"async\" width=\"807\" height=\"605\" src=\"https:\/\/rafaelartacho.es\/wp-content\/uploads\/2023\/03\/20220906_084154.jpg\" alt=\"\" class=\"wp-image-1026\" srcset=\"https:\/\/rafaelartacho.es\/wp-content\/uploads\/2023\/03\/20220906_084154.jpg 807w, https:\/\/rafaelartacho.es\/wp-content\/uploads\/2023\/03\/20220906_084154-300x225.jpg 300w, https:\/\/rafaelartacho.es\/wp-content\/uploads\/2023\/03\/20220906_084154-768x576.jpg 768w\" sizes=\"auto, (max-width: 709px) 85vw, (max-width: 909px) 67vw, (max-width: 984px) 61vw, (max-width: 1362px) 45vw, 600px\" \/><figcaption class=\"wp-element-caption\">Foto de valla publicitaria<\/figcaption><\/figure>\n\n\n\n<p>Todav\u00eda recuerdo con asombro c\u00f3mo un guardia que regulaba la circulaci\u00f3n en un cruce paraba brazo en alto los veh\u00edculos que ven\u00edan de frente hacia \u00e9l y c\u00f3mo \u00e9stos segu\u00edan pasando a su lado, sin que el guardia se inmutara.<\/p>\n\n\n\n<p>Otra cosa que me llam\u00f3 la atenci\u00f3n fue la cantidad de personas que en los sem\u00e1foros, que son de larga duraci\u00f3n, te ofrecen para venderte productos de todo tipo: peri\u00f3dicos, refrescos, galletas, chocolate, frutas, helado. Aunque en Espa\u00f1a tambi\u00e9n te encuentras a veces con personas que se ganan la vida en los sem\u00e1foros, en Lima est\u00e1s m\u00e1s generalizado. As\u00ed que un viaje en taxi o en turismo particular por la ciudad de Lima es de todo menos aburrido.<\/p>\n\n\n\n<figure class=\"wp-block-image size-full\"><img loading=\"lazy\" decoding=\"async\" width=\"580\" height=\"346\" src=\"https:\/\/rafaelartacho.es\/wp-content\/uploads\/2023\/03\/IMG-20180409-WA0032-1.jpg\" alt=\"\" class=\"wp-image-1015\" srcset=\"https:\/\/rafaelartacho.es\/wp-content\/uploads\/2023\/03\/IMG-20180409-WA0032-1.jpg 580w, https:\/\/rafaelartacho.es\/wp-content\/uploads\/2023\/03\/IMG-20180409-WA0032-1-300x179.jpg 300w\" sizes=\"auto, (max-width: 580px) 85vw, 580px\" \/><figcaption class=\"wp-element-caption\">Te pueden vender de todo en la calle<\/figcaption><\/figure>\n\n\n\n<p>El transporte p\u00fablico es un poco diferente a lo que conocemos en Espa\u00f1a y no s\u00f3lo porque las paradas se llamen \u00ab<strong>Paraderos\u00bb<\/strong>.  Adem\u00e1s de la l\u00ednea de metro, hay autobuses, \u00ab<strong>c\u00fasters\u00bb <\/strong>(minibuses) y combis que recorren las v\u00edas principales de la ciudad pero es dif\u00edcil aprender a utilizar sus l\u00edneas. Los trayectos se anuncian en el propio veh\u00edculo y a viva voz, cuando llega el veh\u00edculo al <strong>Paradero<\/strong> y s\u00f3lo te dicen las calles que atraviesan que son avenidas largu\u00edsimas. No recomiendo utilizarlos si no vas acompa\u00f1ado de un lime\u00f1o. Yo afortunadamente pude utilizarlos por ir acompa\u00f1ado de Violeta.<\/p>\n\n\n\n<figure class=\"wp-block-embed is-type-video is-provider-youtube wp-block-embed-youtube wp-embed-aspect-16-9 wp-has-aspect-ratio\"><div class=\"wp-block-embed__wrapper\">\n<iframe loading=\"lazy\" title=\"METRO DE LIMA\" width=\"840\" height=\"473\" src=\"https:\/\/www.youtube.com\/embed\/ojae_YTnenE?feature=oembed\" frameborder=\"0\" allow=\"accelerometer; autoplay; clipboard-write; encrypted-media; gyroscope; picture-in-picture; web-share\" allowfullscreen><\/iframe>\n<\/div><figcaption class=\"wp-element-caption\">El metro de Lima a su paso por la Avda Aviaci\u00f3n <\/figcaption><\/figure>\n\n\n\n<p><strong>UN TRAYECTO EN CUSTER<\/strong> <\/p>\n\n\n\n<p>Si tienes esp\u00edritu aventurero y quieres emociones fuertes no hay mejor aventura que tomar una c\u00faster (minibus) y observar c\u00f3mo el <strong>\u00abfercho\u00bb<\/strong> (conductor) sortea los obst\u00e1culos que se encuentra en su camino, el cobrador de la c\u00faster sube y baja con el veh\u00edculo en marcha, voceando los destinos y captando pasajeros. <\/p>\n\n\n\n<p>En ocasiones las paradas se producen en el tercer carril de una gran avenida cuando el sem\u00e1foro est\u00e1 rojo y los viajeros que suben y bajan atraviesan entre los coches parados la distancia que les separa de la c\u00faster. Si se pone verde el sem\u00e1foro imag\u00ednese las prisas que hay que darse para alcanzar la acera o el bus.<\/p>\n\n\n\n<p> Los asientos son min\u00fasculos (al menos para m\u00ed que me ten\u00eda que sentar de lado) pero eso s\u00ed suena una m\u00fasica alegre a volumen alto que te daban ganas de ponerte a bailar, si no fuera por el miedo a caer de bruces al suelo por los acelerones y frenazos. De vez en cuando en una parada se sube un vendedor ambulante que te ofrece caramelos, artesan\u00eda o su mejor vena art\u00edstica. Recauda unos pocos soles y se baja en la siguiente parada. A ellos no les cobran el <strong>\u201cpasaje\u201d <\/strong>como bien dicen en Per\u00fa.<\/p>\n\n\n\n<figure class=\"wp-block-gallery has-nested-images columns-default is-cropped wp-block-gallery-1 is-layout-flex wp-block-gallery-is-layout-flex\">\n<figure class=\"wp-block-image size-large\"><img loading=\"lazy\" decoding=\"async\" width=\"339\" height=\"453\" data-id=\"875\" src=\"https:\/\/rafaelartacho.es\/wp-content\/uploads\/2023\/03\/r20220818_130524.jpg\" alt=\"\" class=\"wp-image-875\" srcset=\"https:\/\/rafaelartacho.es\/wp-content\/uploads\/2023\/03\/r20220818_130524.jpg 339w, https:\/\/rafaelartacho.es\/wp-content\/uploads\/2023\/03\/r20220818_130524-225x300.jpg 225w\" sizes=\"auto, (max-width: 339px) 85vw, 339px\" \/><figcaption class=\"wp-element-caption\">Paradero de Autobus<\/figcaption><\/figure>\n\n\n\n<figure class=\"wp-block-image size-large\"><img loading=\"lazy\" decoding=\"async\" width=\"240\" height=\"426\" data-id=\"874\" src=\"https:\/\/rafaelartacho.es\/wp-content\/uploads\/2023\/03\/r220180411_110824.jpg\" alt=\"\" class=\"wp-image-874\" srcset=\"https:\/\/rafaelartacho.es\/wp-content\/uploads\/2023\/03\/r220180411_110824.jpg 240w, https:\/\/rafaelartacho.es\/wp-content\/uploads\/2023\/03\/r220180411_110824-169x300.jpg 169w\" sizes=\"auto, (max-width: 240px) 85vw, 240px\" \/><figcaption class=\"wp-element-caption\">Combis en plena faena<\/figcaption><\/figure>\n<\/figure>\n\n\n\n<p>Otra cosa que me asombraba era c\u00f3mo controlaban que todos los pasajeros pagaran su billete y el importe correcto ya que \u00e9ste oscila seg\u00fan el trayecto que vayas a recorrer.<\/p>\n\n\n\n<p>Te subes al veh\u00edculo y si el <strong>\u00abfercho\u00bb<\/strong> tambi\u00e9n es cobrador a veces se paga al subir pero tambi\u00e9n he visto que pasan sin pagar, se sientan, preparan el importe y luego pagan o bien lo hacen al bajarse. Observaba con inter\u00e9s que el <strong>\u00abfercho\u00bb<\/strong>  ten\u00eda controlado en todo momento quien le hab\u00eda pagado y quien no y si notaba que alguien pretend\u00eda escabullirse de esa obligaci\u00f3n le conminaba con un vozarr\u00f3n y sin dejar de <strong>\u00abmanejar\u00bb<\/strong>, describiendo la ropa que llevaba para que efectuara el pago correspondiente. Me admiraba el control que el <strong>\u00abfercho\u00bb<\/strong> cobrador tiene sobre lo que cada pasajero deb\u00eda pagar y cuando se deb\u00eda bajar. Como dicen los peruanos \u00ab<strong>son muy moscas\u00bb<\/strong>, son<strong> \u00abtromes\u00bb<\/strong>.<\/p>\n\n\n\n<p>&nbsp;Con tantas distracciones y sobresaltos el trayecto se te hace cort\u00edsimo y la sensaci\u00f3n de alivio que sientes al bajarte es indescriptible. As\u00ed que amigo lector si le gustan las emociones fuertes un viajecito en una c\u00faster de Lima es la mejor forma de subir la adrenalina (y adem\u00e1s es barato, por dos soles o menos).<\/p>\n\n\n\n<p><strong>TOMAR UN TAXI<\/strong><\/p>\n\n\n\n<figure class=\"wp-block-image size-full is-resized\"><img loading=\"lazy\" decoding=\"async\" src=\"https:\/\/rafaelartacho.es\/wp-content\/uploads\/2023\/03\/Taxi-Lima-1.png\" alt=\"\" class=\"wp-image-880\" width=\"630\" height=\"354\" srcset=\"https:\/\/rafaelartacho.es\/wp-content\/uploads\/2023\/03\/Taxi-Lima-1.png 960w, https:\/\/rafaelartacho.es\/wp-content\/uploads\/2023\/03\/Taxi-Lima-1-300x169.png 300w, https:\/\/rafaelartacho.es\/wp-content\/uploads\/2023\/03\/Taxi-Lima-1-768x432.png 768w\" sizes=\"auto, (max-width: 709px) 85vw, (max-width: 909px) 67vw, (max-width: 984px) 61vw, (max-width: 1362px) 45vw, 600px\" \/><figcaption class=\"wp-element-caption\">Taxis de Lima<\/figcaption><\/figure>\n\n\n\n<p>Tomar un taxi es otra tarea curiosa. Cuando paras un taxi debes acordar el precio antes de subirte y como mi aspecto delataba que no era de all\u00ed, Violeta me alejaba de ella y hasta que no acordaba el precio no me ped\u00eda que me acercara para subirme con ella. Eso era porque a los turistas les cobran m\u00e1s que a los nacionales, como ocurre en todas partes, y as\u00ed pod\u00eda negociar mejor precio.<\/p>\n\n\n\n<p> Me llam\u00f3 mucho la atenci\u00f3n la cantidad de taxis que hay, al menos por el d\u00eda, y por las zonas que nos mov\u00edamos. Cada vez que par\u00e1bamos un taxi, paraban dos o m\u00e1s taxis detr\u00e1s y si no llegabas a un acuerdo con el primero te dirig\u00edas a negociar con el segundo y as\u00ed sucesivamente.  Seg\u00fan me han comentado adem\u00e1s de los taxis profesionales que se dedican en exclusiva a esta actividad, en Lima cualquiera puede salir con su coche y ejercer de taxista sin ning\u00fan otro requisito.<\/p>\n\n\n<div class=\"wp-block-image\">\n<figure class=\"aligncenter size-large\"><img loading=\"lazy\" decoding=\"async\" width=\"1024\" height=\"585\" src=\"https:\/\/rafaelartacho.es\/wp-content\/uploads\/2023\/03\/20180417_103902-2-1024x585.jpg\" alt=\"\" class=\"wp-image-903\" srcset=\"https:\/\/rafaelartacho.es\/wp-content\/uploads\/2023\/03\/20180417_103902-2-1024x585.jpg 1024w, https:\/\/rafaelartacho.es\/wp-content\/uploads\/2023\/03\/20180417_103902-2-300x172.jpg 300w, https:\/\/rafaelartacho.es\/wp-content\/uploads\/2023\/03\/20180417_103902-2-768x439.jpg 768w, https:\/\/rafaelartacho.es\/wp-content\/uploads\/2023\/03\/20180417_103902-2.jpg 1095w\" sizes=\"auto, (max-width: 709px) 85vw, (max-width: 909px) 67vw, (max-width: 1362px) 62vw, 840px\" \/><figcaption class=\"wp-element-caption\">Si vas s\u00f3lo y  tienes prisa, nada mejor que, para sortear el tr\u00e1fico, tomar un taxi moto<\/figcaption><\/figure>\n<\/div>\n\n\n<p>Son baratos al cambio si lo comparas con los taxis de Madrid o Barcelona pues una carrera te puede costar en soles lo que en Espa\u00f1a te cuesta en euros y el cambio aproximado es de 4 soles por un euro. Eso s\u00ed muchos son viejos y destartalados y durante el trayecto vas rezando que no le fallen los frenos o los reflejos del conductor en los m\u00faltiples quiebros que hace en cada cruce para pasar antes que el de al lado. La ventaja que tienes es que al ser un precio cerrado les interesa acabar cuanto antes la carrera y no darte paseos innecesarios para aumentar el importe. <\/p>\n\n\n\n<p>Siempre que se va a tomar un taxi, hay que  tener \u00ab<strong>sencillo<\/strong>\u00bb (dinero suelto) y si es posible el pago exacto. En la mayor\u00eda de los casos, los conductores no tienen para darte el <strong>\u00abvuelto<\/strong>\u00bb (cambio), sobre todo si se trata de billetes grandes.<\/p>\n\n\n\n<p><strong>EL HOTEL<\/strong><\/p>\n\n\n<div class=\"wp-block-image\">\n<figure class=\"aligncenter size-full\"><img loading=\"lazy\" decoding=\"async\" width=\"862\" height=\"449\" src=\"https:\/\/rafaelartacho.es\/wp-content\/uploads\/2023\/03\/hotel-2.png\" alt=\"\" class=\"wp-image-882\" srcset=\"https:\/\/rafaelartacho.es\/wp-content\/uploads\/2023\/03\/hotel-2.png 862w, https:\/\/rafaelartacho.es\/wp-content\/uploads\/2023\/03\/hotel-2-300x156.png 300w, https:\/\/rafaelartacho.es\/wp-content\/uploads\/2023\/03\/hotel-2-768x400.png 768w\" sizes=\"auto, (max-width: 709px) 85vw, (max-width: 909px) 67vw, (max-width: 1362px) 62vw, 840px\" \/><figcaption class=\"wp-element-caption\">Hotel Jiam en San Borja, donde nos alojamos.<\/figcaption><\/figure>\n<\/div>\n\n\n<p>Nos alojamos en un hotel del barrio de San Borja, un distrito residencial muy tranquilo y seguro, no muy alejado de San Isidro y Miraflores que son los distritos m\u00e1s tur\u00edsticos de Lima. Me <strong>choc\u00f3<\/strong> el precio por noche (100 soles, unos 25 euros) para una habitaci\u00f3n doble con desayuno incluido. No es un hotel de lujo pero la habitaci\u00f3n est\u00e1 limpia y los desayunos son abundantes con su jugo de papaya o pi\u00f1a, su caf\u00e9 o infusi\u00f3n, dos bollos de pan, mermelada, mantequilla y huevo frito o huevo revuelto.<\/p>\n\n\n\n<p>Eso s\u00ed, todos los d\u00edas te preguntaban si quer\u00edas que te arreglaran la habitaci\u00f3n. Si les dec\u00edas que no, se pon\u00edan m\u00e1s contentos. Optamos porque nos la arreglaran un d\u00eda s\u00ed y otro no.<\/p>\n\n\n\n<p><strong>FARMACIAS<\/strong><\/p>\n\n\n\n<figure class=\"wp-block-image size-full\"><img loading=\"lazy\" decoding=\"async\" width=\"950\" height=\"475\" src=\"https:\/\/rafaelartacho.es\/wp-content\/uploads\/2023\/03\/farmacia-lima.jpg\" alt=\"\" class=\"wp-image-1017\" srcset=\"https:\/\/rafaelartacho.es\/wp-content\/uploads\/2023\/03\/farmacia-lima.jpg 950w, https:\/\/rafaelartacho.es\/wp-content\/uploads\/2023\/03\/farmacia-lima-300x150.jpg 300w, https:\/\/rafaelartacho.es\/wp-content\/uploads\/2023\/03\/farmacia-lima-768x384.jpg 768w\" sizes=\"auto, (max-width: 709px) 85vw, (max-width: 909px) 67vw, (max-width: 1362px) 62vw, 840px\" \/><figcaption class=\"wp-element-caption\">Farmacias a tutipl\u00e9n<\/figcaption><\/figure>\n\n\n\n<p>Me llam\u00f3 la atenci\u00f3n la cantidad de farmacias que hay en las calles. En muchos casos pod\u00edas encontrar hasta tres seguidas en locales adjuntos. Adem\u00e1s de medicamentos en algunas puedes recargar el m\u00f3vil y se pueden hacer tr\u00e1mites bancarios. En Lima no se acostumbra a domiciliar en el banco los recibos de la luz, agua, gas etc. y se pueden pagar en las farmacias.<\/p>\n\n\n\n<p>Otra cosa que me sorprendi\u00f3 es que los medicamentos se pueden comprar por unidad de pastillas. Nosotros compramos Omeprazol a 1,40 soles cada pastilla y Apronax (Naproxeno) a 1,46 soles cada pastilla. Me record\u00f3 cuando en Espa\u00f1a se pod\u00edan comprar cigarrillos sueltos.<\/p>\n\n\n\n<p><strong>CENTRO HISTORICO DE LIMA<\/strong><\/p>\n\n\n\n<figure class=\"wp-block-image size-large\"><img loading=\"lazy\" decoding=\"async\" width=\"1024\" height=\"768\" src=\"https:\/\/rafaelartacho.es\/wp-content\/uploads\/2023\/03\/20180404_114116-1024x768.jpg\" alt=\"\" class=\"wp-image-888\" srcset=\"https:\/\/rafaelartacho.es\/wp-content\/uploads\/2023\/03\/20180404_114116-1024x768.jpg 1024w, https:\/\/rafaelartacho.es\/wp-content\/uploads\/2023\/03\/20180404_114116-300x225.jpg 300w, https:\/\/rafaelartacho.es\/wp-content\/uploads\/2023\/03\/20180404_114116-768x576.jpg 768w, https:\/\/rafaelartacho.es\/wp-content\/uploads\/2023\/03\/20180404_114116-1200x900.jpg 1200w, https:\/\/rafaelartacho.es\/wp-content\/uploads\/2023\/03\/20180404_114116.jpg 1280w\" sizes=\"auto, (max-width: 709px) 85vw, (max-width: 909px) 67vw, (max-width: 1362px) 62vw, 840px\" \/><figcaption class=\"wp-element-caption\">Preciosa balconada del Palacio de la Municipalidad<\/figcaption><\/figure>\n\n\n\n<p>Lima es una ciudad emblem\u00e1tica y majestuosa, que fue capital del virreinato espa\u00f1ol, lo que la convirti\u00f3 en una verdadera metr\u00f3poli latinoamericana desde hace m\u00e1s de 400 a\u00f1os. Hay infinidad de monumentos y atractivos tur\u00edsticos y me voy a referir s\u00f3lo a los que visit\u00e9.<\/p>\n\n\n\n<figure class=\"wp-block-gallery has-nested-images columns-default is-cropped wp-block-gallery-2 is-layout-flex wp-block-gallery-is-layout-flex\">\n<figure class=\"wp-block-image size-large\"><img loading=\"lazy\" decoding=\"async\" width=\"768\" height=\"1024\" data-id=\"891\" src=\"https:\/\/rafaelartacho.es\/wp-content\/uploads\/2023\/03\/20180404_113933-2-768x1024.jpg\" alt=\"\" class=\"wp-image-891\" srcset=\"https:\/\/rafaelartacho.es\/wp-content\/uploads\/2023\/03\/20180404_113933-2-768x1023.jpg 768w, https:\/\/rafaelartacho.es\/wp-content\/uploads\/2023\/03\/20180404_113933-2-225x300.jpg 225w, https:\/\/rafaelartacho.es\/wp-content\/uploads\/2023\/03\/20180404_113933-2.jpg 884w\" sizes=\"auto, (max-width: 709px) 85vw, (max-width: 909px) 67vw, (max-width: 984px) 61vw, (max-width: 1362px) 45vw, 600px\" \/><figcaption class=\"wp-element-caption\">Puerta principal de la Catedral<\/figcaption><\/figure>\n\n\n\n<figure class=\"wp-block-image size-full\"><img loading=\"lazy\" decoding=\"async\" width=\"384\" height=\"512\" data-id=\"999\" src=\"https:\/\/rafaelartacho.es\/wp-content\/uploads\/2023\/03\/20180404_113455.jpg\" alt=\"\" class=\"wp-image-999\" srcset=\"https:\/\/rafaelartacho.es\/wp-content\/uploads\/2023\/03\/20180404_113455.jpg 384w, https:\/\/rafaelartacho.es\/wp-content\/uploads\/2023\/03\/20180404_113455-225x300.jpg 225w\" sizes=\"auto, (max-width: 384px) 85vw, 384px\" \/><figcaption class=\"wp-element-caption\">Al fondo Altar Mayor de la Catedral<\/figcaption><\/figure>\n\n\n\n<figure class=\"wp-block-image size-large\"><img loading=\"lazy\" decoding=\"async\" width=\"768\" height=\"1024\" data-id=\"890\" src=\"https:\/\/rafaelartacho.es\/wp-content\/uploads\/2023\/03\/20180404_Tumba-de-Pizarro-768x1024.jpg\" alt=\"\" class=\"wp-image-890\" srcset=\"https:\/\/rafaelartacho.es\/wp-content\/uploads\/2023\/03\/20180404_Tumba-de-Pizarro-768x1024.jpg 768w, https:\/\/rafaelartacho.es\/wp-content\/uploads\/2023\/03\/20180404_Tumba-de-Pizarro-225x300.jpg 225w, https:\/\/rafaelartacho.es\/wp-content\/uploads\/2023\/03\/20180404_Tumba-de-Pizarro-1152x1536.jpg 1152w, https:\/\/rafaelartacho.es\/wp-content\/uploads\/2023\/03\/20180404_Tumba-de-Pizarro-1536x2048.jpg 1536w, https:\/\/rafaelartacho.es\/wp-content\/uploads\/2023\/03\/20180404_Tumba-de-Pizarro-1200x1600.jpg 1200w, https:\/\/rafaelartacho.es\/wp-content\/uploads\/2023\/03\/20180404_Tumba-de-Pizarro-rotated.jpg 1920w\" sizes=\"auto, (max-width: 709px) 85vw, (max-width: 909px) 67vw, (max-width: 984px) 61vw, (max-width: 1362px) 45vw, 600px\" \/><figcaption class=\"wp-element-caption\">Detr\u00e1s de m\u00ed la tumba de Pizarro<\/figcaption><\/figure>\n\n\n\n<figure class=\"wp-block-image size-large\"><img loading=\"lazy\" decoding=\"async\" width=\"1024\" height=\"626\" data-id=\"892\" src=\"https:\/\/rafaelartacho.es\/wp-content\/uploads\/2023\/03\/20180404_120722-2-1024x626.jpg\" alt=\"\" class=\"wp-image-892\" srcset=\"https:\/\/rafaelartacho.es\/wp-content\/uploads\/2023\/03\/20180404_120722-2-1024x626.jpg 1024w, https:\/\/rafaelartacho.es\/wp-content\/uploads\/2023\/03\/20180404_120722-2-300x183.jpg 300w, https:\/\/rafaelartacho.es\/wp-content\/uploads\/2023\/03\/20180404_120722-2-768x469.jpg 768w, https:\/\/rafaelartacho.es\/wp-content\/uploads\/2023\/03\/20180404_120722-2.jpg 1150w\" sizes=\"auto, (max-width: 709px) 85vw, (max-width: 909px) 67vw, (max-width: 1362px) 62vw, 840px\" \/><figcaption class=\"wp-element-caption\">Cambio de Guardia en el Palacio de Gobierno<\/figcaption><\/figure>\n<\/figure>\n\n\n\n<p>Visit\u00e9 su grandiosa Plaza de Armas (Plaza Mayor) que es el sitio donde se fund\u00f3 la ciudad, en la que se encuentra la Catedral, el Palacio de Gobierno, residencia del Presidente de la Rep\u00fablica, el Palacio Arzobispal y el Palacio de la Municipalidad (Ayuntamiento). En la Catedral se encuentra la tumba de Francisco Pizarro el fundador de la Ciudad de Lima.<\/p>\n\n\n\n<figure class=\"wp-block-image size-large\"><img loading=\"lazy\" decoding=\"async\" width=\"1024\" height=\"768\" src=\"https:\/\/rafaelartacho.es\/wp-content\/uploads\/2023\/03\/20180404_133302-1024x768.jpg\" alt=\"\" class=\"wp-image-896\" srcset=\"https:\/\/rafaelartacho.es\/wp-content\/uploads\/2023\/03\/20180404_133302-1024x768.jpg 1024w, https:\/\/rafaelartacho.es\/wp-content\/uploads\/2023\/03\/20180404_133302-300x225.jpg 300w, https:\/\/rafaelartacho.es\/wp-content\/uploads\/2023\/03\/20180404_133302-768x576.jpg 768w, https:\/\/rafaelartacho.es\/wp-content\/uploads\/2023\/03\/20180404_133302-1200x900.jpg 1200w, https:\/\/rafaelartacho.es\/wp-content\/uploads\/2023\/03\/20180404_133302.jpg 1280w\" sizes=\"auto, (max-width: 709px) 85vw, (max-width: 909px) 67vw, (max-width: 1362px) 62vw, 840px\" \/><figcaption class=\"wp-element-caption\">Detr\u00e1s de Violeta el Palacio de Justicia<\/figcaption><\/figure>\n\n\n\n<p>Visit\u00e9 el Paseo de los H\u00e9roes Navales flanqueado por imponentes edificios como el Hotel Sheraton, el edificio Rimac, el Museo de Arte Italiano y la Torre del Centro C\u00edvico. En un lateral se encuentra el Palacio de Justicia, edificio flanqueado por dos leones de m\u00e1rmol que recuerdan al Congreso de los Diputados de Madrid.<\/p>\n\n\n\n<figure class=\"wp-block-gallery has-nested-images columns-default is-cropped wp-block-gallery-3 is-layout-flex wp-block-gallery-is-layout-flex\">\n<figure class=\"wp-block-image size-full\"><img loading=\"lazy\" decoding=\"async\" width=\"384\" height=\"512\" data-id=\"1000\" src=\"https:\/\/rafaelartacho.es\/wp-content\/uploads\/2023\/03\/20180404_132941.jpg\" alt=\"\" class=\"wp-image-1000\" srcset=\"https:\/\/rafaelartacho.es\/wp-content\/uploads\/2023\/03\/20180404_132941.jpg 384w, https:\/\/rafaelartacho.es\/wp-content\/uploads\/2023\/03\/20180404_132941-225x300.jpg 225w\" sizes=\"auto, (max-width: 384px) 85vw, 384px\" \/><figcaption class=\"wp-element-caption\">Monumento al trabajo<\/figcaption><\/figure>\n\n\n\n<figure class=\"wp-block-image size-large\"><img loading=\"lazy\" decoding=\"async\" width=\"1024\" height=\"768\" data-id=\"871\" src=\"https:\/\/rafaelartacho.es\/wp-content\/uploads\/2023\/03\/20180404_132833-1024x768.jpg\" alt=\"\" class=\"wp-image-871\" srcset=\"https:\/\/rafaelartacho.es\/wp-content\/uploads\/2023\/03\/20180404_132833-1024x768.jpg 1024w, https:\/\/rafaelartacho.es\/wp-content\/uploads\/2023\/03\/20180404_132833-300x225.jpg 300w, https:\/\/rafaelartacho.es\/wp-content\/uploads\/2023\/03\/20180404_132833-768x576.jpg 768w, https:\/\/rafaelartacho.es\/wp-content\/uploads\/2023\/03\/20180404_132833-1536x1152.jpg 1536w, https:\/\/rafaelartacho.es\/wp-content\/uploads\/2023\/03\/20180404_132833-2048x1536.jpg 2048w, https:\/\/rafaelartacho.es\/wp-content\/uploads\/2023\/03\/20180404_132833-1200x900.jpg 1200w\" sizes=\"auto, (max-width: 709px) 85vw, (max-width: 909px) 67vw, (max-width: 1362px) 62vw, 840px\" \/><figcaption class=\"wp-element-caption\">Monumento a las Llamas<\/figcaption><\/figure>\n<\/figure>\n\n\n\n<figure class=\"wp-block-gallery has-nested-images columns-default is-cropped wp-block-gallery-4 is-layout-flex wp-block-gallery-is-layout-flex\">\n<figure class=\"wp-block-image size-large\"><img loading=\"lazy\" decoding=\"async\" width=\"768\" height=\"1024\" data-id=\"894\" src=\"https:\/\/rafaelartacho.es\/wp-content\/uploads\/2023\/03\/20180404_133434-768x1024.jpg\" alt=\"\" class=\"wp-image-894\" srcset=\"https:\/\/rafaelartacho.es\/wp-content\/uploads\/2023\/03\/20180404_133434-768x1024.jpg 768w, https:\/\/rafaelartacho.es\/wp-content\/uploads\/2023\/03\/20180404_133434-225x300.jpg 225w, https:\/\/rafaelartacho.es\/wp-content\/uploads\/2023\/03\/20180404_133434.jpg 960w\" sizes=\"auto, (max-width: 709px) 85vw, (max-width: 909px) 67vw, (max-width: 984px) 61vw, (max-width: 1362px) 45vw, 600px\" \/><figcaption class=\"wp-element-caption\">El c\u00f3ndor, s\u00edmbolo de Per\u00fa<\/figcaption><\/figure>\n\n\n\n<figure class=\"wp-block-image size-large\"><img loading=\"lazy\" decoding=\"async\" width=\"768\" height=\"1024\" data-id=\"895\" src=\"https:\/\/rafaelartacho.es\/wp-content\/uploads\/2023\/03\/20180404_131934-768x1024.jpg\" alt=\"\" class=\"wp-image-895\" srcset=\"https:\/\/rafaelartacho.es\/wp-content\/uploads\/2023\/03\/20180404_131934-768x1024.jpg 768w, https:\/\/rafaelartacho.es\/wp-content\/uploads\/2023\/03\/20180404_131934-225x300.jpg 225w, https:\/\/rafaelartacho.es\/wp-content\/uploads\/2023\/03\/20180404_131934.jpg 960w\" sizes=\"auto, (max-width: 709px) 85vw, (max-width: 909px) 67vw, (max-width: 984px) 61vw, (max-width: 1362px) 45vw, 600px\" \/><figcaption class=\"wp-element-caption\">Palacio de Justicia<\/figcaption><\/figure>\n<\/figure>\n\n\n\n<p>A lo largo del paseo se encuentran doce bustos de h\u00e9roes navales peruanos que lucharon en la Guerra del Pac\u00edfico contra Chile a finales del siglo XIX. Tambi\u00e9n se encuentran &nbsp;dos imponentes conjuntos arquitect\u00f3nicos en bronce referidos a las llamas y al trabajo y una estatua del c\u00f3ndor, ave sagrada y s\u00edmbolo del Per\u00fa.<\/p>\n\n\n\n<figure class=\"wp-block-gallery has-nested-images columns-default is-cropped wp-block-gallery-5 is-layout-flex wp-block-gallery-is-layout-flex\">\n<figure class=\"wp-block-image size-large\"><img loading=\"lazy\" decoding=\"async\" width=\"576\" height=\"1024\" data-id=\"1019\" src=\"https:\/\/rafaelartacho.es\/wp-content\/uploads\/2023\/03\/20180411_201345-576x1024.jpg\" alt=\"\" class=\"wp-image-1019\" srcset=\"https:\/\/rafaelartacho.es\/wp-content\/uploads\/2023\/03\/20180411_201345-576x1024.jpg 576w, https:\/\/rafaelartacho.es\/wp-content\/uploads\/2023\/03\/20180411_201345-169x300.jpg 169w, https:\/\/rafaelartacho.es\/wp-content\/uploads\/2023\/03\/20180411_201345.jpg 598w\" sizes=\"auto, (max-width: 576px) 85vw, 576px\" \/><\/figure>\n\n\n\n<figure class=\"wp-block-image size-large\"><img loading=\"lazy\" decoding=\"async\" width=\"576\" height=\"1024\" data-id=\"1020\" src=\"https:\/\/rafaelartacho.es\/wp-content\/uploads\/2023\/03\/20180411_200842-576x1024.jpg\" alt=\"\" class=\"wp-image-1020\" srcset=\"https:\/\/rafaelartacho.es\/wp-content\/uploads\/2023\/03\/20180411_200842-576x1024.jpg 576w, https:\/\/rafaelartacho.es\/wp-content\/uploads\/2023\/03\/20180411_200842-169x300.jpg 169w, https:\/\/rafaelartacho.es\/wp-content\/uploads\/2023\/03\/20180411_200842.jpg 598w\" sizes=\"auto, (max-width: 576px) 85vw, 576px\" \/><\/figure>\n<\/figure>\n\n\n\n<p>Visitamos el Convento de San Francisco y sus Catacumbas, un edificio impresionante de 1546 que fue Convento Franciscano y que hoy es uno de los Museos m\u00e1s visitados de Lima. &nbsp;Adem\u00e1s de cuadros como la Ultima Cena que sorprende por su originalidad, se pueden ver obras de arte, artesonados, claustros adornados con azulejos, libros antiguos y una gran iglesia que guarda debajo misteriosas criptas, conocidas popularmente como \u201ccatacumbas\u201d. En ellas enterraban a todos los cofrades que mor\u00edan en el convento hasta principios del siglo XIX y se pueden ver cientos (quiz\u00e1 miles) de huesos y calaveras que est\u00e1n apilados en los laterales de los pasillos por los que discurre la visita guiada. Realmente estremecedor.<\/p>\n\n\n\n<figure class=\"wp-block-image size-full\"><img loading=\"lazy\" decoding=\"async\" width=\"500\" height=\"375\" src=\"https:\/\/rafaelartacho.es\/wp-content\/uploads\/2023\/03\/huesos-Catacumbas-de-San-Francisco.jpg\" alt=\"\" class=\"wp-image-1021\" srcset=\"https:\/\/rafaelartacho.es\/wp-content\/uploads\/2023\/03\/huesos-Catacumbas-de-San-Francisco.jpg 500w, https:\/\/rafaelartacho.es\/wp-content\/uploads\/2023\/03\/huesos-Catacumbas-de-San-Francisco-300x225.jpg 300w\" sizes=\"auto, (max-width: 500px) 85vw, 500px\" \/><figcaption class=\"wp-element-caption\">Huesos y calaveras en las catacumbas<\/figcaption><\/figure>\n\n\n\n<p>Visitamos el Museo Metropolitano de Lima que est\u00e1 al lado del mayor parque de la ciudad, el Parque de la Exposici\u00f3n. Es un museo interactivo con recursos multimedia y me result\u00f3 muy excitante la simulaci\u00f3n de un terremoto que en Per\u00fa es un fen\u00f3meno que ocurre con cierta frecuencia. Sentirlo aunque fuera sentado en una butaca de cine impresiona.<\/p>\n\n\n\n<p>Me explicaron que en Per\u00fa se ense\u00f1a en las escuelas como actuar en caso de sismo y en los edificios p\u00fablicos est\u00e1n se\u00f1alizadas las columnas bajo las que te puedes resguardar en su caso.<\/p>\n\n\n\n<p><strong>MIRAFLORES Y BARRANCO<\/strong><\/p>\n\n\n\n<figure class=\"wp-block-image size-large\"><img loading=\"lazy\" decoding=\"async\" width=\"1024\" height=\"576\" src=\"https:\/\/rafaelartacho.es\/wp-content\/uploads\/2023\/03\/IMG-20180409-WA0028-1024x576.jpg\" alt=\"\" class=\"wp-image-927\" srcset=\"https:\/\/rafaelartacho.es\/wp-content\/uploads\/2023\/03\/IMG-20180409-WA0028-1024x576.jpg 1024w, https:\/\/rafaelartacho.es\/wp-content\/uploads\/2023\/03\/IMG-20180409-WA0028-300x169.jpg 300w, https:\/\/rafaelartacho.es\/wp-content\/uploads\/2023\/03\/IMG-20180409-WA0028-768x432.jpg 768w, https:\/\/rafaelartacho.es\/wp-content\/uploads\/2023\/03\/IMG-20180409-WA0028-1536x864.jpg 1536w, https:\/\/rafaelartacho.es\/wp-content\/uploads\/2023\/03\/IMG-20180409-WA0028-1200x675.jpg 1200w, https:\/\/rafaelartacho.es\/wp-content\/uploads\/2023\/03\/IMG-20180409-WA0028.jpg 1600w\" sizes=\"auto, (max-width: 709px) 85vw, (max-width: 909px) 67vw, (max-width: 1362px) 62vw, 840px\" \/><figcaption class=\"wp-element-caption\">Anochecer en Larcomar, <\/figcaption><\/figure>\n\n\n\n<p>Visit\u00e9 el barrio de Miraflores donde se encuentra Larcomar un centro comercial moderno que mira al mar y que no tiene nada que envidiar a los centros comerciales europeos. Dispone de cine, teatro, discotecas, restaurantes de todo tipo &nbsp;y diferentes tiendas de joyas y ropa.<\/p>\n\n\n\n<p>Desde all\u00ed se puede pasear contemplando el Oceano Pac\u00edfico y sus acantilados hasta el Parque del Amor, un parque bien cuidado &nbsp;donde se encuentra la famosa estatua del Beso. El parque tiene tambi\u00e9n en su interior diferentes mosaicos con palabras y frases amorosas. Tambi\u00e9n hay una reja llena de candados puestos por muchas parejas como s\u00edmbolo de su amor.<\/p>\n\n\n\n<figure class=\"wp-block-gallery has-nested-images columns-default is-cropped wp-block-gallery-6 is-layout-flex wp-block-gallery-is-layout-flex\">\n<figure class=\"wp-block-image size-large\"><img loading=\"lazy\" decoding=\"async\" width=\"576\" height=\"1024\" data-id=\"928\" src=\"https:\/\/rafaelartacho.es\/wp-content\/uploads\/2023\/03\/IMG-20180409-WA0017-576x1024.jpg\" alt=\"\" class=\"wp-image-928\" srcset=\"https:\/\/rafaelartacho.es\/wp-content\/uploads\/2023\/03\/IMG-20180409-WA0017-576x1024.jpg 576w, https:\/\/rafaelartacho.es\/wp-content\/uploads\/2023\/03\/IMG-20180409-WA0017-169x300.jpg 169w, https:\/\/rafaelartacho.es\/wp-content\/uploads\/2023\/03\/IMG-20180409-WA0017-768x1365.jpg 768w, https:\/\/rafaelartacho.es\/wp-content\/uploads\/2023\/03\/IMG-20180409-WA0017-864x1536.jpg 864w, https:\/\/rafaelartacho.es\/wp-content\/uploads\/2023\/03\/IMG-20180409-WA0017.jpg 900w\" sizes=\"auto, (max-width: 576px) 85vw, 576px\" \/><figcaption class=\"wp-element-caption\">Mirador de Larcomar<\/figcaption><\/figure>\n\n\n\n<figure class=\"wp-block-image size-large\"><img loading=\"lazy\" decoding=\"async\" width=\"576\" height=\"1024\" data-id=\"929\" src=\"https:\/\/rafaelartacho.es\/wp-content\/uploads\/2023\/03\/20180414_171240-576x1024.jpg\" alt=\"\" class=\"wp-image-929\" srcset=\"https:\/\/rafaelartacho.es\/wp-content\/uploads\/2023\/03\/20180414_171240-576x1024.jpg 576w, https:\/\/rafaelartacho.es\/wp-content\/uploads\/2023\/03\/20180414_171240-169x300.jpg 169w, https:\/\/rafaelartacho.es\/wp-content\/uploads\/2023\/03\/20180414_171240.jpg 718w\" sizes=\"auto, (max-width: 576px) 85vw, 576px\" \/><figcaption class=\"wp-element-caption\">Parque del Amor. Sobre m\u00ed la estatua del Beso<\/figcaption><\/figure>\n<\/figure>\n\n\n\n<figure class=\"wp-block-image size-large\"><img loading=\"lazy\" decoding=\"async\" width=\"1024\" height=\"576\" src=\"https:\/\/rafaelartacho.es\/wp-content\/uploads\/2023\/03\/20180414_171346-1024x576.jpg\" alt=\"\" class=\"wp-image-930\" srcset=\"https:\/\/rafaelartacho.es\/wp-content\/uploads\/2023\/03\/20180414_171346-1024x576.jpg 1024w, https:\/\/rafaelartacho.es\/wp-content\/uploads\/2023\/03\/20180414_171346-300x169.jpg 300w, https:\/\/rafaelartacho.es\/wp-content\/uploads\/2023\/03\/20180414_171346-768x432.jpg 768w, https:\/\/rafaelartacho.es\/wp-content\/uploads\/2023\/03\/20180414_171346.jpg 1063w\" sizes=\"auto, (max-width: 709px) 85vw, (max-width: 909px) 67vw, (max-width: 1362px) 62vw, 840px\" \/><figcaption class=\"wp-element-caption\">La estatua del beso en el Parque del Amor<\/figcaption><\/figure>\n\n\n\n<p>Otro d\u00eda visit\u00e9 Barranco, el barrio bohemio de los artistas. Pasear por sus calles se asemeja a pasear por un museo pues sus paredes est\u00e1n cubiertas por pinturas murales y en sus jardines se pueden contemplar obras de arte. &nbsp;<\/p>\n\n\n\n<figure class=\"wp-block-gallery has-nested-images columns-default is-cropped wp-block-gallery-7 is-layout-flex wp-block-gallery-is-layout-flex\">\n<figure class=\"wp-block-image size-large\"><img loading=\"lazy\" decoding=\"async\" width=\"638\" height=\"359\" data-id=\"933\" src=\"https:\/\/rafaelartacho.es\/wp-content\/uploads\/2023\/03\/20180414_133309-EFFECTS-ha-editado.jpg\" alt=\"\" class=\"wp-image-933\" srcset=\"https:\/\/rafaelartacho.es\/wp-content\/uploads\/2023\/03\/20180414_133309-EFFECTS-ha-editado.jpg 638w, https:\/\/rafaelartacho.es\/wp-content\/uploads\/2023\/03\/20180414_133309-EFFECTS-ha-editado-300x169.jpg 300w\" sizes=\"auto, (max-width: 709px) 85vw, (max-width: 909px) 67vw, (max-width: 984px) 61vw, (max-width: 1362px) 45vw, 600px\" \/><figcaption class=\"wp-element-caption\">En Barranco el arte est\u00e1 en cualquier sitio<\/figcaption><\/figure>\n\n\n\n<figure class=\"wp-block-image size-large\"><img loading=\"lazy\" decoding=\"async\" width=\"851\" height=\"479\" data-id=\"932\" src=\"https:\/\/rafaelartacho.es\/wp-content\/uploads\/2023\/03\/20180414_132808.jpg\" alt=\"\" class=\"wp-image-932\" srcset=\"https:\/\/rafaelartacho.es\/wp-content\/uploads\/2023\/03\/20180414_132808.jpg 851w, https:\/\/rafaelartacho.es\/wp-content\/uploads\/2023\/03\/20180414_132808-300x169.jpg 300w, https:\/\/rafaelartacho.es\/wp-content\/uploads\/2023\/03\/20180414_132808-768x432.jpg 768w\" sizes=\"auto, (max-width: 709px) 85vw, (max-width: 909px) 67vw, (max-width: 1362px) 62vw, 840px\" \/><\/figure>\n<\/figure>\n\n\n\n<p>En Barranco est\u00e1 el Puente de los Suspiros, que sirvi\u00f3 de inspiraci\u00f3n a Chabuca Granda para componer la canci\u00f3n del mismo nombre. Este Puente de 33 metros de largo y 8 m de alto ha sido testigo de muchas declaraciones de amor y peticiones de matrimonio y dice la tradici\u00f3n que hay que pedir un deseo y &nbsp;cruzarlo sin respirar si quieres que se cumpla.<\/p>\n\n\n\n<figure class=\"wp-block-gallery has-nested-images columns-default is-cropped wp-block-gallery-8 is-layout-flex wp-block-gallery-is-layout-flex\">\n<figure class=\"wp-block-image size-large\"><img loading=\"lazy\" decoding=\"async\" width=\"577\" height=\"1024\" data-id=\"935\" src=\"https:\/\/rafaelartacho.es\/wp-content\/uploads\/2023\/03\/20180414_130830-577x1024.jpg\" alt=\"\" class=\"wp-image-935\" srcset=\"https:\/\/rafaelartacho.es\/wp-content\/uploads\/2023\/03\/20180414_130830-577x1024.jpg 577w, https:\/\/rafaelartacho.es\/wp-content\/uploads\/2023\/03\/20180414_130830-169x300.jpg 169w, https:\/\/rafaelartacho.es\/wp-content\/uploads\/2023\/03\/20180414_130830.jpg 718w\" sizes=\"auto, (max-width: 577px) 85vw, 577px\" \/><figcaption class=\"wp-element-caption\">En el puente de los suspiros de Barranco<\/figcaption><\/figure>\n\n\n\n<figure class=\"wp-block-image size-large\"><img loading=\"lazy\" decoding=\"async\" width=\"576\" height=\"1024\" data-id=\"1005\" src=\"https:\/\/rafaelartacho.es\/wp-content\/uploads\/2023\/03\/20180414_130747-576x1024.jpg\" alt=\"\" class=\"wp-image-1005\" srcset=\"https:\/\/rafaelartacho.es\/wp-content\/uploads\/2023\/03\/20180414_130747-576x1024.jpg 576w, https:\/\/rafaelartacho.es\/wp-content\/uploads\/2023\/03\/20180414_130747-169x300.jpg 169w, https:\/\/rafaelartacho.es\/wp-content\/uploads\/2023\/03\/20180414_130747.jpg 598w\" sizes=\"auto, (max-width: 576px) 85vw, 576px\" \/><\/figure>\n<\/figure>\n\n\n\n<p>Cerca del Puente se encuentran el monumento a Chabuca Granda, compositora y cantante de la que los peruanos se sienten muy orgullosos por haber llevado la m\u00fasica criolla por todo el mundo. La Flor de la Canela y Fina Estampa son las canciones m\u00e1s conocidas en Espa\u00f1a. Tambi\u00e9n compuso una canci\u00f3n en honor de Jos\u00e9 Antonio Delavalle y Garc\u00eda, un ingeniero que salv\u00f3 de la extinci\u00f3n al caballo de paso peruano a principios del siglo XX y hay una estatua de \u00e9l a caballo junto a la de la artista.<\/p>\n\n\n\n<figure class=\"wp-block-image size-full\"><img loading=\"lazy\" decoding=\"async\" width=\"797\" height=\"449\" src=\"https:\/\/rafaelartacho.es\/wp-content\/uploads\/2023\/03\/20180414_131147.jpg\" alt=\"\" class=\"wp-image-957\" srcset=\"https:\/\/rafaelartacho.es\/wp-content\/uploads\/2023\/03\/20180414_131147.jpg 797w, https:\/\/rafaelartacho.es\/wp-content\/uploads\/2023\/03\/20180414_131147-300x169.jpg 300w, https:\/\/rafaelartacho.es\/wp-content\/uploads\/2023\/03\/20180414_131147-768x433.jpg 768w\" sizes=\"auto, (max-width: 709px) 85vw, (max-width: 909px) 67vw, (max-width: 984px) 61vw, (max-width: 1362px) 45vw, 600px\" \/><figcaption class=\"wp-element-caption\">Monumento a Chabuca Granda y Jos\u00e9 Antonio Delavalle<\/figcaption><\/figure>\n\n\n\n<p>Comimos en Isolina, una taberna famosa de la que dicen que hace el mejor cebiche de Lima. Lo prob\u00e9, estaba rico pero no sabr\u00eda decir si es el mejor.<\/p>\n\n\n\n<p><strong>EL PARQUE DE LAS AGUAS<\/strong><\/p>\n\n\n\n<p>Me encant\u00f3 el Circuito M\u00e1gico del Agua, espect\u00e1culo fabuloso que cada noche se celebra en el Parque de las Aguas. Son 13 fuentes ornamentales, cibern\u00e9ticas e interactivas en las que el agua, la m\u00fasica, la luz, las im\u00e1genes y los efectos l\u00e1ser se mezclan para ofrecer una visi\u00f3n \u00fanica. Crear una pantalla de cine con gotas de agua me impresion\u00f3. Pero mejor que palabras es ver este video que pretende ser una muestra m\u00ednima del espect\u00e1culo que presenci\u00e9.<\/p>\n\n\n\n<figure class=\"wp-block-embed is-type-video is-provider-youtube wp-block-embed-youtube wp-embed-aspect-16-9 wp-has-aspect-ratio\"><div class=\"wp-block-embed__wrapper\">\n<iframe loading=\"lazy\" title=\"CIRCUITO MAGICO DEL AGUA (LIMA, PERU)\" width=\"840\" height=\"473\" src=\"https:\/\/www.youtube.com\/embed\/HNB57LO2bZI?feature=oembed\" frameborder=\"0\" allow=\"accelerometer; autoplay; clipboard-write; encrypted-media; gyroscope; picture-in-picture; web-share\" allowfullscreen><\/iframe>\n<\/div><\/figure>\n\n\n\n<p><strong>CUSCO Y MACHUPICHU<\/strong><\/p>\n\n\n\n<p>Para esta parte del viaje contratamos un tour organizado con una agencia pues Violeta no lo conoc\u00eda y nos sent\u00edamos m\u00e1s seguros as\u00ed. Familiares y amigos nos hab\u00edan advertido sobre el soroche (mal de altura) que puede provocar malestar general, nauseas, v\u00f3mitos etc. Cusco est\u00e1 a 3400 m. de altura y para adaptarte a esa altura es necesario seguir unas pautas que minimicen sus efectos, tales como tomar mate de coca, comer ligero y no hacer grandes esfuerzos hasta no estar aclimatado.<\/p>\n\n\n\n<figure class=\"wp-block-image size-large\"><img loading=\"lazy\" decoding=\"async\" width=\"1024\" height=\"576\" src=\"https:\/\/rafaelartacho.es\/wp-content\/uploads\/2023\/03\/20180419_150411-1024x576.jpg\" alt=\"\" class=\"wp-image-966\" srcset=\"https:\/\/rafaelartacho.es\/wp-content\/uploads\/2023\/03\/20180419_150411-1024x576.jpg 1024w, https:\/\/rafaelartacho.es\/wp-content\/uploads\/2023\/03\/20180419_150411-300x169.jpg 300w, https:\/\/rafaelartacho.es\/wp-content\/uploads\/2023\/03\/20180419_150411-768x432.jpg 768w, https:\/\/rafaelartacho.es\/wp-content\/uploads\/2023\/03\/20180419_150411.jpg 1063w\" sizes=\"auto, (max-width: 709px) 85vw, (max-width: 909px) 67vw, (max-width: 1362px) 62vw, 840px\" \/><figcaption class=\"wp-element-caption\">VISTA PANORAMICA DE CUSCO<\/figcaption><\/figure>\n\n\n\n<p>Volamos a Cusco, ciudad de los Andes peruanos que fue capital del imperio inca, &nbsp;en un vuelo de aproximadamente 1 hora. Tras desembarcar, cuando \u00edbamos caminando por los largos pasillos del Aeropuerto Alejandro Velasco encuentro al entrar a un amplio hall un objeto que me pareci\u00f3 un cenicero de pie con el recept\u00e1culo de la ceniza lleno de hojas verdes. Observ\u00e9 c\u00f3mo los pasajeros que me preced\u00edan tomaban esas hojas y se las llevaban a la boca. Eran hojas de coca que se utilizan para combatir el <strong>soroche<\/strong>&nbsp; y como a m\u00ed me educaron con la m\u00e1xima \u201call\u00ed donde fueres haz lo que vieres\u201d, ni corto ni perezoso tom\u00e9 unas cuantas hojas de coca me las introduje en la boca y me puse a masticarlas como si fueran chicle. Las hojas se hicieron \u201cmijitas\u201d y aquello sab\u00eda a rayos pero mi temor al soroche me aconsej\u00f3 no escupirlas. Deb\u00ed trag\u00e1rmelo todo porque al poco tiempo en mi boca no hab\u00eda rastro de las hojas. Luego me explicaron que no hay que masticarlas sino chuparlas hasta que se hagan una bola y escupirlas despu\u00e9s. Me enter\u00e9 tarde.<\/p>\n\n\n\n<figure class=\"wp-block-image size-large\"><img loading=\"lazy\" decoding=\"async\" width=\"1024\" height=\"683\" src=\"https:\/\/rafaelartacho.es\/wp-content\/uploads\/2023\/03\/hojas-de-coca-1024x683.jpg\" alt=\"\" class=\"wp-image-1006\" srcset=\"https:\/\/rafaelartacho.es\/wp-content\/uploads\/2023\/03\/hojas-de-coca-1024x683.jpg 1024w, https:\/\/rafaelartacho.es\/wp-content\/uploads\/2023\/03\/hojas-de-coca-300x200.jpg 300w, https:\/\/rafaelartacho.es\/wp-content\/uploads\/2023\/03\/hojas-de-coca-768x512.jpg 768w, https:\/\/rafaelartacho.es\/wp-content\/uploads\/2023\/03\/hojas-de-coca-1200x800.jpg 1200w, https:\/\/rafaelartacho.es\/wp-content\/uploads\/2023\/03\/hojas-de-coca.jpg 1500w\" sizes=\"auto, (max-width: 709px) 85vw, (max-width: 909px) 67vw, (max-width: 1362px) 62vw, 840px\" \/><figcaption class=\"wp-element-caption\"><em>Hojas de coca<\/em><\/figcaption><\/figure>\n\n\n\n<p>Al llegar al hotel nos recibieron con una infusi\u00f3n de mate de coca y la gu\u00eda que nos recogi\u00f3 en el Aeropuerto nos record\u00f3 que comi\u00e9ramos caldo y cosas ligeras hasta que nos adapt\u00e1ramos a la altura. En efecto tanto Violeta como yo nos adaptamos con facilidad y s\u00f3lo experimentamos s\u00edntomas muy leves. Seguramente las hojas de coca ayudaron.<\/p>\n\n\n\n<figure class=\"wp-block-image size-large\"><img loading=\"lazy\" decoding=\"async\" width=\"1024\" height=\"576\" src=\"https:\/\/rafaelartacho.es\/wp-content\/uploads\/2023\/03\/20180419_154314-1024x576.jpg\" alt=\"\" class=\"wp-image-967\" srcset=\"https:\/\/rafaelartacho.es\/wp-content\/uploads\/2023\/03\/20180419_154314-1024x576.jpg 1024w, https:\/\/rafaelartacho.es\/wp-content\/uploads\/2023\/03\/20180419_154314-300x169.jpg 300w, https:\/\/rafaelartacho.es\/wp-content\/uploads\/2023\/03\/20180419_154314-768x432.jpg 768w, https:\/\/rafaelartacho.es\/wp-content\/uploads\/2023\/03\/20180419_154314.jpg 1063w\" sizes=\"auto, (max-width: 709px) 85vw, (max-width: 909px) 67vw, (max-width: 1362px) 62vw, 840px\" \/><figcaption class=\"wp-element-caption\">Sacsayhuaman<\/figcaption><\/figure>\n\n\n\n<p>Por la tarde visita guiada hacia Tambomachay, Puca Pucara y Sacsayhuaman, enclaves arqueol\u00f3gicos cerca de Cusco muy bien conservados en un entorno natural inigualable.<\/p>\n\n\n\n<p>Sacsayhuam\u00e1n es un templo ceremonial inca que se construy\u00f3 entre los siglos XIV y XV y est\u00e1 formado por paredes de piedra de gran tama\u00f1o que est\u00e1n integradas arm\u00f3nicamente en la naturaleza.<\/p>\n\n\n\n<figure class=\"wp-block-image size-large\"><img loading=\"lazy\" decoding=\"async\" width=\"1024\" height=\"576\" src=\"https:\/\/rafaelartacho.es\/wp-content\/uploads\/2023\/03\/20180419_160115-1024x576.jpg\" alt=\"\" class=\"wp-image-968\" srcset=\"https:\/\/rafaelartacho.es\/wp-content\/uploads\/2023\/03\/20180419_160115-1024x576.jpg 1024w, https:\/\/rafaelartacho.es\/wp-content\/uploads\/2023\/03\/20180419_160115-300x169.jpg 300w, https:\/\/rafaelartacho.es\/wp-content\/uploads\/2023\/03\/20180419_160115-768x432.jpg 768w, https:\/\/rafaelartacho.es\/wp-content\/uploads\/2023\/03\/20180419_160115.jpg 1063w\" sizes=\"auto, (max-width: 709px) 85vw, (max-width: 909px) 67vw, (max-width: 1362px) 62vw, 840px\" \/><\/figure>\n\n\n\n<p>Seg\u00fan nos contaron all\u00ed se celebra cada 24 de Junio algunos de los actos de la fiesta del INTI RAYMI en honor al di\u00f3s del sol inca INTI. Es una representaci\u00f3n teatral de lo que se hac\u00eda en tiempos de los emperadores incas, donde miles de cusque\u00f1os y personas de todas partes del mundo se dan cita en este acontecimiento y&nbsp; que seg\u00fan nos dicen es una de las manifestaciones culturales y tradicionales m\u00e1s importantes en esta parte del mundo. A ver si en el pr\u00f3ximo viaje lo podemos ver.<\/p>\n\n\n\n<figure class=\"wp-block-gallery has-nested-images columns-default is-cropped wp-block-gallery-9 is-layout-flex wp-block-gallery-is-layout-flex\">\n<figure class=\"wp-block-image size-large\"><img loading=\"lazy\" decoding=\"async\" width=\"576\" height=\"1024\" data-id=\"970\" src=\"https:\/\/rafaelartacho.es\/wp-content\/uploads\/2023\/03\/20180419_173903-576x1024.jpg\" alt=\"\" class=\"wp-image-970\" srcset=\"https:\/\/rafaelartacho.es\/wp-content\/uploads\/2023\/03\/20180419_173903-576x1024.jpg 576w, https:\/\/rafaelartacho.es\/wp-content\/uploads\/2023\/03\/20180419_173903-169x300.jpg 169w, https:\/\/rafaelartacho.es\/wp-content\/uploads\/2023\/03\/20180419_173903.jpg 598w\" sizes=\"auto, (max-width: 576px) 85vw, 576px\" \/><figcaption class=\"wp-element-caption\">Plaza de Armas de Cusco<\/figcaption><\/figure>\n\n\n\n<figure class=\"wp-block-image size-large\"><img loading=\"lazy\" decoding=\"async\" width=\"389\" height=\"519\" data-id=\"969\" src=\"https:\/\/rafaelartacho.es\/wp-content\/uploads\/2023\/03\/20180419_221355.jpg\" alt=\"\" class=\"wp-image-969\" srcset=\"https:\/\/rafaelartacho.es\/wp-content\/uploads\/2023\/03\/20180419_221355.jpg 389w, https:\/\/rafaelartacho.es\/wp-content\/uploads\/2023\/03\/20180419_221355-225x300.jpg 225w\" sizes=\"auto, (max-width: 389px) 85vw, 389px\" \/><figcaption class=\"wp-element-caption\">Al fondo la Catedral<\/figcaption><\/figure>\n<\/figure>\n\n\n\n<p>Para finalizar el d\u00eda dimos un paseo guiado por Cusco visitando la Plaza de Armas con sus galer\u00edas y balcones de madera tallada, la Iglesia de Santo Domingo que se levanta en los terrenos que ocupaba el Coricancha, el principal templo del sol inca donde se rend\u00eda culto al sol y se guardaban las momias de los gobernantes y de las Coyas. (esposas principales de los reyes incas).<\/p>\n\n\n\n<p>Al d\u00eda siguiente por la ma\u00f1ana salimos en minib\u00fas para hacer la excursi\u00f3n del Valle Sagrado de los Incas que se extiende entre Pisac y Ollantaytambo, en plena Cordillera de los Andes Centrales. Hicimos la primera parada en una tienda de artesan\u00eda donde nos explicaron c\u00f3mo te\u00f1\u00edan las lanas con la cochinilla y pudimos hacernos fotos con las llamas que hab\u00eda en el patio central.<\/p>\n\n\n\n<figure class=\"wp-block-image size-large\"><img loading=\"lazy\" decoding=\"async\" width=\"1024\" height=\"576\" src=\"https:\/\/rafaelartacho.es\/wp-content\/uploads\/2023\/03\/20180420_090202-1024x576.jpg\" alt=\"\" class=\"wp-image-971\" srcset=\"https:\/\/rafaelartacho.es\/wp-content\/uploads\/2023\/03\/20180420_090202-1024x576.jpg 1024w, https:\/\/rafaelartacho.es\/wp-content\/uploads\/2023\/03\/20180420_090202-300x169.jpg 300w, https:\/\/rafaelartacho.es\/wp-content\/uploads\/2023\/03\/20180420_090202-768x432.jpg 768w, https:\/\/rafaelartacho.es\/wp-content\/uploads\/2023\/03\/20180420_090202.jpg 1063w\" sizes=\"auto, (max-width: 709px) 85vw, (max-width: 909px) 67vw, (max-width: 1362px) 62vw, 840px\" \/><\/figure>\n\n\n\n<p>A continuaci\u00f3n nos dirigimos hacia PISAC. Sus ruinas son de una belleza incre\u00edble. Su privilegiada situaci\u00f3n en lo alto de una colina, rodeada por barrancos y terrazas agr\u00edcolas consigue que las vistas del Valle Sagrado sean una imagen de postal.<\/p>\n\n\n\n<p>Con mucho esfuerzo subimos hasta K\u2019allaQ\u2019asa, construido en la cima de la monta\u00f1a tiene la mayor altitud de todos los recintos y en sus costados impresionantes barrancos.<\/p>\n\n\n\n<figure class=\"wp-block-image size-large\"><img loading=\"lazy\" decoding=\"async\" width=\"1024\" height=\"576\" src=\"https:\/\/rafaelartacho.es\/wp-content\/uploads\/2023\/03\/20180420_105311-1024x576.jpg\" alt=\"\" class=\"wp-image-1007\" srcset=\"https:\/\/rafaelartacho.es\/wp-content\/uploads\/2023\/03\/20180420_105311-1024x576.jpg 1024w, https:\/\/rafaelartacho.es\/wp-content\/uploads\/2023\/03\/20180420_105311-300x169.jpg 300w, https:\/\/rafaelartacho.es\/wp-content\/uploads\/2023\/03\/20180420_105311-768x432.jpg 768w, https:\/\/rafaelartacho.es\/wp-content\/uploads\/2023\/03\/20180420_105311.jpg 1063w\" sizes=\"auto, (max-width: 709px) 85vw, (max-width: 909px) 67vw, (max-width: 1362px) 62vw, 840px\" \/><\/figure>\n\n\n\n<p>Ollantaytambo a 60 km de Cusco es la siguiente parada. Nada m\u00e1s entrar al recinto se ven las terrazas agr\u00edcolas y arriba el templo y la fortaleza.<\/p>\n\n\n\n<p>Mientras subimos una interminable fila de escalones disfrutamos del paisaje en cada descanso. Y desde lo m\u00e1s alto disfrutamos de unas vistas incre\u00edbles.<\/p>\n\n\n\n<figure class=\"wp-block-gallery has-nested-images columns-default is-cropped wp-block-gallery-10 is-layout-flex wp-block-gallery-is-layout-flex\">\n<figure class=\"wp-block-image size-large\"><img loading=\"lazy\" decoding=\"async\" width=\"1024\" height=\"576\" data-id=\"972\" src=\"https:\/\/rafaelartacho.es\/wp-content\/uploads\/2023\/03\/20180420_093710-1024x576.jpg\" alt=\"\" class=\"wp-image-972\" srcset=\"https:\/\/rafaelartacho.es\/wp-content\/uploads\/2023\/03\/20180420_093710-1024x576.jpg 1024w, https:\/\/rafaelartacho.es\/wp-content\/uploads\/2023\/03\/20180420_093710-300x169.jpg 300w, https:\/\/rafaelartacho.es\/wp-content\/uploads\/2023\/03\/20180420_093710-768x432.jpg 768w, https:\/\/rafaelartacho.es\/wp-content\/uploads\/2023\/03\/20180420_093710.jpg 1063w\" sizes=\"auto, (max-width: 709px) 85vw, (max-width: 909px) 67vw, (max-width: 1362px) 62vw, 840px\" \/><\/figure>\n\n\n\n<figure class=\"wp-block-image size-large\"><img loading=\"lazy\" decoding=\"async\" width=\"1024\" height=\"576\" data-id=\"974\" src=\"https:\/\/rafaelartacho.es\/wp-content\/uploads\/2023\/03\/20180420_101314-1024x576.jpg\" alt=\"\" class=\"wp-image-974\" srcset=\"https:\/\/rafaelartacho.es\/wp-content\/uploads\/2023\/03\/20180420_101314-1024x576.jpg 1024w, https:\/\/rafaelartacho.es\/wp-content\/uploads\/2023\/03\/20180420_101314-300x169.jpg 300w, https:\/\/rafaelartacho.es\/wp-content\/uploads\/2023\/03\/20180420_101314-768x432.jpg 768w, https:\/\/rafaelartacho.es\/wp-content\/uploads\/2023\/03\/20180420_101314.jpg 1063w\" sizes=\"auto, (max-width: 709px) 85vw, (max-width: 909px) 67vw, (max-width: 1362px) 62vw, 840px\" \/><\/figure>\n<\/figure>\n\n\n\n<p>Monta\u00f1as, ruinas, arquitectura e historia son las caracter\u00edsticas de esta regi\u00f3n de Per\u00fa que merece la pena visitar y que son la puerta de entrada para lo que viene al d\u00eda siguiente porque a las 3 de la tarde tomamos el tren que nos lleva a Aguas Calientes (Machu Picchu).<\/p>\n\n\n\n<figure class=\"wp-block-gallery has-nested-images columns-default is-cropped wp-block-gallery-11 is-layout-flex wp-block-gallery-is-layout-flex\">\n<figure class=\"wp-block-image size-large\"><img loading=\"lazy\" decoding=\"async\" width=\"576\" height=\"1024\" data-id=\"975\" src=\"https:\/\/rafaelartacho.es\/wp-content\/uploads\/2023\/03\/20180420_103222-1-576x1024.jpg\" alt=\"\" class=\"wp-image-975\" srcset=\"https:\/\/rafaelartacho.es\/wp-content\/uploads\/2023\/03\/20180420_103222-1-576x1024.jpg 576w, https:\/\/rafaelartacho.es\/wp-content\/uploads\/2023\/03\/20180420_103222-1-169x300.jpg 169w, https:\/\/rafaelartacho.es\/wp-content\/uploads\/2023\/03\/20180420_103222-1.jpg 598w\" sizes=\"auto, (max-width: 576px) 85vw, 576px\" \/><\/figure>\n\n\n\n<figure class=\"wp-block-image size-large\"><img loading=\"lazy\" decoding=\"async\" width=\"576\" height=\"1024\" data-id=\"976\" src=\"https:\/\/rafaelartacho.es\/wp-content\/uploads\/2023\/03\/20180420_105249-576x1024.jpg\" alt=\"\" class=\"wp-image-976\" srcset=\"https:\/\/rafaelartacho.es\/wp-content\/uploads\/2023\/03\/20180420_105249-576x1024.jpg 576w, https:\/\/rafaelartacho.es\/wp-content\/uploads\/2023\/03\/20180420_105249-169x300.jpg 169w, https:\/\/rafaelartacho.es\/wp-content\/uploads\/2023\/03\/20180420_105249.jpg 598w\" sizes=\"auto, (max-width: 576px) 85vw, 576px\" \/><\/figure>\n<\/figure>\n\n\n\n<figure class=\"wp-block-image size-large\"><img loading=\"lazy\" decoding=\"async\" width=\"1024\" height=\"576\" src=\"https:\/\/rafaelartacho.es\/wp-content\/uploads\/2023\/03\/20180420_OLLANTAYTAMBO-05330-1024x576.jpg\" alt=\"\" class=\"wp-image-977\" srcset=\"https:\/\/rafaelartacho.es\/wp-content\/uploads\/2023\/03\/20180420_OLLANTAYTAMBO-05330-1024x576.jpg 1024w, https:\/\/rafaelartacho.es\/wp-content\/uploads\/2023\/03\/20180420_OLLANTAYTAMBO-05330-300x169.jpg 300w, https:\/\/rafaelartacho.es\/wp-content\/uploads\/2023\/03\/20180420_OLLANTAYTAMBO-05330-768x432.jpg 768w, https:\/\/rafaelartacho.es\/wp-content\/uploads\/2023\/03\/20180420_OLLANTAYTAMBO-05330.jpg 1063w\" sizes=\"auto, (max-width: 709px) 85vw, (max-width: 909px) 67vw, (max-width: 1362px) 62vw, 840px\" \/><\/figure>\n\n\n\n<p>Viajamos en clase VISTADOME que es un poco m\u00e1s cara pero merece la pena. El trayecto de hora y media discurri\u00f3 por el curso del r\u00edo Urubamba y sus grandes ventanales y el techo panor\u00e1mico nos permiti\u00f3 ver unos paisajes espectaculares.<\/p>\n\n\n\n<p>Durante el trayecto nos ofrecieron t\u00e9 o refrescos acompa\u00f1ado por frutas o pastelitos. Nos alojamos en el Hotel Terraza de Luna, un hotel de 3 estrellas moderno similar a los que te puedes encontrar en Espa\u00f1a.<\/p>\n\n\n\n<figure class=\"wp-block-image size-large\"><img loading=\"lazy\" decoding=\"async\" width=\"1024\" height=\"576\" src=\"https:\/\/rafaelartacho.es\/wp-content\/uploads\/2023\/03\/20180421_085327-1-1024x576.jpg\" alt=\"\" class=\"wp-image-979\" srcset=\"https:\/\/rafaelartacho.es\/wp-content\/uploads\/2023\/03\/20180421_085327-1-1024x576.jpg 1024w, https:\/\/rafaelartacho.es\/wp-content\/uploads\/2023\/03\/20180421_085327-1-300x169.jpg 300w, https:\/\/rafaelartacho.es\/wp-content\/uploads\/2023\/03\/20180421_085327-1-768x432.jpg 768w, https:\/\/rafaelartacho.es\/wp-content\/uploads\/2023\/03\/20180421_085327-1.jpg 1063w\" sizes=\"auto, (max-width: 709px) 85vw, (max-width: 909px) 67vw, (max-width: 1362px) 62vw, 840px\" \/><\/figure>\n\n\n\n<p>Por la ma\u00f1ana temprano despu\u00e9s de desayunar nos recogen en el hotel para llevarnos al autob\u00fas que nos acercar\u00e1 a Machu Picchu. Tomamos el autob\u00fas y nos deja en la base de la ciudadela. A partir de ah\u00ed iniciamos una subida larga y dura (ya estamos un poco mayores) pero conseguimos coronar la cima. <\/p>\n\n\n\n<p>Levantamos los brazos para reponer toda la energ\u00eda que hab\u00edamos gastado. La verdad que merece la pena el esfuerzo. Las vistas son fabulosas y aunque el d\u00eda est\u00e1 un poco nublado la temperatura es agradable. Continuamos con la visita guiada explic\u00e1ndonos que \u201c<strong><em>Machu Picchu es una palabra quechua cuyo significado es&nbsp;Monta\u00f1a vieja. Hoy es universalmente conocida, tanto por sus imponentes restos arqueol\u00f3gicos, como por su incomparable ubicaci\u00f3n, al borde de un abismo en cuyo fondo corren las caudalosas aguas del&nbsp;R\u00edo Urubamba.<br><\/em><\/strong><\/p>\n\n\n\n<figure class=\"wp-block-gallery has-nested-images columns-default is-cropped wp-block-gallery-12 is-layout-flex wp-block-gallery-is-layout-flex\">\n<figure class=\"wp-block-image size-large\"><img loading=\"lazy\" decoding=\"async\" width=\"576\" height=\"1024\" data-id=\"980\" src=\"https:\/\/rafaelartacho.es\/wp-content\/uploads\/2023\/03\/20180421_100759-EFFECTS-ha-editado-576x1024.jpg\" alt=\"\" class=\"wp-image-980\" srcset=\"https:\/\/rafaelartacho.es\/wp-content\/uploads\/2023\/03\/20180421_100759-EFFECTS-ha-editado-576x1024.jpg 576w, https:\/\/rafaelartacho.es\/wp-content\/uploads\/2023\/03\/20180421_100759-EFFECTS-ha-editado-169x300.jpg 169w, https:\/\/rafaelartacho.es\/wp-content\/uploads\/2023\/03\/20180421_100759-EFFECTS-ha-editado.jpg 598w\" sizes=\"auto, (max-width: 576px) 85vw, 576px\" \/><\/figure>\n\n\n\n<figure class=\"wp-block-image size-large\"><img loading=\"lazy\" decoding=\"async\" width=\"576\" height=\"1024\" data-id=\"981\" src=\"https:\/\/rafaelartacho.es\/wp-content\/uploads\/2023\/03\/20180421_110012-576x1024.jpg\" alt=\"\" class=\"wp-image-981\" srcset=\"https:\/\/rafaelartacho.es\/wp-content\/uploads\/2023\/03\/20180421_110012-576x1024.jpg 576w, https:\/\/rafaelartacho.es\/wp-content\/uploads\/2023\/03\/20180421_110012-169x300.jpg 169w, https:\/\/rafaelartacho.es\/wp-content\/uploads\/2023\/03\/20180421_110012.jpg 598w\" sizes=\"auto, (max-width: 576px) 85vw, 576px\" \/><\/figure>\n<\/figure>\n\n\n\n<figure class=\"wp-block-image size-large\"><img loading=\"lazy\" decoding=\"async\" width=\"1024\" height=\"576\" src=\"https:\/\/rafaelartacho.es\/wp-content\/uploads\/2023\/03\/20180421_103618-1024x576.jpg\" alt=\"\" class=\"wp-image-982\" srcset=\"https:\/\/rafaelartacho.es\/wp-content\/uploads\/2023\/03\/20180421_103618-1024x576.jpg 1024w, https:\/\/rafaelartacho.es\/wp-content\/uploads\/2023\/03\/20180421_103618-300x169.jpg 300w, https:\/\/rafaelartacho.es\/wp-content\/uploads\/2023\/03\/20180421_103618-768x432.jpg 768w, https:\/\/rafaelartacho.es\/wp-content\/uploads\/2023\/03\/20180421_103618.jpg 1063w\" sizes=\"auto, (max-width: 709px) 85vw, (max-width: 909px) 67vw, (max-width: 1362px) 62vw, 840px\" \/><\/figure>\n\n\n\n<p><strong><em>Machu Picchu, m\u00e1s que una ciudadela, es un complejo arquitect\u00f3nico al que solo le faltan los techos. A este complejo se le llama ciudad, por el gran n\u00famero de casas que en la actualidad se cuentan m\u00e1s de 200, y en su apogeo debieron ser m\u00e1s. Adem\u00e1s, su dise\u00f1o contempla plazas, templos, caminos, escalinatas, terrazas, acueductos, etc.\u201d<\/em><\/strong><\/p>\n\n\n\n<figure class=\"wp-block-gallery has-nested-images columns-default is-cropped wp-block-gallery-13 is-layout-flex wp-block-gallery-is-layout-flex\">\n<figure class=\"wp-block-image size-large\"><img loading=\"lazy\" decoding=\"async\" width=\"1024\" height=\"576\" data-id=\"983\" src=\"https:\/\/rafaelartacho.es\/wp-content\/uploads\/2023\/03\/20180421_093731_001-1024x576.jpg\" alt=\"\" class=\"wp-image-983\" srcset=\"https:\/\/rafaelartacho.es\/wp-content\/uploads\/2023\/03\/20180421_093731_001-1024x576.jpg 1024w, https:\/\/rafaelartacho.es\/wp-content\/uploads\/2023\/03\/20180421_093731_001-300x169.jpg 300w, https:\/\/rafaelartacho.es\/wp-content\/uploads\/2023\/03\/20180421_093731_001-768x432.jpg 768w, https:\/\/rafaelartacho.es\/wp-content\/uploads\/2023\/03\/20180421_093731_001.jpg 1063w\" sizes=\"auto, (max-width: 709px) 85vw, (max-width: 909px) 67vw, (max-width: 1362px) 62vw, 840px\" \/><\/figure>\n\n\n\n<figure class=\"wp-block-image size-large\"><img loading=\"lazy\" decoding=\"async\" width=\"1024\" height=\"576\" data-id=\"986\" src=\"https:\/\/rafaelartacho.es\/wp-content\/uploads\/2023\/03\/20180421_120205-1024x576.jpg\" alt=\"\" class=\"wp-image-986\" srcset=\"https:\/\/rafaelartacho.es\/wp-content\/uploads\/2023\/03\/20180421_120205-1024x576.jpg 1024w, https:\/\/rafaelartacho.es\/wp-content\/uploads\/2023\/03\/20180421_120205-300x169.jpg 300w, https:\/\/rafaelartacho.es\/wp-content\/uploads\/2023\/03\/20180421_120205-768x432.jpg 768w, https:\/\/rafaelartacho.es\/wp-content\/uploads\/2023\/03\/20180421_120205.jpg 1063w\" sizes=\"auto, (max-width: 709px) 85vw, (max-width: 909px) 67vw, (max-width: 1362px) 62vw, 840px\" \/><\/figure>\n<\/figure>\n\n\n\n<figure class=\"wp-block-image size-large\"><img loading=\"lazy\" decoding=\"async\" width=\"1024\" height=\"576\" src=\"https:\/\/rafaelartacho.es\/wp-content\/uploads\/2023\/03\/20180421_103622-1024x576.jpg\" alt=\"\" class=\"wp-image-985\" srcset=\"https:\/\/rafaelartacho.es\/wp-content\/uploads\/2023\/03\/20180421_103622-1024x576.jpg 1024w, https:\/\/rafaelartacho.es\/wp-content\/uploads\/2023\/03\/20180421_103622-300x169.jpg 300w, https:\/\/rafaelartacho.es\/wp-content\/uploads\/2023\/03\/20180421_103622-768x432.jpg 768w, https:\/\/rafaelartacho.es\/wp-content\/uploads\/2023\/03\/20180421_103622.jpg 1063w\" sizes=\"auto, (max-width: 709px) 85vw, (max-width: 909px) 67vw, (max-width: 1362px) 62vw, 840px\" \/><\/figure>\n\n\n\n<p>Tras la visita regreso al hotel y buscar restaurante para comer en Aguas Calientes. Encontramos uno que ten\u00eda Cuy en la carta y por fin pude probar ese plato del que tanto me hab\u00edan hablado y al que muchos ponen objeciones. Si te gusta el conejo te gustar\u00e1 el Cuy. Lo prob\u00e9 guisado,  estaba bueno y ya s\u00f3lo me falta comerlo asado. <\/p>\n\n\n\n<figure class=\"wp-block-gallery has-nested-images columns-default is-cropped wp-block-gallery-14 is-layout-flex wp-block-gallery-is-layout-flex\">\n<figure class=\"wp-block-image size-large\"><img loading=\"lazy\" decoding=\"async\" width=\"576\" height=\"1024\" data-id=\"987\" src=\"https:\/\/rafaelartacho.es\/wp-content\/uploads\/2023\/03\/20180421_140715-576x1024.jpg\" alt=\"\" class=\"wp-image-987\" srcset=\"https:\/\/rafaelartacho.es\/wp-content\/uploads\/2023\/03\/20180421_140715-576x1024.jpg 576w, https:\/\/rafaelartacho.es\/wp-content\/uploads\/2023\/03\/20180421_140715-169x300.jpg 169w, https:\/\/rafaelartacho.es\/wp-content\/uploads\/2023\/03\/20180421_140715.jpg 598w\" sizes=\"auto, (max-width: 576px) 85vw, 576px\" \/><figcaption class=\"wp-element-caption\">En Aguas Calientes<\/figcaption><\/figure>\n\n\n\n<figure class=\"wp-block-image size-large\"><img loading=\"lazy\" decoding=\"async\" width=\"576\" height=\"1024\" data-id=\"988\" src=\"https:\/\/rafaelartacho.es\/wp-content\/uploads\/2023\/03\/20180421_AGUAS-CALIENTES125802-576x1024.jpg\" alt=\"\" class=\"wp-image-988\" srcset=\"https:\/\/rafaelartacho.es\/wp-content\/uploads\/2023\/03\/20180421_AGUAS-CALIENTES125802-576x1024.jpg 576w, https:\/\/rafaelartacho.es\/wp-content\/uploads\/2023\/03\/20180421_AGUAS-CALIENTES125802-169x300.jpg 169w, https:\/\/rafaelartacho.es\/wp-content\/uploads\/2023\/03\/20180421_AGUAS-CALIENTES125802.jpg 598w\" sizes=\"auto, (max-width: 576px) 85vw, 576px\" \/><figcaption class=\"wp-element-caption\">En Aguas Calientes<\/figcaption><\/figure>\n<\/figure>\n\n\n\n<p>A las 15:00 tomamos el tren desde Aguas Calientes hasta Ollantaytambo y desde all\u00ed &nbsp;nos recogen y nos llevan al hotel en Cusco. Visita r\u00e1pida por la tarde\/noche a Cusco pues al d\u00eda siguiente sal\u00edamos temprano para Lima.<\/p>\n\n\n\n<figure class=\"wp-block-image size-large\"><img loading=\"lazy\" decoding=\"async\" width=\"1024\" height=\"576\" src=\"https:\/\/rafaelartacho.es\/wp-content\/uploads\/2023\/03\/20180421_CUSCO215724-1024x576.jpg\" alt=\"\" class=\"wp-image-989\" srcset=\"https:\/\/rafaelartacho.es\/wp-content\/uploads\/2023\/03\/20180421_CUSCO215724-1024x576.jpg 1024w, https:\/\/rafaelartacho.es\/wp-content\/uploads\/2023\/03\/20180421_CUSCO215724-300x169.jpg 300w, https:\/\/rafaelartacho.es\/wp-content\/uploads\/2023\/03\/20180421_CUSCO215724-768x432.jpg 768w, https:\/\/rafaelartacho.es\/wp-content\/uploads\/2023\/03\/20180421_CUSCO215724-1536x864.jpg 1536w, https:\/\/rafaelartacho.es\/wp-content\/uploads\/2023\/03\/20180421_CUSCO215724-2048x1152.jpg 2048w, https:\/\/rafaelartacho.es\/wp-content\/uploads\/2023\/03\/20180421_CUSCO215724-1200x675.jpg 1200w\" sizes=\"auto, (max-width: 709px) 85vw, (max-width: 909px) 67vw, (max-width: 1362px) 62vw, 840px\" \/><figcaption class=\"wp-element-caption\">Cusco de noche una ciudad a la que ten\u00eda que volver<\/figcaption><\/figure>\n\n\n\n<p>Como conclusi\u00f3n un viaje intenso que me dej\u00f3 con ganas de m\u00e1s. Tengo que volver a Cusco, me dije.<\/p>\n\n\n\n<p><strong>COMER EN PERU<\/strong><\/p>\n\n\n\n<p>Visit\u00e9 varios mercados y Centros Comerciales, disfrut\u00e9 de la visi\u00f3n de cientos de productos, muchos nuevos para m\u00ed, compar\u00e9 los precios respecto a Espa\u00f1a y comprob\u00e9 que los productos locales eran mucho m\u00e1s baratos. Otra cosa son los de importaci\u00f3n que a veces resultan m\u00e1s caros que en Espa\u00f1a.<\/p>\n\n\n\n<figure class=\"wp-block-gallery has-nested-images columns-default is-cropped wp-block-gallery-15 is-layout-flex wp-block-gallery-is-layout-flex\">\n<figure class=\"wp-block-image size-large\"><img loading=\"lazy\" decoding=\"async\" width=\"797\" height=\"449\" data-id=\"918\" src=\"https:\/\/rafaelartacho.es\/wp-content\/uploads\/2023\/03\/20180411_104158.jpg\" alt=\"\" class=\"wp-image-918\" srcset=\"https:\/\/rafaelartacho.es\/wp-content\/uploads\/2023\/03\/20180411_104158.jpg 797w, https:\/\/rafaelartacho.es\/wp-content\/uploads\/2023\/03\/20180411_104158-300x169.jpg 300w, https:\/\/rafaelartacho.es\/wp-content\/uploads\/2023\/03\/20180411_104158-768x433.jpg 768w\" sizes=\"auto, (max-width: 709px) 85vw, (max-width: 909px) 67vw, (max-width: 984px) 61vw, (max-width: 1362px) 45vw, 600px\" \/><\/figure>\n\n\n\n<figure class=\"wp-block-image size-large\"><img loading=\"lazy\" decoding=\"async\" width=\"1024\" height=\"576\" data-id=\"919\" src=\"https:\/\/rafaelartacho.es\/wp-content\/uploads\/2023\/03\/20180411_104419-1024x576.jpg\" alt=\"\" class=\"wp-image-919\" srcset=\"https:\/\/rafaelartacho.es\/wp-content\/uploads\/2023\/03\/20180411_104419-1024x576.jpg 1024w, https:\/\/rafaelartacho.es\/wp-content\/uploads\/2023\/03\/20180411_104419-300x169.jpg 300w, https:\/\/rafaelartacho.es\/wp-content\/uploads\/2023\/03\/20180411_104419-768x432.jpg 768w, https:\/\/rafaelartacho.es\/wp-content\/uploads\/2023\/03\/20180411_104419.jpg 1063w\" sizes=\"auto, (max-width: 709px) 85vw, (max-width: 909px) 67vw, (max-width: 1362px) 62vw, 840px\" \/><\/figure>\n\n\n\n<figure class=\"wp-block-image size-large\"><img loading=\"lazy\" decoding=\"async\" width=\"1024\" height=\"576\" data-id=\"920\" src=\"https:\/\/rafaelartacho.es\/wp-content\/uploads\/2023\/03\/20180424_122712-1024x576.jpg\" alt=\"\" class=\"wp-image-920\" srcset=\"https:\/\/rafaelartacho.es\/wp-content\/uploads\/2023\/03\/20180424_122712-1024x576.jpg 1024w, https:\/\/rafaelartacho.es\/wp-content\/uploads\/2023\/03\/20180424_122712-300x169.jpg 300w, https:\/\/rafaelartacho.es\/wp-content\/uploads\/2023\/03\/20180424_122712-768x432.jpg 768w, https:\/\/rafaelartacho.es\/wp-content\/uploads\/2023\/03\/20180424_122712.jpg 1063w\" sizes=\"auto, (max-width: 709px) 85vw, (max-width: 909px) 67vw, (max-width: 1362px) 62vw, 840px\" \/><\/figure>\n\n\n\n<figure class=\"wp-block-image size-large\"><img loading=\"lazy\" decoding=\"async\" width=\"797\" height=\"449\" data-id=\"921\" src=\"https:\/\/rafaelartacho.es\/wp-content\/uploads\/2023\/03\/20180424_122721.jpg\" alt=\"\" class=\"wp-image-921\" srcset=\"https:\/\/rafaelartacho.es\/wp-content\/uploads\/2023\/03\/20180424_122721.jpg 797w, https:\/\/rafaelartacho.es\/wp-content\/uploads\/2023\/03\/20180424_122721-300x169.jpg 300w, https:\/\/rafaelartacho.es\/wp-content\/uploads\/2023\/03\/20180424_122721-768x433.jpg 768w\" sizes=\"auto, (max-width: 709px) 85vw, (max-width: 909px) 67vw, (max-width: 984px) 61vw, (max-width: 1362px) 45vw, 600px\" \/><\/figure>\n\n\n\n<figure class=\"wp-block-image size-large\"><img loading=\"lazy\" decoding=\"async\" width=\"1024\" height=\"576\" data-id=\"922\" src=\"https:\/\/rafaelartacho.es\/wp-content\/uploads\/2023\/03\/20180425_121532-1024x576.jpg\" alt=\"\" class=\"wp-image-922\" srcset=\"https:\/\/rafaelartacho.es\/wp-content\/uploads\/2023\/03\/20180425_121532-1024x576.jpg 1024w, https:\/\/rafaelartacho.es\/wp-content\/uploads\/2023\/03\/20180425_121532-300x169.jpg 300w, https:\/\/rafaelartacho.es\/wp-content\/uploads\/2023\/03\/20180425_121532-768x432.jpg 768w, https:\/\/rafaelartacho.es\/wp-content\/uploads\/2023\/03\/20180425_121532.jpg 1063w\" sizes=\"auto, (max-width: 709px) 85vw, (max-width: 909px) 67vw, (max-width: 1362px) 62vw, 840px\" \/><\/figure>\n\n\n\n<figure class=\"wp-block-image size-large\"><img loading=\"lazy\" decoding=\"async\" width=\"1024\" height=\"577\" data-id=\"923\" src=\"https:\/\/rafaelartacho.es\/wp-content\/uploads\/2023\/03\/20180425_121539-1024x577.jpg\" alt=\"\" class=\"wp-image-923\" srcset=\"https:\/\/rafaelartacho.es\/wp-content\/uploads\/2023\/03\/20180425_121539-1024x577.jpg 1024w, https:\/\/rafaelartacho.es\/wp-content\/uploads\/2023\/03\/20180425_121539-300x169.jpg 300w, https:\/\/rafaelartacho.es\/wp-content\/uploads\/2023\/03\/20180425_121539-768x433.jpg 768w, https:\/\/rafaelartacho.es\/wp-content\/uploads\/2023\/03\/20180425_121539.jpg 1088w\" sizes=\"auto, (max-width: 709px) 85vw, (max-width: 909px) 67vw, (max-width: 1362px) 62vw, 840px\" \/><\/figure>\n<\/figure>\n\n\n\n<p>La gastronom\u00eda peruana se ha ganado una merecida fama internacional por su variedad y sabor. Es el resultado de la mezcla de culturas que ha habido en Per\u00fa a lo largo de muchos a\u00f1os. Tuve la oportunidad de degustar sus deliciosos platos tanto en restaurantes como en casa particulares y la mayor\u00eda de las veces fue una experiencia muy satisfactoria.<\/p>\n\n\n\n<p>Cada regi\u00f3n de Per\u00fa tiene su cocina espec\u00edfica pero en Lima puedes encontrar platos de cocina de la sierra o de la selva aunque es m\u00e1s frecuente comer comida criolla, chifa (asi\u00e1tica) y carnes a la parrilla, siendo el pollo a la brasa el rey.<\/p>\n\n\n\n<figure class=\"wp-block-gallery has-nested-images columns-default is-cropped wp-block-gallery-16 is-layout-flex wp-block-gallery-is-layout-flex\">\n<figure class=\"wp-block-image size-large\"><img loading=\"lazy\" decoding=\"async\" width=\"576\" height=\"1024\" data-id=\"884\" src=\"https:\/\/rafaelartacho.es\/wp-content\/uploads\/2023\/03\/Pan-con-chicharron-576x1024.jpg\" alt=\"\" class=\"wp-image-884\" srcset=\"https:\/\/rafaelartacho.es\/wp-content\/uploads\/2023\/03\/Pan-con-chicharron-576x1024.jpg 576w, https:\/\/rafaelartacho.es\/wp-content\/uploads\/2023\/03\/Pan-con-chicharron-169x300.jpg 169w, https:\/\/rafaelartacho.es\/wp-content\/uploads\/2023\/03\/Pan-con-chicharron.jpg 747w\" sizes=\"auto, (max-width: 576px) 85vw, 576px\" \/><figcaption class=\"wp-element-caption\">Pan con chicharr\u00f3n, cebolla y camote, m\u00e1s caf\u00e9 o infusi\u00f3n y jugo de fruta, el desayuno ideal.<\/figcaption><\/figure>\n\n\n\n<figure class=\"wp-block-image size-large\"><img loading=\"lazy\" decoding=\"async\" width=\"768\" height=\"1024\" data-id=\"885\" src=\"https:\/\/rafaelartacho.es\/wp-content\/uploads\/2023\/03\/20180404_140326-768x1024.jpg\" alt=\"\" class=\"wp-image-885\" srcset=\"https:\/\/rafaelartacho.es\/wp-content\/uploads\/2023\/03\/20180404_140326-768x1024.jpg 768w, https:\/\/rafaelartacho.es\/wp-content\/uploads\/2023\/03\/20180404_140326-225x300.jpg 225w, https:\/\/rafaelartacho.es\/wp-content\/uploads\/2023\/03\/20180404_140326-1152x1536.jpg 1152w, https:\/\/rafaelartacho.es\/wp-content\/uploads\/2023\/03\/20180404_140326-1536x2048.jpg 1536w, https:\/\/rafaelartacho.es\/wp-content\/uploads\/2023\/03\/20180404_140326-1200x1600.jpg 1200w, https:\/\/rafaelartacho.es\/wp-content\/uploads\/2023\/03\/20180404_140326-rotated.jpg 1920w\" sizes=\"auto, (max-width: 709px) 85vw, (max-width: 909px) 67vw, (max-width: 984px) 61vw, (max-width: 1362px) 45vw, 600px\" \/><figcaption class=\"wp-element-caption\">Sancochado, un plato tan contundente como el cocido madrile\u00f1o.<\/figcaption><\/figure>\n\n\n\n<figure class=\"wp-block-image size-large\"><img loading=\"lazy\" decoding=\"async\" width=\"576\" height=\"1024\" data-id=\"899\" src=\"https:\/\/rafaelartacho.es\/wp-content\/uploads\/2023\/03\/20180413_154239-576x1024.jpg\" alt=\"\" class=\"wp-image-899\" srcset=\"https:\/\/rafaelartacho.es\/wp-content\/uploads\/2023\/03\/20180413_154239-576x1024.jpg 576w, https:\/\/rafaelartacho.es\/wp-content\/uploads\/2023\/03\/20180413_154239-169x300.jpg 169w, https:\/\/rafaelartacho.es\/wp-content\/uploads\/2023\/03\/20180413_154239.jpg 718w\" sizes=\"auto, (max-width: 576px) 85vw, 576px\" \/><figcaption class=\"wp-element-caption\">Chupe de camarones, plato t\u00edpico de la cocina de Arequipa<\/figcaption><\/figure>\n\n\n\n<figure class=\"wp-block-image size-large\"><img loading=\"lazy\" decoding=\"async\" width=\"1024\" height=\"670\" data-id=\"901\" src=\"https:\/\/rafaelartacho.es\/wp-content\/uploads\/2023\/03\/20180411_142135-1024x670.jpg\" alt=\"\" class=\"wp-image-901\" srcset=\"https:\/\/rafaelartacho.es\/wp-content\/uploads\/2023\/03\/20180411_142135-1024x670.jpg 1024w, https:\/\/rafaelartacho.es\/wp-content\/uploads\/2023\/03\/20180411_142135-300x196.jpg 300w, https:\/\/rafaelartacho.es\/wp-content\/uploads\/2023\/03\/20180411_142135-768x503.jpg 768w, https:\/\/rafaelartacho.es\/wp-content\/uploads\/2023\/03\/20180411_142135.jpg 1121w\" sizes=\"auto, (max-width: 709px) 85vw, (max-width: 909px) 67vw, (max-width: 1362px) 62vw, 840px\" \/><figcaption class=\"wp-element-caption\">Parrillada de carne a la brasa, otro manjar al que no le hago ascos.<\/figcaption><\/figure>\n<\/figure>\n\n\n\n<p>Como una imagen vale m\u00e1s que mil palabras he puesto im\u00e1genes de puestos del mercado y centros comerciales. Tambi\u00e9n alguno de los platos que he probado y que os recomiendo. Si vais a Per\u00fa por supuesto y si no en un restaurante peruano que hay muchos en Espa\u00f1a.<\/p>\n\n\n\n<figure class=\"wp-block-gallery has-nested-images columns-default is-cropped wp-block-gallery-17 is-layout-flex wp-block-gallery-is-layout-flex\">\n<figure class=\"wp-block-image size-large\"><img loading=\"lazy\" decoding=\"async\" width=\"942\" height=\"498\" data-id=\"909\" src=\"https:\/\/rafaelartacho.es\/wp-content\/uploads\/2023\/03\/20180412_210406_001-2.jpg\" alt=\"\" class=\"wp-image-909\" srcset=\"https:\/\/rafaelartacho.es\/wp-content\/uploads\/2023\/03\/20180412_210406_001-2.jpg 942w, https:\/\/rafaelartacho.es\/wp-content\/uploads\/2023\/03\/20180412_210406_001-2-300x159.jpg 300w, https:\/\/rafaelartacho.es\/wp-content\/uploads\/2023\/03\/20180412_210406_001-2-768x406.jpg 768w\" sizes=\"auto, (max-width: 709px) 85vw, (max-width: 909px) 67vw, (max-width: 1362px) 62vw, 840px\" \/><figcaption class=\"wp-element-caption\">Picarones, un postre rico.<\/figcaption><\/figure>\n\n\n\n<figure class=\"wp-block-image size-large\"><img loading=\"lazy\" decoding=\"async\" width=\"1024\" height=\"697\" data-id=\"912\" src=\"https:\/\/rafaelartacho.es\/wp-content\/uploads\/2023\/03\/20180412_202859-2-1-1024x697.jpg\" alt=\"\" class=\"wp-image-912\" srcset=\"https:\/\/rafaelartacho.es\/wp-content\/uploads\/2023\/03\/20180412_202859-2-1-1024x697.jpg 1024w, https:\/\/rafaelartacho.es\/wp-content\/uploads\/2023\/03\/20180412_202859-2-1-300x204.jpg 300w, https:\/\/rafaelartacho.es\/wp-content\/uploads\/2023\/03\/20180412_202859-2-1-768x523.jpg 768w, https:\/\/rafaelartacho.es\/wp-content\/uploads\/2023\/03\/20180412_202859-2-1.jpg 1191w\" sizes=\"auto, (max-width: 709px) 85vw, (max-width: 909px) 67vw, (max-width: 1362px) 62vw, 840px\" \/><figcaption class=\"wp-element-caption\">La palta (aguacate) no puede faltar en una ensalada peruana.<\/figcaption><\/figure>\n\n\n\n<figure class=\"wp-block-image size-large\"><img loading=\"lazy\" decoding=\"async\" width=\"1024\" height=\"576\" data-id=\"926\" src=\"https:\/\/rafaelartacho.es\/wp-content\/uploads\/2023\/03\/20180414_151048-1024x576.jpg\" alt=\"\" class=\"wp-image-926\" srcset=\"https:\/\/rafaelartacho.es\/wp-content\/uploads\/2023\/03\/20180414_151048-1024x576.jpg 1024w, https:\/\/rafaelartacho.es\/wp-content\/uploads\/2023\/03\/20180414_151048-300x169.jpg 300w, https:\/\/rafaelartacho.es\/wp-content\/uploads\/2023\/03\/20180414_151048-768x432.jpg 768w, https:\/\/rafaelartacho.es\/wp-content\/uploads\/2023\/03\/20180414_151048.jpg 1063w\" sizes=\"auto, (max-width: 709px) 85vw, (max-width: 909px) 67vw, (max-width: 1362px) 62vw, 840px\" \/><figcaption class=\"wp-element-caption\">Cebiche, plato emblem\u00e1tico de Per\u00fa.<\/figcaption><\/figure>\n\n\n\n<figure class=\"wp-block-image size-large\"><img loading=\"lazy\" decoding=\"async\" width=\"1024\" height=\"683\" data-id=\"1045\" src=\"https:\/\/rafaelartacho.es\/wp-content\/uploads\/2023\/04\/Cuy-asado-shutterstock_395387146-1024x683.jpg\" alt=\"\" class=\"wp-image-1045\" srcset=\"https:\/\/rafaelartacho.es\/wp-content\/uploads\/2023\/04\/Cuy-asado-shutterstock_395387146-1024x683.jpg 1024w, https:\/\/rafaelartacho.es\/wp-content\/uploads\/2023\/04\/Cuy-asado-shutterstock_395387146-300x200.jpg 300w, https:\/\/rafaelartacho.es\/wp-content\/uploads\/2023\/04\/Cuy-asado-shutterstock_395387146-768x512.jpg 768w, https:\/\/rafaelartacho.es\/wp-content\/uploads\/2023\/04\/Cuy-asado-shutterstock_395387146.jpg 1200w\" sizes=\"auto, (max-width: 709px) 85vw, (max-width: 909px) 67vw, (max-width: 1362px) 62vw, 840px\" \/><figcaption class=\"wp-element-caption\">Cuy asado<\/figcaption><\/figure>\n\n\n\n<figure class=\"wp-block-image size-large\"><img loading=\"lazy\" decoding=\"async\" width=\"1024\" height=\"378\" data-id=\"908\" src=\"https:\/\/rafaelartacho.es\/wp-content\/uploads\/2023\/03\/20180418_091638-2-1024x378.jpg\" alt=\"\" class=\"wp-image-908\" srcset=\"https:\/\/rafaelartacho.es\/wp-content\/uploads\/2023\/03\/20180418_091638-2-1024x378.jpg 1024w, https:\/\/rafaelartacho.es\/wp-content\/uploads\/2023\/03\/20180418_091638-2-300x111.jpg 300w, https:\/\/rafaelartacho.es\/wp-content\/uploads\/2023\/03\/20180418_091638-2-768x284.jpg 768w, https:\/\/rafaelartacho.es\/wp-content\/uploads\/2023\/03\/20180418_091638-2-1536x567.jpg 1536w, https:\/\/rafaelartacho.es\/wp-content\/uploads\/2023\/03\/20180418_091638-2-1200x443.jpg 1200w, https:\/\/rafaelartacho.es\/wp-content\/uploads\/2023\/03\/20180418_091638-2.jpg 1587w\" sizes=\"auto, (max-width: 709px) 85vw, (max-width: 909px) 67vw, (max-width: 1362px) 62vw, 840px\" \/><figcaption class=\"wp-element-caption\">Pan con chicharr\u00f3n<\/figcaption><\/figure>\n<\/figure>\n\n\n\n<p>Tanto la familia de Violeta como sus mejores amigos me dispensaron un trato fabuloso y nos obsequiaron con ricos platos locales que ser\u00eda muy largo detallar uno a uno. Para muestra dejo una imagen con el almuerzo que nos ofrecieron  sus amigos Soledad y Lalo con exquisitos platos de comida criolla que intentar\u00e9 detallar en el pie de foto.<\/p>\n\n\n\n<figure class=\"wp-block-image size-large\"><img loading=\"lazy\" decoding=\"async\" width=\"1024\" height=\"439\" src=\"https:\/\/rafaelartacho.es\/wp-content\/uploads\/2023\/03\/PLATOS-NUMERADOS-1-1024x439.jpg\" alt=\"\" class=\"wp-image-961\" srcset=\"https:\/\/rafaelartacho.es\/wp-content\/uploads\/2023\/03\/PLATOS-NUMERADOS-1-1024x439.jpg 1024w, https:\/\/rafaelartacho.es\/wp-content\/uploads\/2023\/03\/PLATOS-NUMERADOS-1-300x128.jpg 300w, https:\/\/rafaelartacho.es\/wp-content\/uploads\/2023\/03\/PLATOS-NUMERADOS-1-768x329.jpg 768w, https:\/\/rafaelartacho.es\/wp-content\/uploads\/2023\/03\/PLATOS-NUMERADOS-1.jpg 1116w\" sizes=\"auto, (max-width: 709px) 85vw, (max-width: 909px) 67vw, (max-width: 1362px) 62vw, 840px\" \/><figcaption class=\"wp-element-caption\">1 Olluquito con charqui. 2 Causa rellena a la lime\u00f1a. 3 Rocoto relleno. 4 Carapulcra con chancho.     5 Ensalada de encurtidos. 6 \u00ab<strong>Frejoles<\/strong>\u00ab. 7 Aj\u00ed de Gallina.<\/figcaption><\/figure>\n\n\n\n<p><strong>LA JERGA<\/strong><\/p>\n\n\n\n<p>En Per\u00fa se habla espa\u00f1ol obviamente pero me result\u00f3 interesante conocer las diferencias con el espa\u00f1ol que hablamos nosotros. A lo largo de todo este escrito he ido intercalando palabras de uso frecuente en Per\u00fa que en Espa\u00f1a no se utilizan salvo por los peruanos que viven con nosotros. Algunas est\u00e1n en el diccionario de la RAE pero hay otras que no y pertenecen a lo que se llama jerga peruana. Si quieres conocerlos mejor y entenderlos hay que aprenderlas para que no te pase como a m\u00ed que hab\u00eda escuchado cientos de veces la canci\u00f3n de \u201cLa flor de la canela\u201d y pensaba que la \u201clisura\u201d que derramaba del puente a la alameda era gracia y elegancia y no es as\u00ed. El sin\u00f3nimo de lisura es procacidad. O sea que la flor de la canela iba echando pestes. Pero qu\u00e9 bonita forma de decirlo: <strong>\u00abderramaba lisura\u00bb.<\/strong><\/p>\n\n\n\n<p>Si te dicen de una persona que es \u201c<strong>salada\u201d<\/strong> no es lo mismo que en Espa\u00f1a. En Per\u00fa se refieren a una persona gafe. <\/p>\n\n\n\n<p>Lechero, lenteja, asado\/a, chato\/a, churro\/a, flaco\/a, causa o pata no significan lo mismo en Per\u00fa que en Espa\u00f1a. Y si te dicen: \u00a1Qu\u00e9 pi\u00f1a, qu\u00e9 paja, qu\u00e9 palta, qu\u00e9 roche! pues que te ayude el contexto de la frase si no quieres preguntar. Pero pregunta que estar\u00e1n encantados de explic\u00e1rtelo con una gran sonrisa.<\/p>\n\n\n\n<p>La jerga peruana &nbsp;es una muestra m\u00e1s de que los peruanos son alegres, p\u00edcaros y divertidos y disfrutan jugando con las palabras para lo que utilizan un gran ingenio.<\/p>\n\n\n\n<p>As\u00ed que para no sentirte m\u00e1s perdido que <strong>\u00abhuevo en ceviche\u00bb<\/strong> (el ceviche no lleva huevo) si vas a Per\u00fa es bueno conocer la jerga.<\/p>\n\n\n\n<p><strong>LOS PERUANOS<\/strong><\/p>\n\n\n\n<figure class=\"wp-block-gallery has-nested-images columns-default is-cropped wp-block-gallery-18 is-layout-flex wp-block-gallery-is-layout-flex\">\n<figure class=\"wp-block-image size-large\"><img loading=\"lazy\" decoding=\"async\" width=\"1024\" height=\"576\" data-id=\"1008\" src=\"https:\/\/rafaelartacho.es\/wp-content\/uploads\/2023\/03\/20180412_201135-1024x576.jpg\" alt=\"\" class=\"wp-image-1008\" srcset=\"https:\/\/rafaelartacho.es\/wp-content\/uploads\/2023\/03\/20180412_201135-1024x576.jpg 1024w, https:\/\/rafaelartacho.es\/wp-content\/uploads\/2023\/03\/20180412_201135-300x169.jpg 300w, https:\/\/rafaelartacho.es\/wp-content\/uploads\/2023\/03\/20180412_201135-768x432.jpg 768w, https:\/\/rafaelartacho.es\/wp-content\/uploads\/2023\/03\/20180412_201135.jpg 1063w\" sizes=\"auto, (max-width: 709px) 85vw, (max-width: 909px) 67vw, (max-width: 1362px) 62vw, 840px\" \/><\/figure>\n\n\n\n<figure class=\"wp-block-image size-large\"><img loading=\"lazy\" decoding=\"async\" width=\"1024\" height=\"576\" data-id=\"1009\" src=\"https:\/\/rafaelartacho.es\/wp-content\/uploads\/2023\/03\/20180413_202357-1024x576.jpg\" alt=\"\" class=\"wp-image-1009\" srcset=\"https:\/\/rafaelartacho.es\/wp-content\/uploads\/2023\/03\/20180413_202357-1024x576.jpg 1024w, https:\/\/rafaelartacho.es\/wp-content\/uploads\/2023\/03\/20180413_202357-300x169.jpg 300w, https:\/\/rafaelartacho.es\/wp-content\/uploads\/2023\/03\/20180413_202357-768x432.jpg 768w, https:\/\/rafaelartacho.es\/wp-content\/uploads\/2023\/03\/20180413_202357.jpg 1063w\" sizes=\"auto, (max-width: 709px) 85vw, (max-width: 909px) 67vw, (max-width: 1362px) 62vw, 840px\" \/><\/figure>\n<\/figure>\n\n\n\n<figure class=\"wp-block-gallery has-nested-images columns-default is-cropped wp-block-gallery-19 is-layout-flex wp-block-gallery-is-layout-flex\">\n<figure class=\"wp-block-image size-large\"><img loading=\"lazy\" decoding=\"async\" width=\"1024\" height=\"576\" data-id=\"1010\" src=\"https:\/\/rafaelartacho.es\/wp-content\/uploads\/2023\/03\/20180425_221537-1024x576.jpg\" alt=\"\" class=\"wp-image-1010\" srcset=\"https:\/\/rafaelartacho.es\/wp-content\/uploads\/2023\/03\/20180425_221537-1024x576.jpg 1024w, https:\/\/rafaelartacho.es\/wp-content\/uploads\/2023\/03\/20180425_221537-300x169.jpg 300w, https:\/\/rafaelartacho.es\/wp-content\/uploads\/2023\/03\/20180425_221537-768x432.jpg 768w, https:\/\/rafaelartacho.es\/wp-content\/uploads\/2023\/03\/20180425_221537.jpg 1063w\" sizes=\"auto, (max-width: 709px) 85vw, (max-width: 909px) 67vw, (max-width: 1362px) 62vw, 840px\" \/><\/figure>\n\n\n\n<figure class=\"wp-block-image size-large\"><img loading=\"lazy\" decoding=\"async\" width=\"1024\" height=\"768\" data-id=\"1011\" src=\"https:\/\/rafaelartacho.es\/wp-content\/uploads\/2023\/03\/IMG-20180409-WA0032-1024x768.jpg\" alt=\"\" class=\"wp-image-1011\" srcset=\"https:\/\/rafaelartacho.es\/wp-content\/uploads\/2023\/03\/IMG-20180409-WA0032-1024x768.jpg 1024w, https:\/\/rafaelartacho.es\/wp-content\/uploads\/2023\/03\/IMG-20180409-WA0032-300x225.jpg 300w, https:\/\/rafaelartacho.es\/wp-content\/uploads\/2023\/03\/IMG-20180409-WA0032-768x576.jpg 768w, https:\/\/rafaelartacho.es\/wp-content\/uploads\/2023\/03\/IMG-20180409-WA0032-1200x900.jpg 1200w, https:\/\/rafaelartacho.es\/wp-content\/uploads\/2023\/03\/IMG-20180409-WA0032.jpg 1280w\" sizes=\"auto, (max-width: 709px) 85vw, (max-width: 909px) 67vw, (max-width: 1362px) 62vw, 840px\" \/><\/figure>\n\n\n\n<figure class=\"wp-block-image size-large\"><img loading=\"lazy\" decoding=\"async\" width=\"720\" height=\"540\" data-id=\"1012\" src=\"https:\/\/rafaelartacho.es\/wp-content\/uploads\/2023\/03\/IMG-20180427-WA0004.jpg\" alt=\"\" class=\"wp-image-1012\" srcset=\"https:\/\/rafaelartacho.es\/wp-content\/uploads\/2023\/03\/IMG-20180427-WA0004.jpg 720w, https:\/\/rafaelartacho.es\/wp-content\/uploads\/2023\/03\/IMG-20180427-WA0004-300x225.jpg 300w\" sizes=\"auto, (max-width: 709px) 85vw, (max-width: 909px) 67vw, (max-width: 984px) 61vw, (max-width: 1362px) 45vw, 600px\" \/><\/figure>\n<\/figure>\n\n\n\n<p>Tuve la suerte de disfrutar de la compa\u00f1\u00eda de la familia y amigos de Violeta en diferentes reuniones y puedo dar fe de que son personas agradables, educadas y muy hospitalarias. Pero sobre todo son alegres y con un gran sentido del humor. Tambi\u00e9n he comprobado en mi trato con las diferentes personas con las que nos hemos relacionado que son muy trabajadores, creativos  y orgullosos de su tierra.<\/p>\n\n\n\n<p><strong>LA DESPEDIDA<\/strong><\/p>\n\n\n\n<figure class=\"wp-block-embed is-type-video is-provider-youtube wp-block-embed-youtube wp-embed-aspect-16-9 wp-has-aspect-ratio\"><div class=\"wp-block-embed__wrapper\">\n<iframe loading=\"lazy\" title=\"FIESTA PARTICULAR EN PERU\" width=\"840\" height=\"473\" src=\"https:\/\/www.youtube.com\/embed\/fAfc6dcAtG4?feature=oembed\" frameborder=\"0\" allow=\"accelerometer; autoplay; clipboard-write; encrypted-media; gyroscope; picture-in-picture; web-share\" allowfullscreen><\/iframe>\n<\/div><\/figure>\n\n\n\n<p>Tocaba regresar a Espa\u00f1a y en Per\u00fa las despedidas no son tristes. La familia de Violeta organiz\u00f3 una fiesta de despedida que no olvidar\u00e9. Cantar, bailar, tomar, re\u00edr. Me di cuenta que son maestros en olvidar los problemas y preocupaciones del momento y saben divertirse y pasarlo bien. Disfrut\u00e9 un mont\u00f3n vivi\u00e9ndolo y grab\u00e1ndolo. Fue una fiesta \u201c<strong>ch\u00e9vere\u201d<\/strong>, \u201c<strong>de la PitriMitri\u201d<\/strong>. Vean el video y me dar\u00e1n la raz\u00f3n.<\/p>\n\n\n\n<p>As\u00ed que me qued\u00e9 con ganas de volver y volv\u00ed pero eso ya lo contar\u00e9 en otra historia.<\/p>\n\n\n\n<p>Como he disfrutado mucho recordando este viaje s\u00f3lo me queda decir: Gracias Per\u00fa, \u00a1qu\u00e9 lindo eres!<\/p>\n","protected":false},"excerpt":{"rendered":"<p>He tenido la fortuna de visitar dos veces Per\u00fa, una en Abril de 2018 y otra en Agosto- Septiembre de 2022. En las dos ocasiones he estado acompa\u00f1ado por VIOLETA, una mujer peruana extraordinaria y eso me ha permitido conocer m\u00e1s a fondo, a trav\u00e9s de su familia y amigos, ese hermoso pa\u00eds y a &hellip; <a href=\"https:\/\/rafaelartacho.es\/index.php\/2023\/03\/24\/que-lindo-es-peru-i\/\" class=\"more-link\">Continuar leyendo<span class=\"screen-reader-text\"> \u00ab\u00a1QUE LINDO ES PERU! (I)\u00bb<\/span><\/a><\/p>\n","protected":false},"author":1,"featured_media":0,"comment_status":"open","ping_status":"open","sticky":false,"template":"","format":"standard","meta":{"footnotes":""},"categories":[5],"tags":[29,31,28,30,27],"class_list":["post-870","post","type-post","status-publish","format-standard","hentry","category-uncategorised","tag-aguas-calientes","tag-cusco","tag-machu-picchu","tag-ollantaytambo","tag-peru"],"_links":{"self":[{"href":"https:\/\/rafaelartacho.es\/index.php\/wp-json\/wp\/v2\/posts\/870","targetHints":{"allow":["GET"]}}],"collection":[{"href":"https:\/\/rafaelartacho.es\/index.php\/wp-json\/wp\/v2\/posts"}],"about":[{"href":"https:\/\/rafaelartacho.es\/index.php\/wp-json\/wp\/v2\/types\/post"}],"author":[{"embeddable":true,"href":"https:\/\/rafaelartacho.es\/index.php\/wp-json\/wp\/v2\/users\/1"}],"replies":[{"embeddable":true,"href":"https:\/\/rafaelartacho.es\/index.php\/wp-json\/wp\/v2\/comments?post=870"}],"version-history":[{"count":80,"href":"https:\/\/rafaelartacho.es\/index.php\/wp-json\/wp\/v2\/posts\/870\/revisions"}],"predecessor-version":[{"id":1063,"href":"https:\/\/rafaelartacho.es\/index.php\/wp-json\/wp\/v2\/posts\/870\/revisions\/1063"}],"wp:attachment":[{"href":"https:\/\/rafaelartacho.es\/index.php\/wp-json\/wp\/v2\/media?parent=870"}],"wp:term":[{"taxonomy":"category","embeddable":true,"href":"https:\/\/rafaelartacho.es\/index.php\/wp-json\/wp\/v2\/categories?post=870"},{"taxonomy":"post_tag","embeddable":true,"href":"https:\/\/rafaelartacho.es\/index.php\/wp-json\/wp\/v2\/tags?post=870"}],"curies":[{"name":"wp","href":"https:\/\/api.w.org\/{rel}","templated":true}]}}