{"id":693,"date":"2018-09-27T17:51:22","date_gmt":"2018-09-27T15:51:22","guid":{"rendered":"https:\/\/aprendizdetodo.rafaelartacho.es\/2018\/09\/27\/adios-a-anvp-2\/"},"modified":"2018-09-27T17:51:22","modified_gmt":"2018-09-27T15:51:22","slug":"adios-a-anvp-2","status":"publish","type":"post","link":"https:\/\/rafaelartacho.es\/index.php\/2018\/09\/27\/adios-a-anvp-2\/","title":{"rendered":"ADIOS A ANVP"},"content":{"rendered":"\n<figure class=\"wp-block-image size-large\"><img loading=\"lazy\" decoding=\"async\" width=\"2560\" height=\"683\" src=\"https:\/\/rafaelartacho.es\/wp-content\/uploads\/2021\/01\/logo-ANVP-scaled-1.jpg\" alt=\"\" class=\"wp-image-146\" srcset=\"https:\/\/rafaelartacho.es\/wp-content\/uploads\/2021\/01\/logo-ANVP-scaled-1.jpg 2560w, https:\/\/rafaelartacho.es\/wp-content\/uploads\/2021\/01\/logo-ANVP-scaled-1-300x80.jpg 300w, https:\/\/rafaelartacho.es\/wp-content\/uploads\/2021\/01\/logo-ANVP-scaled-1-1024x273.jpg 1024w, https:\/\/rafaelartacho.es\/wp-content\/uploads\/2021\/01\/logo-ANVP-scaled-1-768x205.jpg 768w, https:\/\/rafaelartacho.es\/wp-content\/uploads\/2021\/01\/logo-ANVP-scaled-1-1536x410.jpg 1536w, https:\/\/rafaelartacho.es\/wp-content\/uploads\/2021\/01\/logo-ANVP-scaled-1-2048x546.jpg 2048w\" sizes=\"auto, (max-width: 709px) 85vw, (max-width: 909px) 67vw, (max-width: 1362px) 62vw, 840px\" \/><\/figure>\n\n\n\n<p>Lleg\u00f3 el d\u00eda que ten\u00eda que llegar. Anoche en Asamblea por multiconferencia se consum\u00f3 mi dimisi\u00f3n como Presidente de ANVP, dimisi\u00f3n que ya hab\u00eda anunciado a los miembros de esta Agrupaci\u00f3n en una carta remitida el pasado 21-09-2018.<br>A continuaci\u00f3n reproduzco la carta enviada:<\/p>\n\n\n\n<p><em>Queridos compa\u00f1eros:<\/em><\/p>\n\n\n\n<p><em>Como sab\u00e9is en marzo del a\u00f1o pasado decid\u00ed jubilarme<br>anticipadamente y el establecimiento que regentaba pas\u00f3 a manos de la persona que ha colaborado conmigo durante m\u00e1s de 25 a\u00f1os. Como a muchos de vosotros, el quiosco ya no daba para mantener dos sueldos y estoy contento de que a Sonia, que es la que contin\u00faa con la actividad, le vaya bien aunque trabaja mucho y muchas horas.<\/em><\/p>\n\n\n\n<figure class=\"wp-block-image size-large is-resized\"><img loading=\"lazy\" decoding=\"async\" src=\"https:\/\/rafaelartacho.es\/wp-content\/uploads\/2021\/01\/FOTO-PARA-COLUMNA-1.jpg\" alt=\"\" class=\"wp-image-147\" width=\"608\" height=\"615\" srcset=\"https:\/\/rafaelartacho.es\/wp-content\/uploads\/2021\/01\/FOTO-PARA-COLUMNA-1.jpg 360w, https:\/\/rafaelartacho.es\/wp-content\/uploads\/2021\/01\/FOTO-PARA-COLUMNA-1-297x300.jpg 297w\" sizes=\"auto, (max-width: 709px) 85vw, (max-width: 909px) 67vw, (max-width: 984px) 61vw, (max-width: 1362px) 45vw, 600px\" \/><\/figure>\n\n\n\n<p><em>Sonia me nombr\u00f3 su representante permanente en las<br>Asociaciones y gracias a eso he podido seguir presidiendo hasta ahora la Agrupaci\u00f3n Nacional de Vendedores de Publicaciones (ANVP) y el resto de Asociaciones.<\/em><\/p>\n\n\n\n<p><em>Desde el a\u00f1o 2010 que fui requerido para que se constituyera<br>ANVP y elegido Presidente, hasta la actualidad he trabajado con ah\u00ednco y he puesto todo mi saber y entender al servicio de los vendedores de prensa que he representado. Uno de mis mayores<br>empe\u00f1os ha sido tratar de conseguir que las Asociaciones de Vendedores de Prensa marcharan unidas, siendo consciente de que es la \u00fanica forma de lograr mejoras importantes en la situaci\u00f3n de los asociados.<\/em><\/p>\n\n\n\n<figure class=\"wp-block-gallery columns-2 is-cropped wp-block-gallery-1 is-layout-flex wp-block-gallery-is-layout-flex\"><ul class=\"blocks-gallery-grid\"><li class=\"blocks-gallery-item\"><figure><img loading=\"lazy\" decoding=\"async\" width=\"280\" height=\"360\" src=\"https:\/\/rafaelartacho.es\/wp-content\/uploads\/2021\/01\/190084_209065459110118_1176853_n-2-1.jpg\" alt=\"\" data-id=\"149\" data-link=\"https:\/\/aprendizdetodo.rafaelartacho.es\/?attachment_id=149\" class=\"wp-image-149\" srcset=\"https:\/\/rafaelartacho.es\/wp-content\/uploads\/2021\/01\/190084_209065459110118_1176853_n-2-1.jpg 280w, https:\/\/rafaelartacho.es\/wp-content\/uploads\/2021\/01\/190084_209065459110118_1176853_n-2-1-233x300.jpg 233w\" sizes=\"auto, (max-width: 280px) 85vw, 280px\" \/><\/figure><\/li><li class=\"blocks-gallery-item\"><figure><img loading=\"lazy\" decoding=\"async\" width=\"720\" height=\"960\" src=\"https:\/\/rafaelartacho.es\/wp-content\/uploads\/2021\/01\/44321779_10211922289229753_3425382696556167168_n.jpg\" alt=\"\" data-id=\"150\" data-full-url=\"https:\/\/rafaelartacho.es\/wp-content\/uploads\/2021\/01\/44321779_10211922289229753_3425382696556167168_n.jpg\" data-link=\"https:\/\/aprendizdetodo.rafaelartacho.es\/?attachment_id=150\" class=\"wp-image-150\" srcset=\"https:\/\/rafaelartacho.es\/wp-content\/uploads\/2021\/01\/44321779_10211922289229753_3425382696556167168_n.jpg 720w, https:\/\/rafaelartacho.es\/wp-content\/uploads\/2021\/01\/44321779_10211922289229753_3425382696556167168_n-225x300.jpg 225w\" sizes=\"auto, (max-width: 709px) 85vw, (max-width: 909px) 67vw, (max-width: 984px) 61vw, (max-width: 1362px) 45vw, 600px\" \/><\/figure><\/li><\/ul><\/figure>\n\n\n\n<p><em>Desde el primer momento tendimos la mano al resto de Asociaciones y eso que en alg\u00fan caso fuimos recibidos con exabruptos e insidias de quien pone por delante sus intereses personales a costa de la unidad.<\/em><\/p>\n\n\n\n<p><em>Pero eso no me desanim\u00f3 y me sirvi\u00f3 de est\u00edmulo para mantener<br>contactos con todas las Asociaciones que han querido y establecer canales de colaboraci\u00f3n, independientemente de a qu\u00e9 Confederaci\u00f3n pertenec\u00edan.<\/em><\/p>\n\n\n\n<p><em>Por eso en Julio del a\u00f1o pasado, cuando se constituy\u00f3 la Comisi\u00f3n Nacional de Vendedores de Publicaciones sent\u00ed una gran alegr\u00eda (aunque yo no formaba parte de la Directiva de la misma) pues se daba un paso muy importante en la consecuci\u00f3n de esa unidad de acci\u00f3n tan necesaria.<\/em><\/p>\n\n\n\n<figure class=\"wp-block-image size-large\"><img loading=\"lazy\" decoding=\"async\" width=\"741\" height=\"725\" src=\"https:\/\/rafaelartacho.es\/wp-content\/uploads\/2021\/01\/LOGO-ULTIMO.jpg\" alt=\"\" class=\"wp-image-151\" srcset=\"https:\/\/rafaelartacho.es\/wp-content\/uploads\/2021\/01\/LOGO-ULTIMO.jpg 741w, https:\/\/rafaelartacho.es\/wp-content\/uploads\/2021\/01\/LOGO-ULTIMO-300x294.jpg 300w\" sizes=\"auto, (max-width: 709px) 85vw, (max-width: 909px) 67vw, (max-width: 984px) 61vw, (max-width: 1362px) 45vw, 600px\" \/><\/figure>\n\n\n\n<p><em>Ya ha transcurrido poco m\u00e1s de un a\u00f1o y ya est\u00e1 logrando<br>\u00e9xitos impensables antes de su creaci\u00f3n. Ya es un interlocutor reconocido y respetado por editores y distribuidores y cosechar\u00e1 \u00e9xitos en la medida en que tenga el apoyo sin fisuras de todas las Asociaciones y de sus asociados.<\/em><\/p>\n\n\n\n<p><em>La Comisi\u00f3n ha demostrado su utilidad y su necesidad y a partir de ahora se inicia una nueva forma de trabajar en equipo. Por eso creo que ha llegado el momento para que yo diga \u201cAdi\u00f3s\u201d, para que gente m\u00e1s joven tome el testigo y contin\u00fae la labor emprendida.<\/em><\/p>\n\n\n\n<p><em>En la Asamblea del pr\u00f3ximo 26 de septiembre presentar\u00e9 mi<br>dimisi\u00f3n irrevocable y dejar\u00e9 en vuestras manos la elecci\u00f3n de la nueva Junta Directiva de ANVP.<\/em><\/p>\n\n\n\n<p><em>Agradezco vuestro apoyo y colaboraci\u00f3n durante \u00e9stos 8 a\u00f1os y me tendr\u00e9is a vuestra disposici\u00f3n para responder y explicar cu\u00e1ntas consultas quer\u00e1is hacerme.<\/em><\/p>\n\n\n\n<p><em>Un abrazo a todos.<\/em><\/p>\n\n\n\n<p>RAFAEL ARTACHO<\/p>\n\n\n\n<p>21\/09\/2018<\/p>\n\n\n\n<p><\/p>\n","protected":false},"excerpt":{"rendered":"<p>Lleg\u00f3 el d\u00eda que ten\u00eda que llegar. Anoche en Asamblea por multiconferencia se consum\u00f3 mi dimisi\u00f3n como Presidente de ANVP, dimisi\u00f3n que ya hab\u00eda anunciado a los miembros de esta Agrupaci\u00f3n en una carta remitida el pasado 21-09-2018.A continuaci\u00f3n reproduzco la carta enviada: Queridos compa\u00f1eros: Como sab\u00e9is en marzo del a\u00f1o pasado decid\u00ed jubilarmeanticipadamente y &hellip; <a href=\"https:\/\/rafaelartacho.es\/index.php\/2018\/09\/27\/adios-a-anvp-2\/\" class=\"more-link\">Continuar leyendo<span class=\"screen-reader-text\"> \u00abADIOS A ANVP\u00bb<\/span><\/a><\/p>\n","protected":false},"author":1,"featured_media":0,"comment_status":"open","ping_status":"open","sticky":false,"template":"","format":"standard","meta":{"footnotes":""},"categories":[4],"tags":[],"class_list":["post-693","post","type-post","status-publish","format-standard","hentry","category-category1"],"_links":{"self":[{"href":"https:\/\/rafaelartacho.es\/index.php\/wp-json\/wp\/v2\/posts\/693","targetHints":{"allow":["GET"]}}],"collection":[{"href":"https:\/\/rafaelartacho.es\/index.php\/wp-json\/wp\/v2\/posts"}],"about":[{"href":"https:\/\/rafaelartacho.es\/index.php\/wp-json\/wp\/v2\/types\/post"}],"author":[{"embeddable":true,"href":"https:\/\/rafaelartacho.es\/index.php\/wp-json\/wp\/v2\/users\/1"}],"replies":[{"embeddable":true,"href":"https:\/\/rafaelartacho.es\/index.php\/wp-json\/wp\/v2\/comments?post=693"}],"version-history":[{"count":0,"href":"https:\/\/rafaelartacho.es\/index.php\/wp-json\/wp\/v2\/posts\/693\/revisions"}],"wp:attachment":[{"href":"https:\/\/rafaelartacho.es\/index.php\/wp-json\/wp\/v2\/media?parent=693"}],"wp:term":[{"taxonomy":"category","embeddable":true,"href":"https:\/\/rafaelartacho.es\/index.php\/wp-json\/wp\/v2\/categories?post=693"},{"taxonomy":"post_tag","embeddable":true,"href":"https:\/\/rafaelartacho.es\/index.php\/wp-json\/wp\/v2\/tags?post=693"}],"curies":[{"name":"wp","href":"https:\/\/api.w.org\/{rel}","templated":true}]}}