{"id":692,"date":"2018-10-06T16:22:35","date_gmt":"2018-10-06T14:22:35","guid":{"rendered":"https:\/\/aprendizdetodo.rafaelartacho.es\/2018\/10\/06\/adios-a-avepres-mostoles-3\/"},"modified":"2018-10-06T16:22:35","modified_gmt":"2018-10-06T14:22:35","slug":"adios-a-avepres-mostoles-3","status":"publish","type":"post","link":"https:\/\/rafaelartacho.es\/index.php\/2018\/10\/06\/adios-a-avepres-mostoles-3\/","title":{"rendered":"ADIOS A AVEPRES MOSTOLES"},"content":{"rendered":"\n<figure class=\"wp-block-image size-large\"><img loading=\"lazy\" decoding=\"async\" width=\"815\" height=\"732\" src=\"https:\/\/rafaelartacho.es\/wp-content\/uploads\/2021\/01\/logo-avepress-mostoles.jpg\" alt=\"\" class=\"wp-image-171\" srcset=\"https:\/\/rafaelartacho.es\/wp-content\/uploads\/2021\/01\/logo-avepress-mostoles.jpg 815w, https:\/\/rafaelartacho.es\/wp-content\/uploads\/2021\/01\/logo-avepress-mostoles-300x269.jpg 300w, https:\/\/rafaelartacho.es\/wp-content\/uploads\/2021\/01\/logo-avepress-mostoles-768x690.jpg 768w\" sizes=\"auto, (max-width: 709px) 85vw, (max-width: 909px) 67vw, (max-width: 984px) 61vw, (max-width: 1362px) 45vw, 600px\" \/><\/figure>\n\n\n\n<p>Contin\u00fao con la racha de despedidas y ahora le ha tocado a la Asociaci\u00f3n de Vendedores de Prensa de M\u00f3stoles. El viernes 5 de Octubre de 2018 y coincidiendo con la celebraci\u00f3n del D\u00eda del Vendedor de Prensa, tuve la oportunidad de despedirme de los vendedores de prensa y de muchas personas con las que he colaborado durante los \u00faltimos 23 a\u00f1os que he estado en la Asociaci\u00f3n.<\/p>\n\n\n\n<p>Agradezco a la Asociaci\u00f3n y a su nuevo presidente que me permitieran leer el emotivo discurso de despedida que a continuaci\u00f3n reproduzco:<\/p>\n\n\n\n<p><em>Buenas noches a todos:<\/em><\/p>\n\n\n\n<p><em>Agradezco a la Asociaci\u00f3n de Vendedores de Prensa de M\u00f3stoles y a su presidente Juan Miguel que me permitan dirigirles estas palabras de despedida.<\/em><\/p>\n\n\n\n<p><em>Despu\u00e9s de 23 a\u00f1os trabajando en la Asociaci\u00f3n ha llegado el momento de decir adi\u00f3s. Se dice pronto 23 a\u00f1os y a veces tenemos la sensaci\u00f3n de que no pasa el tiempo. Cada d\u00eda nos miramos al espejo y nos vemos igual que el d\u00eda anterior y as\u00ed un d\u00eda tras otro. Los padres tendemos a ver a nuestros hijos siempre igual como si no cambiaran. Recuerdo que mi padre cuando se refer\u00eda a mis hermanas, que por cierto est\u00e1n por ah\u00ed, siempre dec\u00eda las ni\u00f1as. Y nosotros los hermanos seguimos llam\u00e1ndolas as\u00ed: \u201clas ni\u00f1as\u201d.<\/em><\/p>\n\n\n\n<p><em>Pero cuando reflexionas, cuando vemos fotos antiguas, entonces s\u00ed nos damos cuenta c\u00f3mo pasa el tiempo. Y eso es lo que me ha pasado que he mirado hacia atr\u00e1s y s\u00ed han cambiado muchas cosas, unas para bien, otras para no tan bien.<\/em><\/p>\n\n\n\n<figure class=\"wp-block-image size-large\"><img loading=\"lazy\" decoding=\"async\" width=\"2560\" height=\"1358\" src=\"https:\/\/rafaelartacho.es\/wp-content\/uploads\/2021\/01\/20181005_213111-REC-scaled-1.jpg\" alt=\"\" class=\"wp-image-167\" srcset=\"https:\/\/rafaelartacho.es\/wp-content\/uploads\/2021\/01\/20181005_213111-REC-scaled-1.jpg 2560w, https:\/\/rafaelartacho.es\/wp-content\/uploads\/2021\/01\/20181005_213111-REC-scaled-1-300x159.jpg 300w, https:\/\/rafaelartacho.es\/wp-content\/uploads\/2021\/01\/20181005_213111-REC-scaled-1-1024x543.jpg 1024w, https:\/\/rafaelartacho.es\/wp-content\/uploads\/2021\/01\/20181005_213111-REC-scaled-1-768x407.jpg 768w, https:\/\/rafaelartacho.es\/wp-content\/uploads\/2021\/01\/20181005_213111-REC-scaled-1-1536x815.jpg 1536w, https:\/\/rafaelartacho.es\/wp-content\/uploads\/2021\/01\/20181005_213111-REC-scaled-1-2048x1086.jpg 2048w\" sizes=\"auto, (max-width: 709px) 85vw, (max-width: 909px) 67vw, (max-width: 1362px) 62vw, 840px\" \/><\/figure>\n\n\n\n<p><em>En 1995 empezaba mi andadura en esta Asociaci\u00f3n tras haber dejado de trabajar por cuenta ajena y empezar a dedicarme al comercio familiar de venta de prensa. Me encuentro un colectivo de los quioscos que aunque hab\u00edan constituido la Asociaci\u00f3n con anterioridad estaba sin actividad. No les voy a contar todo lo que hemos hecho en estos 23 a\u00f1os, pues no quiero aburrirles cont\u00e1ndoles batallitas, como solemos hacer los jubilados, pero perm\u00edtanme que si destaque algunos hechos.<\/em><\/p>\n\n\n\n<p><em>En 1995 las normas municipales que regulaban la actividad de<br>los quioscos establec\u00edan una concesi\u00f3n por 5 a\u00f1os. A los cinco a\u00f1os el quiosco que hab\u00eda sido pagado por el quiosquero pasaba a propiedad del Ayuntamiento y no estaba autorizado ni el traspaso ni el subarriendo. A pesar de eso se alquilaban los quioscos, se traspasaban, se vend\u00edan de particular a particular aunque el due\u00f1o fuera el ayuntamiento. En fin se ejerc\u00eda esta actividad con la inseguridad de que muchos estaban en situaci\u00f3n irregular.<\/em><\/p>\n\n\n\n<p><em>Hablamos con la Concejal\u00eda de Asuntos Sociales, que era<br>quien llevaba entonces la gesti\u00f3n de las concesiones de quioscos y en 1999 se aprob\u00f3 una Ordenanza que supuso avances pero que se dej\u00f3 en el tintero cosas importantes, como la publicidad gen\u00e9rica y la ampliaci\u00f3n de art\u00edculos que se pod\u00edan comercializar.<\/em><\/p>\n\n\n\n<figure class=\"wp-block-image size-large\"><img loading=\"lazy\" decoding=\"async\" width=\"2560\" height=\"1535\" src=\"https:\/\/rafaelartacho.es\/wp-content\/uploads\/2021\/01\/20181005_213137-REC-scaled-1.jpg\" alt=\"\" class=\"wp-image-168\" srcset=\"https:\/\/rafaelartacho.es\/wp-content\/uploads\/2021\/01\/20181005_213137-REC-scaled-1.jpg 2560w, https:\/\/rafaelartacho.es\/wp-content\/uploads\/2021\/01\/20181005_213137-REC-scaled-1-300x180.jpg 300w, https:\/\/rafaelartacho.es\/wp-content\/uploads\/2021\/01\/20181005_213137-REC-scaled-1-1024x614.jpg 1024w, https:\/\/rafaelartacho.es\/wp-content\/uploads\/2021\/01\/20181005_213137-REC-scaled-1-768x461.jpg 768w, https:\/\/rafaelartacho.es\/wp-content\/uploads\/2021\/01\/20181005_213137-REC-scaled-1-1536x921.jpg 1536w, https:\/\/rafaelartacho.es\/wp-content\/uploads\/2021\/01\/20181005_213137-REC-scaled-1-2048x1228.jpg 2048w\" sizes=\"auto, (max-width: 709px) 85vw, (max-width: 909px) 67vw, (max-width: 1362px) 62vw, 840px\" \/><\/figure>\n\n\n\n<p><em>En 2003 con la llegada de una nueva corporaci\u00f3n, seguimos<br>trabajando para mejorar la ordenanza, les contamos nuestro proyecto para renovar los quioscos y que \u00e9stos fueran financiados por la publicidad, les pedimos que se ampliaran los plazos de concesi\u00f3n y que se abriera la posibilidad de hacer cambios de titularidad durante el tiempo de duraci\u00f3n. Comprendieron la situaci\u00f3n y con mucho di\u00e1logo se superaron las diferencias y aceptaron nuestras peticiones, se regularizaron todas las autorizaciones, se pusieron quioscos nuevos y eso supuso un avance muy importante. Esa ordenanza, que fue aprobada en 2007, ha sido un modelo que se est\u00e1 usando como referencia en muchas ciudades de Espa\u00f1a.<\/em><\/p>\n\n\n\n<p><em>Y el broche de esa Ordenanza es que incluye a la Asociaci\u00f3n de Vendedores de Prensa de M\u00f3stoles como miembro de la Mesa de contrataci\u00f3n que es el \u00d3rgano, formado por los t\u00e9cnicos de diferentes concejal\u00edas, que se ocupa de las concesiones, renuncias, cambios de titularidad de los quioscos, lo que supone una muestra de transparencia y un reconocimiento de la labor de esta<br>Asociaci\u00f3n.<\/em><\/p>\n\n\n\n<p><em>Pero no nos quedamos ah\u00ed. Lleg\u00f3 la crisis y ve\u00edamos que se<br>cerraban m\u00e1s comercios, que el papel como soporte de informaci\u00f3n empezaba su declive, que los quioscos de frutos secos desaparec\u00edan; y como precisamente la existencia de los quioscos de frutos secos era el obst\u00e1culo legal que se nos pon\u00eda para seguir ampliando los art\u00edculos autorizados para vender, cuando cerr\u00f3 el \u00faltimo solicitamos una nueva ampliaci\u00f3n de art\u00edculos y servicios que poder ofrecer a nuestros vecinos.<\/em><\/p>\n\n\n\n<figure class=\"wp-block-image size-large\"><img loading=\"lazy\" decoding=\"async\" width=\"2560\" height=\"1446\" src=\"https:\/\/rafaelartacho.es\/wp-content\/uploads\/2021\/01\/20181005_213234-REC-scaled-1.jpg\" alt=\"\" class=\"wp-image-169\" srcset=\"https:\/\/rafaelartacho.es\/wp-content\/uploads\/2021\/01\/20181005_213234-REC-scaled-1.jpg 2560w, https:\/\/rafaelartacho.es\/wp-content\/uploads\/2021\/01\/20181005_213234-REC-scaled-1-300x169.jpg 300w, https:\/\/rafaelartacho.es\/wp-content\/uploads\/2021\/01\/20181005_213234-REC-scaled-1-1024x578.jpg 1024w, https:\/\/rafaelartacho.es\/wp-content\/uploads\/2021\/01\/20181005_213234-REC-scaled-1-768x434.jpg 768w, https:\/\/rafaelartacho.es\/wp-content\/uploads\/2021\/01\/20181005_213234-REC-scaled-1-1536x868.jpg 1536w, https:\/\/rafaelartacho.es\/wp-content\/uploads\/2021\/01\/20181005_213234-REC-scaled-1-2048x1157.jpg 2048w\" sizes=\"auto, (max-width: 709px) 85vw, (max-width: 909px) 67vw, (max-width: 1362px) 62vw, 840px\" \/><\/figure>\n\n\n\n<p><em>Tard\u00f3 m\u00e1s de lo deseado en llegar esa ampliaci\u00f3n pero al<br>fin, en noviembre de 2015, con la nueva Corporaci\u00f3n que gobierna actualmente el Ayuntamiento lleg\u00f3 esa ampliaci\u00f3n.<\/em><\/p>\n\n\n\n<p><em>Entretanto la Federaci\u00f3n de Comerciantes, de la que esta<br>Asociaci\u00f3n es miembro fundador, cobra un nuevo impulso con la llegada de una nueva Junta Directiva con su presidenta, Chelo,<br>a la cabeza.<\/em><\/p>\n\n\n\n<p><em>Este impulso tambi\u00e9n llega a esta Asociaci\u00f3n, que ve c\u00f3mo la<br>Federaci\u00f3n implica a los vendedores de prensa con el resto del comercio de esta ciudad y le da una mayor visibilidad. Prueba de ello es el acto que hoy celebramos en su tercera edici\u00f3n, y que empez\u00f3 a gestarse gracias al empe\u00f1o de CHELO para que hici\u00e9ramos alguna<br>acci\u00f3n de promoci\u00f3n de nuestra actividad y gracias tambi\u00e9n al Convenio que el Ayuntamiento ha suscrito con la Federaci\u00f3n.<\/em><\/p>\n\n\n\n<p><em>La celebraci\u00f3n del D\u00eda del Vendedor de Prensa de hoy,<br>que viene precedida por una importante campa\u00f1a en MUPIS y en prensa local, hace que los vendedores nos sintamos importantes, pone sonrisas en nuestros vecinos y nos anima a seguir trabajando.<\/em><\/p>\n\n\n\n<p><em>Pero la Asociaci\u00f3n ha hecho muchas m\u00e1s cosas para defender a<br>los vendedores de las malas pr\u00e1cticas de los distribuidores y editores. La mediaci\u00f3n con \u00e9stos, gestionar reclamaciones, el hacer que el vendedor no se sienta s\u00f3lo son gestiones que tambi\u00e9n hacemos y que nos produce satisfacci\u00f3n cuando son exitosas.<\/em><\/p>\n\n\n\n<figure class=\"wp-block-image size-large\"><img loading=\"lazy\" decoding=\"async\" width=\"2560\" height=\"1307\" src=\"https:\/\/rafaelartacho.es\/wp-content\/uploads\/2021\/01\/20181005_213547-REC-scaled-1.jpg\" alt=\"\" class=\"wp-image-170\" srcset=\"https:\/\/rafaelartacho.es\/wp-content\/uploads\/2021\/01\/20181005_213547-REC-scaled-1.jpg 2560w, https:\/\/rafaelartacho.es\/wp-content\/uploads\/2021\/01\/20181005_213547-REC-scaled-1-300x153.jpg 300w, https:\/\/rafaelartacho.es\/wp-content\/uploads\/2021\/01\/20181005_213547-REC-scaled-1-1024x523.jpg 1024w, https:\/\/rafaelartacho.es\/wp-content\/uploads\/2021\/01\/20181005_213547-REC-scaled-1-768x392.jpg 768w, https:\/\/rafaelartacho.es\/wp-content\/uploads\/2021\/01\/20181005_213547-REC-scaled-1-1536x784.jpg 1536w, https:\/\/rafaelartacho.es\/wp-content\/uploads\/2021\/01\/20181005_213547-REC-scaled-1-2048x1046.jpg 2048w\" sizes=\"auto, (max-width: 709px) 85vw, (max-width: 909px) 67vw, (max-width: 1362px) 62vw, 840px\" \/><\/figure>\n\n\n\n<p><em>No quiero cansarles, solamente una cosa m\u00e1s, y con esto termino:<br>El quiosco est\u00e1 en peligro, el comercio de barrio est\u00e1 en peligro y quiero hacer un llamamiento para que el quiosco no desaparezca, para que el comercio de nuestro barrio no desaparezca.<\/em><\/p>\n\n\n\n<p><em>En primer lugar a los propios quiosqueros y comerciantes, que se modernicen, que est\u00e9n muy atentos a los gustos de los clientes, que se<br>adapten a los nuevos tiempos, pero tambi\u00e9n a nuestros representantes pol\u00edticos.<\/em><\/p>\n\n\n\n<p><em>Es necesario ayudar al comercio y cuando digo ayudar no es s\u00f3lo dar dinero, que tambi\u00e9n. Hay muchas cosas que se pueden hacer que no suponen gasto de dinero extra. Es facilitar su actividad, es tened en cuenta al comercio en las normativas que se promulguen, es conciliar los intereses de vecinos y comerciantes. El comercio hace ciudad y debe ser un aliado natural para hacerla m\u00e1s c\u00f3moda y m\u00e1s segura.<\/em><\/p>\n\n\n\n<p><em>En cuanto al quiosco pues termino pidiendo como siempre una<br>nueva ampliaci\u00f3n de productos y servicios. El papel cada vez se vende menos pero el quiosco debe seguir en la calle, la calle es el mejor escaparate y el quiosco ya est\u00e1 en la calle y est\u00e1 regulado. Aprovech\u00e9moslo. Dejo a mis sucesores que determinen qu\u00e9 nuevos productos y servicios van a necesitar pero por favor:<\/em><\/p>\n\n\n\n<p><em>No dejen morir al quiosco, no dejen morir al comercio de<br>barrio.<\/em><\/p>\n\n\n\n<p><em>Buenas noches y muchas gracias.<\/em><\/p>\n","protected":false},"excerpt":{"rendered":"<p>Contin\u00fao con la racha de despedidas y ahora le ha tocado a la Asociaci\u00f3n de Vendedores de Prensa de M\u00f3stoles. El viernes 5 de Octubre de 2018 y coincidiendo con la celebraci\u00f3n del D\u00eda del Vendedor de Prensa, tuve la oportunidad de despedirme de los vendedores de prensa y de muchas personas con las que &hellip; <a href=\"https:\/\/rafaelartacho.es\/index.php\/2018\/10\/06\/adios-a-avepres-mostoles-3\/\" class=\"more-link\">Continuar leyendo<span class=\"screen-reader-text\"> \u00abADIOS A AVEPRES MOSTOLES\u00bb<\/span><\/a><\/p>\n","protected":false},"author":1,"featured_media":0,"comment_status":"open","ping_status":"open","sticky":false,"template":"","format":"standard","meta":{"footnotes":""},"categories":[4],"tags":[],"class_list":["post-692","post","type-post","status-publish","format-standard","hentry","category-category1"],"_links":{"self":[{"href":"https:\/\/rafaelartacho.es\/index.php\/wp-json\/wp\/v2\/posts\/692","targetHints":{"allow":["GET"]}}],"collection":[{"href":"https:\/\/rafaelartacho.es\/index.php\/wp-json\/wp\/v2\/posts"}],"about":[{"href":"https:\/\/rafaelartacho.es\/index.php\/wp-json\/wp\/v2\/types\/post"}],"author":[{"embeddable":true,"href":"https:\/\/rafaelartacho.es\/index.php\/wp-json\/wp\/v2\/users\/1"}],"replies":[{"embeddable":true,"href":"https:\/\/rafaelartacho.es\/index.php\/wp-json\/wp\/v2\/comments?post=692"}],"version-history":[{"count":0,"href":"https:\/\/rafaelartacho.es\/index.php\/wp-json\/wp\/v2\/posts\/692\/revisions"}],"wp:attachment":[{"href":"https:\/\/rafaelartacho.es\/index.php\/wp-json\/wp\/v2\/media?parent=692"}],"wp:term":[{"taxonomy":"category","embeddable":true,"href":"https:\/\/rafaelartacho.es\/index.php\/wp-json\/wp\/v2\/categories?post=692"},{"taxonomy":"post_tag","embeddable":true,"href":"https:\/\/rafaelartacho.es\/index.php\/wp-json\/wp\/v2\/tags?post=692"}],"curies":[{"name":"wp","href":"https:\/\/api.w.org\/{rel}","templated":true}]}}