{"id":690,"date":"2017-09-10T04:00:44","date_gmt":"2017-09-10T02:00:44","guid":{"rendered":"https:\/\/aprendizdetodo.rafaelartacho.es\/2017\/09\/10\/que-buena-es-mi-mari-1\/"},"modified":"2017-09-10T04:00:44","modified_gmt":"2017-09-10T02:00:44","slug":"que-buena-es-mi-mari-1","status":"publish","type":"post","link":"https:\/\/rafaelartacho.es\/index.php\/2017\/09\/10\/que-buena-es-mi-mari-1\/","title":{"rendered":"QUE BUENA ES MI MARI"},"content":{"rendered":"<p><span style=\"vertical-align: inherit;\"><span style=\"vertical-align: inherit;\">Mi <\/span><\/span><span style=\"vertical-align: inherit;\"><span style=\"vertical-align: inherit;\">madre sol\u00eda decir que qu\u00e9 suerte hab\u00eda tenido con todos sus hijos, que ninguno <\/span><\/span><span style=\"vertical-align: inherit;\"><span style=\"vertical-align: inherit;\">le hab\u00eda salido descarriado. <\/span><span style=\"vertical-align: inherit;\">Ten\u00eda la costumbre de hablar bien de cada uno de ellos, pero si estaban ausentes. <\/span><span style=\"vertical-align: inherit;\">Si hablaba conmigo me dec\u00eda, lo h\u00e1bil que era su <\/span><\/span><span style=\"vertical-align: inherit;\"><span style=\"vertical-align: inherit;\">Manolo, lo buena que era su Mari, lo <\/span><\/span><span style=\"vertical-align: inherit;\"><span style=\"vertical-align: inherit;\">dispuesta que era su Carmen que entiende \u201cde t\u00f3\u201d, lo cari\u00f1oso que era su Pepe, <\/span><\/span><span style=\"vertical-align: inherit;\"><span style=\"vertical-align: inherit;\">que dec\u00eda que no se iba a casar nunca porque siempre estar\u00eda con ella y lo <\/span><\/span><span style=\"vertical-align: inherit;\"><span style=\"vertical-align: inherit;\">trabajador que era su Carlos. <\/span><span style=\"vertical-align: inherit;\">Tambi\u00e9n me consta que dec\u00eda cosas buenas de m\u00ed a <\/span><\/span><span style=\"vertical-align: inherit;\"><span style=\"vertical-align: inherit;\">mis hermanos.<\/span><\/span><\/p>\n<p><span style=\"vertical-align: inherit;\"><span style=\"vertical-align: inherit;\">No s\u00e9 <\/span><\/span><span style=\"vertical-align: inherit;\"><span style=\"vertical-align: inherit;\">si lo hac\u00eda conscientemente para que nos sirviera de est\u00edmulo pero lo que s\u00ed s\u00e9 <\/span><\/span><span style=\"vertical-align: inherit;\"><span style=\"vertical-align: inherit;\">es que a veces esos comentarios me produc\u00edan celos y llegaba a pensar que era <\/span><\/span><span style=\"vertical-align: inherit;\"><span style=\"vertical-align: inherit;\">menos valorado que aquel o aquella a quien elogiaba.<\/span><\/span><\/p>\n<p><\/p>\n\n\n<figure class=\"wp-block-image size-large\"><img loading=\"lazy\" decoding=\"async\" width=\"678\" height=\"834\" src=\"https:\/\/rafaelartacho.es\/wp-content\/uploads\/2017\/09\/MARI-CARMEN-RAFA.jpg\" alt=\"\" class=\"wp-image-205\" srcset=\"https:\/\/rafaelartacho.es\/wp-content\/uploads\/2017\/09\/MARI-CARMEN-RAFA.jpg 678w, https:\/\/rafaelartacho.es\/wp-content\/uploads\/2017\/09\/MARI-CARMEN-RAFA-244x300.jpg 244w\" sizes=\"auto, (max-width: 709px) 85vw, (max-width: 909px) 67vw, (max-width: 984px) 61vw, (max-width: 1362px) 45vw, 600px\" \/><\/figure>\n\n\n\n<p>A veces le hac\u00edamos la pregunta <em>\u00bfA qu\u00e9 hijo quieres m\u00e1s ?,<\/em> y ella siempre respond\u00eda que a todos por igual y mostrando su mano abierta dec\u00eda: \u201c <em>a ver qu\u00e9 dedo voy a querer que me corten\u201d.<\/em><\/p>\n\n\n\n<p>Y ante ese argumento todos call\u00e1bamos d\u00e1ndolo por bueno, aunque en el fondo pens\u00e1ramos que quer\u00eda m\u00e1s a los otros.<\/p>\n\n\n\n<p>Pero hoy quiero hablar de mi hermana Mari porque haber crecido en el seno de una familia numerosa imprime car\u00e1cter. Si adem\u00e1s es la hermana mayor y ha nacido en la d\u00e9cada de los 40, en lo que se conoce c\u00f3mo los a\u00f1os del hambre, relatar su infancia y juventud dar\u00eda para escribir un libro.<\/p>\n\n\n\n<p>A mi hermana Mari le toc\u00f3 vivir esa \u00e9poca y desde muy ni\u00f1a se tuvo que hacer cargo de los hermanos m\u00e1s peque\u00f1os y ayudar en las tareas del hogar que en aquellos a\u00f1os carec\u00eda de las comodidades de hoy.<\/p>\n\n\n\n<p>A eso hay que a\u00f1adir que ya padec\u00eda una insuficiencia visual que no se trat\u00f3 de forma adecuada y que durante su estancia en la escuela le falt\u00f3 la comprensi\u00f3n de las monjas, que la expulsaron porque pretend\u00edan que leyera sin acercarse el libro a los ojos, cuando para una persona miope sin gafas eso es pedir un imposible. Es f\u00e1cil imaginar el da\u00f1o que esa humillaci\u00f3n provoc\u00f3 y lo dif\u00edcil que puede ser para una ni\u00f1a sobreponerse emocionalmente a ese rechazo.<\/p>\n\n\n\n<p>No es extra\u00f1o por tanto que cuando hurga en sus recuerdos de infancia y juventud afloren las malas experiencias.<\/p>\n\n\n\n<p>Quiz\u00e1 eso la hizo callada, obediente, y siempre buscando la aprobaci\u00f3n de los padres y superiores para evitar cualquier rega\u00f1ina y demostrar que pod\u00eda ser \u00fatil.<\/p>\n\n\n\n<figure class=\"wp-block-gallery columns-2 is-cropped wp-block-gallery-1 is-layout-flex wp-block-gallery-is-layout-flex\"><ul class=\"blocks-gallery-grid\"><li class=\"blocks-gallery-item\"><figure><img loading=\"lazy\" decoding=\"async\" width=\"1164\" height=\"1698\" src=\"https:\/\/rafaelartacho.es\/wp-content\/uploads\/2021\/01\/foto-2.jpg\" alt=\"\" data-id=\"91\" data-link=\"https:\/\/aprendizdetodo.rafaelartacho.es\/2017\/09\/10\/que-buena-es-mi-mari-1\/foto-2\/\" class=\"wp-image-91\" srcset=\"https:\/\/rafaelartacho.es\/wp-content\/uploads\/2021\/01\/foto-2.jpg 1164w, https:\/\/rafaelartacho.es\/wp-content\/uploads\/2021\/01\/foto-2-206x300.jpg 206w, https:\/\/rafaelartacho.es\/wp-content\/uploads\/2021\/01\/foto-2-702x1024.jpg 702w, https:\/\/rafaelartacho.es\/wp-content\/uploads\/2021\/01\/foto-2-768x1120.jpg 768w, https:\/\/rafaelartacho.es\/wp-content\/uploads\/2021\/01\/foto-2-1053x1536.jpg 1053w\" sizes=\"auto, (max-width: 709px) 85vw, (max-width: 909px) 67vw, (max-width: 1362px) 62vw, 840px\" \/><\/figure><\/li><li class=\"blocks-gallery-item\"><figure><img loading=\"lazy\" decoding=\"async\" width=\"1104\" height=\"1758\" src=\"https:\/\/rafaelartacho.es\/wp-content\/uploads\/2021\/01\/foto-3.jpg\" alt=\"\" data-id=\"92\" data-full-url=\"https:\/\/rafaelartacho.es\/wp-content\/uploads\/2021\/01\/foto-3.jpg\" data-link=\"https:\/\/aprendizdetodo.rafaelartacho.es\/2017\/09\/10\/que-buena-es-mi-mari-1\/foto-3\/\" class=\"wp-image-92\" srcset=\"https:\/\/rafaelartacho.es\/wp-content\/uploads\/2021\/01\/foto-3.jpg 1104w, https:\/\/rafaelartacho.es\/wp-content\/uploads\/2021\/01\/foto-3-188x300.jpg 188w, https:\/\/rafaelartacho.es\/wp-content\/uploads\/2021\/01\/foto-3-643x1024.jpg 643w, https:\/\/rafaelartacho.es\/wp-content\/uploads\/2021\/01\/foto-3-768x1223.jpg 768w, https:\/\/rafaelartacho.es\/wp-content\/uploads\/2021\/01\/foto-3-965x1536.jpg 965w\" sizes=\"auto, (max-width: 709px) 85vw, (max-width: 909px) 67vw, (max-width: 1362px) 62vw, 840px\" \/><\/figure><\/li><\/ul><\/figure>\n\n\n\n<p>Pero detr\u00e1s de esa apariencia mansa, cuasi sumisa se escond\u00eda una personalidad independiente y resolutiva. Y si alguien lleg\u00f3 a pensar que se iba a convertir en una mujer resignada o dependiente y que aceptar\u00eda sin rechistar lo que el futuro le deparaba estaba equivocado.<\/p>\n\n\n\n<p>Cuando oy\u00f3 decir a su padre <em>\u00bfqu\u00e9 vamos a hacer con esta ni\u00f1a, sin ver? \u00bfC\u00f3mo va a trabajar?<\/em> Ella demostr\u00f3 que pod\u00eda trabajar y ser de las buenas.<\/p>\n\n\n\n<p>Cuando ve\u00eda que sus hermanos se casaban y se compraban un piso ella, aunque todav\u00eda no ten\u00eda pareja, se compr\u00f3 un piso.<\/p>\n\n\n\n<p>Apenas sin saber leer y escribir se sac\u00f3 el carnet de conducir haciendo verdad el refr\u00e1n que dice que \u201c<em>hace m\u00e1s el que quiere que el que puede<\/em>\u201d.<\/p>\n\n\n\n<p>Se cas\u00f3, cumpli\u00f3 su deseo de tener un hijo y a pesar de que la miop\u00eda no ha cesado en su avance vive la vida con ilusi\u00f3n y entusiasmo.<\/p>\n\n\n\n<p>Cuid\u00f3 de los padres hasta sus \u00faltimos d\u00edas y se siente orgullosa de haber cumplido el deseo de su madre de no llevarla a una residencia, que tanto temor le produc\u00eda.<\/p>\n\n\n\n<p>Cuando se march\u00f3 la mama asumi\u00f3 su rol y act\u00faa de nexo entre hermanos y sobrinos compartiendo informaci\u00f3n que nos hace sentir m\u00e1s pr\u00f3ximos.<\/p>\n\n\n\n<p>Eso s\u00ed, ya no es la ni\u00f1a callada que no habla por no pecar. Ahora lo casca todo y cuando te coge por banda no para de hablar, quiz\u00e1s para recuperar el tiempo perdido.<\/p>\n\n\n\n<p>Pero inspira confianza, es generosa, act\u00faa de buena fe, en resumen una buena persona y que como Chayanne quiere <em>seguir disfrutando de las cosas buenas que tiene la vida.<\/em><\/p>\n\n\n\n<p>Por eso yo digo lo mismo que mi madre: <em>\u201cQUE BUENA ES MI MARI<\/em> \u201d.<\/p>\n","protected":false},"excerpt":{"rendered":"<p>Mi madre sol\u00eda decir que qu\u00e9 suerte hab\u00eda tenido con todos sus hijos, que ninguno le hab\u00eda salido descarriado. Ten\u00eda la costumbre de hablar bien de cada uno de ellos, pero si estaban ausentes. Si hablaba conmigo me dec\u00eda, lo h\u00e1bil que era su Manolo, lo buena que era su Mari, lo dispuesta que era &hellip; <a href=\"https:\/\/rafaelartacho.es\/index.php\/2017\/09\/10\/que-buena-es-mi-mari-1\/\" class=\"more-link\">Continuar leyendo<span class=\"screen-reader-text\"> \u00abQUE BUENA ES MI MARI\u00bb<\/span><\/a><\/p>\n","protected":false},"author":1,"featured_media":0,"comment_status":"open","ping_status":"open","sticky":false,"template":"","format":"standard","meta":{"footnotes":""},"categories":[2],"tags":[13],"class_list":["post-690","post","type-post","status-publish","format-standard","hentry","category-category0","tag-mari-madre"],"_links":{"self":[{"href":"https:\/\/rafaelartacho.es\/index.php\/wp-json\/wp\/v2\/posts\/690","targetHints":{"allow":["GET"]}}],"collection":[{"href":"https:\/\/rafaelartacho.es\/index.php\/wp-json\/wp\/v2\/posts"}],"about":[{"href":"https:\/\/rafaelartacho.es\/index.php\/wp-json\/wp\/v2\/types\/post"}],"author":[{"embeddable":true,"href":"https:\/\/rafaelartacho.es\/index.php\/wp-json\/wp\/v2\/users\/1"}],"replies":[{"embeddable":true,"href":"https:\/\/rafaelartacho.es\/index.php\/wp-json\/wp\/v2\/comments?post=690"}],"version-history":[{"count":0,"href":"https:\/\/rafaelartacho.es\/index.php\/wp-json\/wp\/v2\/posts\/690\/revisions"}],"wp:attachment":[{"href":"https:\/\/rafaelartacho.es\/index.php\/wp-json\/wp\/v2\/media?parent=690"}],"wp:term":[{"taxonomy":"category","embeddable":true,"href":"https:\/\/rafaelartacho.es\/index.php\/wp-json\/wp\/v2\/categories?post=690"},{"taxonomy":"post_tag","embeddable":true,"href":"https:\/\/rafaelartacho.es\/index.php\/wp-json\/wp\/v2\/tags?post=690"}],"curies":[{"name":"wp","href":"https:\/\/api.w.org\/{rel}","templated":true}]}}