{"id":670,"date":"2023-01-30T23:49:29","date_gmt":"2023-01-30T23:49:29","guid":{"rendered":"https:\/\/aprendizdetodo.rafaelartacho.es\/?p=670"},"modified":"2023-04-03T23:40:58","modified_gmt":"2023-04-03T23:40:58","slug":"mis-sesenta-y-nueve-anos","status":"publish","type":"post","link":"https:\/\/rafaelartacho.es\/index.php\/2023\/01\/30\/mis-sesenta-y-nueve-anos\/","title":{"rendered":"MIS SESENTA Y NUEVE A\u00d1OS"},"content":{"rendered":"\n<figure class=\"wp-block-image size-full\"><img loading=\"lazy\" decoding=\"async\" width=\"2016\" height=\"1512\" src=\"https:\/\/rafaelartacho.es\/wp-content\/uploads\/2023\/01\/WhatsApp-Image-2023-01-30-at-23.41.31.jpeg\" alt=\"\" class=\"wp-image-676\" srcset=\"https:\/\/rafaelartacho.es\/wp-content\/uploads\/2023\/01\/WhatsApp-Image-2023-01-30-at-23.41.31.jpeg 2016w, https:\/\/rafaelartacho.es\/wp-content\/uploads\/2023\/01\/WhatsApp-Image-2023-01-30-at-23.41.31-300x225.jpeg 300w, https:\/\/rafaelartacho.es\/wp-content\/uploads\/2023\/01\/WhatsApp-Image-2023-01-30-at-23.41.31-1024x768.jpeg 1024w, https:\/\/rafaelartacho.es\/wp-content\/uploads\/2023\/01\/WhatsApp-Image-2023-01-30-at-23.41.31-768x576.jpeg 768w, https:\/\/rafaelartacho.es\/wp-content\/uploads\/2023\/01\/WhatsApp-Image-2023-01-30-at-23.41.31-1536x1152.jpeg 1536w\" sizes=\"auto, (max-width: 709px) 85vw, (max-width: 909px) 67vw, (max-width: 1362px) 62vw, 840px\" \/><figcaption class=\"wp-element-caption\">Cuidado con lo que pides al pozo pues se te cumplir\u00e1. (Es lo que pone en el cartel)<\/figcaption><\/figure>\n\n\n\n<p><strong><em>\u201cSe acercan imperturbables mis sesenta y nueve a\u00f1os aqu\u00ed sobre la tierra\u201d<\/em><\/strong> As\u00ed empieza  un bello poema de Andr\u00e9s Aberasturi &nbsp;que me conmovi\u00f3 y me hizo reflexionar cuando lo o\u00ed hace tiempo en la radio (RNE).<\/p>\n\n\n\n<p>Ahora que tambi\u00e9n se acercan a m\u00ed mis sesenta y nueve a\u00f1os he vuelto a escuchar y releer el poema y me identifico con muchos de sus planteamientos.<\/p>\n\n\n\n<p>Sobre todo, como \u00e9l \u201c<strong><em>quiero un porvenir sencillo un por llegar de esos de todo a cien: contemplar c\u00f3mo crecen\u00a0 mis nietos,\u00a0 que me quieran un poco m\u00e1s los que a\u00fan me quieren y sonre\u00edr sin inmutarme demasiado, \u00a0si a la vida le queda a\u00fan alguna bala perdida en la rec\u00e1mara que me apunta directamente al coraz\u00f3n.<\/em><\/strong><\/p>\n\n\n\n<p>Dejo a continuaci\u00f3n  el audio d\u00f3nde se puede escuchar al autor recit\u00e1ndolo. Leedlo y escuchadlo, os gustar\u00e1.<\/p>\n\n\n\n<figure class=\"wp-block-audio\"><audio controls src=\"https:\/\/rafaelartacho.es\/wp-content\/uploads\/2023\/01\/ABERASTURI.mp3\"><\/audio><figcaption class=\"wp-element-caption\"><img loading=\"lazy\" decoding=\"async\" width=\"150\" height=\"192\" class=\"wp-image-673\" style=\"width: 150px;\" src=\"https:\/\/rafaelartacho.es\/wp-content\/uploads\/2023\/01\/aberasturi.jpg\" alt=\"\" srcset=\"https:\/\/rafaelartacho.es\/wp-content\/uploads\/2023\/01\/aberasturi.jpg 431w, https:\/\/rafaelartacho.es\/wp-content\/uploads\/2023\/01\/aberasturi-234x300.jpg 234w\" sizes=\"auto, (max-width: 150px) 85vw, 150px\" \/><\/figcaption><\/figure>\n\n\n\n<p>                                                                   <strong>PORVENIR<\/strong><\/p>\n\n\n\n<p><em><strong>Se acercan imperturbables, entre estos calores de justicia y algunos sudores fr\u00edos, mis sesenta y nueve a\u00f1os aqu\u00ed sobre la tierra. No est\u00e1 mal cuando, como dec\u00eda Celaya, ya no se esperan demasiadas cosas personalmente exaltantes. Yo creo que es la hora, el momento, el tiempo justo para empezar a dise\u00f1arme un porvenir a mi medida. Nada del otro mundo, claro, ninguna sorpresa capaz de convulsionarme la vida como cuando entonces y a cambio pues una cierta paz conmigo mismo y con las cosas.<\/strong><\/em><\/p>\n\n\n\n<p><em><strong>Dise\u00f1arme un porvenir a estas alturas, inventarme un futuro en el que ya no caben, claro, los incendios, los terremotos en el alma, las noches de palomas y alacranes. Pero al menos que tenga un algo de incierto en estos tiempos tan aburridamente previsibles.<\/strong><\/em><\/p>\n\n\n\n<p><em><strong>Parece que fue ayer cuando me reinventaba un pasado y ahora necesito con cierta urgencia dise\u00f1arme un porvenir. Quiero hacer planes, ponerme metas, desafiarme, aunque sea un poco, pero se ve que no tengo ninguna vocaci\u00f3n de Ironman. Cada vez creo, con Javier Krahe, que el Guinness de los r\u00e9cords no es m\u00e1s que un libro de excesos escrito en ingl\u00e9s.<\/strong><\/em><\/p>\n\n\n\n<p><em><strong>Pues eso que no se trata de proponerse grandes haza\u00f1as, ni tan siquiera de encontrar a estas alturas esa bobada mentirosa a la que han dado en llamar \u00abun proyecto de vida\u00bb. Como si uno pudiera hacer frente a la vida lo que la vida hace improvisando para uno.<\/strong><\/em><\/p>\n\n\n\n<p><em><strong>No: quiero un porvenir sencillo, un por llegar de esos de todo a cien: contemplar c\u00f3mo crecen mis nietos, que me quieran un poco m\u00e1s los que a\u00fan me quieren y sonre\u00edr sin inmutarme demasiado, si a la vida le queda a\u00fan alguna bala perdida en la rec\u00e1mara que me apunta directamente al coraz\u00f3n.<\/strong><\/em><\/p>\n\n\n\n<p class=\"has-dark-red-color has-text-color\">\u00a1Qu\u00e9 importante es querer y ser querido!<\/p>\n","protected":false},"excerpt":{"rendered":"<p>\u201cSe acercan imperturbables mis sesenta y nueve a\u00f1os aqu\u00ed sobre la tierra\u201d As\u00ed empieza un bello poema de Andr\u00e9s Aberasturi &nbsp;que me conmovi\u00f3 y me hizo reflexionar cuando lo o\u00ed hace tiempo en la radio (RNE). Ahora que tambi\u00e9n se acercan a m\u00ed mis sesenta y nueve a\u00f1os he vuelto a escuchar y releer el &hellip; <a href=\"https:\/\/rafaelartacho.es\/index.php\/2023\/01\/30\/mis-sesenta-y-nueve-anos\/\" class=\"more-link\">Continuar leyendo<span class=\"screen-reader-text\"> \u00abMIS SESENTA Y NUEVE A\u00d1OS\u00bb<\/span><\/a><\/p>\n","protected":false},"author":1,"featured_media":0,"comment_status":"open","ping_status":"open","sticky":false,"template":"","format":"standard","meta":{"footnotes":""},"categories":[5],"tags":[32,33],"class_list":["post-670","post","type-post","status-publish","format-standard","hentry","category-uncategorised","tag-aberasturi","tag-sesenta-y-nueve-anos"],"_links":{"self":[{"href":"https:\/\/rafaelartacho.es\/index.php\/wp-json\/wp\/v2\/posts\/670","targetHints":{"allow":["GET"]}}],"collection":[{"href":"https:\/\/rafaelartacho.es\/index.php\/wp-json\/wp\/v2\/posts"}],"about":[{"href":"https:\/\/rafaelartacho.es\/index.php\/wp-json\/wp\/v2\/types\/post"}],"author":[{"embeddable":true,"href":"https:\/\/rafaelartacho.es\/index.php\/wp-json\/wp\/v2\/users\/1"}],"replies":[{"embeddable":true,"href":"https:\/\/rafaelartacho.es\/index.php\/wp-json\/wp\/v2\/comments?post=670"}],"version-history":[{"count":5,"href":"https:\/\/rafaelartacho.es\/index.php\/wp-json\/wp\/v2\/posts\/670\/revisions"}],"predecessor-version":[{"id":869,"href":"https:\/\/rafaelartacho.es\/index.php\/wp-json\/wp\/v2\/posts\/670\/revisions\/869"}],"wp:attachment":[{"href":"https:\/\/rafaelartacho.es\/index.php\/wp-json\/wp\/v2\/media?parent=670"}],"wp:term":[{"taxonomy":"category","embeddable":true,"href":"https:\/\/rafaelartacho.es\/index.php\/wp-json\/wp\/v2\/categories?post=670"},{"taxonomy":"post_tag","embeddable":true,"href":"https:\/\/rafaelartacho.es\/index.php\/wp-json\/wp\/v2\/tags?post=670"}],"curies":[{"name":"wp","href":"https:\/\/api.w.org\/{rel}","templated":true}]}}