{"id":6,"date":"2017-08-30T01:00:50","date_gmt":"2017-08-30T01:00:50","guid":{"rendered":"https:\/\/aprendizdetodo.rafaelartacho.es\/2017\/08\/30\/un-tio-gracioso-0\/"},"modified":"2023-02-10T00:34:49","modified_gmt":"2023-02-10T00:34:49","slug":"un-tio-gracioso-0","status":"publish","type":"post","link":"https:\/\/rafaelartacho.es\/index.php\/2017\/08\/30\/un-tio-gracioso-0\/","title":{"rendered":"UN TIO GRACIOSO"},"content":{"rendered":"<p>Cuando miro hacia dentro, y lo hago con bastante frecuencia, veo una persona seria, tranquila, reflexiva, segura e insegura seg\u00fan de lo que se trate, a la que no le gusta molestar conscientemente pero que desprende indiferencia hacia aquello que no le interesa y que a veces pontifica sobre asuntos que cree dominar, sin darse cuenta que esa actitud puede molestar.<\/p>\n<p>Me he visto muchas veces en mi tienda respondiendo a una impertinencia de forma impertinente. He llegado a pensar que tengo el gen \u201cgrana\u00edno\u201d de la \u00abmalafoll\u00e1\u201d, del que se quejan los visitantes y turistas de la hermosa Granada.<\/p>\n<p>Es verdad que resulta cansino tener que explicar una y otra vez que no puedes dar o hacer algo que un cliente quiere, pero se puede contestar con buenos modos. Siempre he mirado con envidia, cuando observo en otra tienda c\u00f3mo un dependiente dice NO con una sonrisa encantadora. \u00bfpor qu\u00e9 no me saldr\u00e1 a m\u00ed?, me pregunto.<\/p>\n<p style=\"text-align: left;\">Entonces me lamento de no haber conocido antes el proverbio chino que dice que <i>\u201cEl hombre cuya cara no sonr\u00ede no debe abrir una tienda\u201d.<\/i> Y haber hecho caso.<\/p>\n<p>Ha habido muchos d\u00edas que me he propuesto ser atento,<br \/>amable, casi servicial pero me ha durado menos que un caramelo en la puerta de un colegio. Basta que venga alguien que se aburre en casa y que no deja de contarte su triste vida, para perder la<br \/>sonrisa propuesta. Y si a continuaci\u00f3n llega la se\u00f1ora de turno que quiere algo que sale en televisi\u00f3n pero que no sabe c\u00f3mo se llama, ni de qu\u00e9 trata, que s\u00f3lo sabe que se lo ha dicho su hija y que te mira ansiosa esperando que t\u00fa inicies una retah\u00edla de nombres para ver si se le ilumina la memoria, entonces no puedo por menos que responder: Se\u00f1ora, no tengo tiempo de ver la televisi\u00f3n y con las pistas que me da no encuentro al asesino. No soy Sherlock Holmes. La se\u00f1ora se va refunfu\u00f1ando y una vez m\u00e1s se cumple la frase que dice \u201c<i>Hoy hace un d\u00eda estupendo. Ya ver\u00e1s c\u00f3mo viene alg\u00fan idiota a estropearlo\u201d.<\/i><\/p>\n\n\n<figure class=\"wp-block-gallery columns-3 is-cropped wp-block-gallery-1 is-layout-flex wp-block-gallery-is-layout-flex\"><ul class=\"blocks-gallery-grid\"><li class=\"blocks-gallery-item\"><figure><img loading=\"lazy\" decoding=\"async\" width=\"236\" height=\"309\" src=\"https:\/\/rafaelartacho.es\/wp-content\/uploads\/2021\/01\/b926905394e5d2210c5bf0a12e494f97-gif-idea.jpg\" alt=\"\" data-id=\"82\" data-link=\"https:\/\/aprendizdetodo.rafaelartacho.es\/2017\/08\/30\/un-tio-gracioso-0\/b926905394e5d2210c5bf0a12e494f97-gif-idea\/\" class=\"wp-image-82\" srcset=\"https:\/\/rafaelartacho.es\/wp-content\/uploads\/2021\/01\/b926905394e5d2210c5bf0a12e494f97-gif-idea.jpg 236w, https:\/\/rafaelartacho.es\/wp-content\/uploads\/2021\/01\/b926905394e5d2210c5bf0a12e494f97-gif-idea-229x300.jpg 229w\" sizes=\"auto, (max-width: 236px) 85vw, 236px\" \/><\/figure><\/li><li class=\"blocks-gallery-item\"><figure><img loading=\"lazy\" decoding=\"async\" width=\"1116\" height=\"1734\" src=\"https:\/\/rafaelartacho.es\/wp-content\/uploads\/2021\/01\/Cumpleanos-MaPaz-31-10-87-1.jpg\" alt=\"\" data-id=\"83\" data-link=\"https:\/\/aprendizdetodo.rafaelartacho.es\/2017\/08\/30\/un-tio-gracioso-0\/cumpleanos-mapaz-31-10-87-1\/\" class=\"wp-image-83\" srcset=\"https:\/\/rafaelartacho.es\/wp-content\/uploads\/2021\/01\/Cumpleanos-MaPaz-31-10-87-1.jpg 1116w, https:\/\/rafaelartacho.es\/wp-content\/uploads\/2021\/01\/Cumpleanos-MaPaz-31-10-87-1-193x300.jpg 193w, https:\/\/rafaelartacho.es\/wp-content\/uploads\/2021\/01\/Cumpleanos-MaPaz-31-10-87-1-659x1024.jpg 659w, https:\/\/rafaelartacho.es\/wp-content\/uploads\/2021\/01\/Cumpleanos-MaPaz-31-10-87-1-768x1193.jpg 768w, https:\/\/rafaelartacho.es\/wp-content\/uploads\/2021\/01\/Cumpleanos-MaPaz-31-10-87-1-989x1536.jpg 989w\" sizes=\"auto, (max-width: 709px) 85vw, (max-width: 909px) 67vw, (max-width: 1362px) 62vw, 840px\" \/><\/figure><\/li><li class=\"blocks-gallery-item\"><figure><img loading=\"lazy\" decoding=\"async\" width=\"1098\" height=\"1559\" src=\"https:\/\/rafaelartacho.es\/wp-content\/uploads\/2021\/01\/Mari-Paz-1.jpg\" alt=\"\" data-id=\"86\" data-link=\"https:\/\/aprendizdetodo.rafaelartacho.es\/2017\/08\/30\/un-tio-gracioso-0\/mari-paz-1\/\" class=\"wp-image-86\" srcset=\"https:\/\/rafaelartacho.es\/wp-content\/uploads\/2021\/01\/Mari-Paz-1.jpg 1098w, https:\/\/rafaelartacho.es\/wp-content\/uploads\/2021\/01\/Mari-Paz-1-211x300.jpg 211w, https:\/\/rafaelartacho.es\/wp-content\/uploads\/2021\/01\/Mari-Paz-1-721x1024.jpg 721w, https:\/\/rafaelartacho.es\/wp-content\/uploads\/2021\/01\/Mari-Paz-1-768x1090.jpg 768w, https:\/\/rafaelartacho.es\/wp-content\/uploads\/2021\/01\/Mari-Paz-1-1082x1536.jpg 1082w\" sizes=\"auto, (max-width: 709px) 85vw, (max-width: 909px) 67vw, (max-width: 1362px) 62vw, 840px\" \/><\/figure><\/li><li class=\"blocks-gallery-item\"><figure><img loading=\"lazy\" decoding=\"async\" width=\"1224\" height=\"1416\" src=\"https:\/\/rafaelartacho.es\/wp-content\/uploads\/2021\/01\/Vanesa.jpg\" alt=\"\" data-id=\"87\" data-full-url=\"https:\/\/rafaelartacho.es\/wp-content\/uploads\/2021\/01\/Vanesa.jpg\" data-link=\"https:\/\/aprendizdetodo.rafaelartacho.es\/2017\/08\/30\/un-tio-gracioso-0\/vanesa\/\" class=\"wp-image-87\" srcset=\"https:\/\/rafaelartacho.es\/wp-content\/uploads\/2021\/01\/Vanesa.jpg 1224w, https:\/\/rafaelartacho.es\/wp-content\/uploads\/2021\/01\/Vanesa-259x300.jpg 259w, https:\/\/rafaelartacho.es\/wp-content\/uploads\/2021\/01\/Vanesa-885x1024.jpg 885w, https:\/\/rafaelartacho.es\/wp-content\/uploads\/2021\/01\/Vanesa-768x888.jpg 768w\" sizes=\"auto, (max-width: 709px) 85vw, (max-width: 909px) 67vw, (max-width: 1362px) 62vw, 840px\" \/><\/figure><\/li><\/ul><\/figure>\n\n\n\n<p>Pero un d\u00eda recib\u00ed una de esas frasecitas que circulan de m\u00f3vil en m\u00f3vil que siempre leo y que olvido al minuto, pero que esa en concreto me hizo pensar. La frase dec\u00eda: \u201c<em>Nunca olvides los recuerdos que un d\u00eda te hicieron sonre\u00edr.\u201d<\/em> Y record\u00e9 que hab\u00eda muchos momentos en mi vida en que hab\u00eda sonre\u00eddo. Tambi\u00e9n record\u00e9 que en tres cajas antiguas y grandes de Cola Cao hab\u00eda ido depositando fotos, cartas y objetos que hab\u00eda guardado porque en su momento cre\u00ed que merec\u00eda la pena conservarlos. Pensaba que si guardaba esos objetos las emociones que hab\u00eda vivido se guardaban tambi\u00e9n y aflorar\u00edan cada vez que accediera a ellos.<\/p>\n\n\n\n<p>Poco a poco voy poniendo cruces a la lista de cosas que hab\u00eda elaborado para mi jubilaci\u00f3n. Una de ellas era revisar esos recuerdos que he ido almacenando a lo largo del tiempo, clasificarlos y desechar los que ya no significaran nada. As\u00ed que ese d\u00eda me puse manos a la obra y encontr\u00e9 entre esos recuerdos una fotograf\u00eda m\u00eda vestido de mago y dos sobres hechos a mano con hojitas de papel y decoradas con flores y corazones, en cuyo interior hay dos pedazos de papel con un texto escrito por manos infantiles. En uno de ellos mi hija Vanesa escribe:<\/p>\n\n\n\n<p><em>Para mi <strong>gracioso<\/strong> Pap\u00e1<\/em><\/p>\n\n\n\n<p><em>querido titi: Qu\u00e9 tal est\u00e1s <strong>gracioso<\/strong> Rafa. Te quiero mucho. Qu\u00e9 tal te va con tu trabajo colega, el m\u00edo muy bien. Con mucho cari\u00f1o te manda Vanesa muchos besos.<\/em><\/p>\n\n\n\n<p>En el otro mi sobrina Mari Paz escribe:<\/p>\n\n\n\n<p><em>T\u00edo te quiero mucho y te admiro por tus <strong>gracias<\/strong> y por los <strong>chistes<\/strong> que cuentas siempre te he querido como t\u00edo con cari\u00f1o me despido M\u00aa Paz \u00a1\u00a1Adi\u00f3s!!<\/em><\/p>\n\n\n\n<p>Estos escritos me han hecho recordar que una vez fui un TIO GRACIOSO<\/p>\n","protected":false},"excerpt":{"rendered":"<p>Cuando miro hacia dentro, y lo hago con bastante frecuencia, veo una persona seria, tranquila, reflexiva, segura e insegura seg\u00fan de lo que se trate, a la que no le gusta molestar conscientemente pero que desprende indiferencia hacia aquello que no le interesa y que a veces pontifica sobre asuntos que cree dominar, sin darse &hellip; <a href=\"https:\/\/rafaelartacho.es\/index.php\/2017\/08\/30\/un-tio-gracioso-0\/\" class=\"more-link\">Continuar leyendo<span class=\"screen-reader-text\"> \u00abUN TIO GRACIOSO\u00bb<\/span><\/a><\/p>\n","protected":false},"author":1,"featured_media":0,"comment_status":"open","ping_status":"open","sticky":false,"template":"","format":"standard","meta":{"footnotes":""},"categories":[2],"tags":[19],"class_list":["post-6","post","type-post","status-publish","format-standard","hentry","category-category0","tag-vanesa-mari-paz"],"_links":{"self":[{"href":"https:\/\/rafaelartacho.es\/index.php\/wp-json\/wp\/v2\/posts\/6","targetHints":{"allow":["GET"]}}],"collection":[{"href":"https:\/\/rafaelartacho.es\/index.php\/wp-json\/wp\/v2\/posts"}],"about":[{"href":"https:\/\/rafaelartacho.es\/index.php\/wp-json\/wp\/v2\/types\/post"}],"author":[{"embeddable":true,"href":"https:\/\/rafaelartacho.es\/index.php\/wp-json\/wp\/v2\/users\/1"}],"replies":[{"embeddable":true,"href":"https:\/\/rafaelartacho.es\/index.php\/wp-json\/wp\/v2\/comments?post=6"}],"version-history":[{"count":1,"href":"https:\/\/rafaelartacho.es\/index.php\/wp-json\/wp\/v2\/posts\/6\/revisions"}],"predecessor-version":[{"id":819,"href":"https:\/\/rafaelartacho.es\/index.php\/wp-json\/wp\/v2\/posts\/6\/revisions\/819"}],"wp:attachment":[{"href":"https:\/\/rafaelartacho.es\/index.php\/wp-json\/wp\/v2\/media?parent=6"}],"wp:term":[{"taxonomy":"category","embeddable":true,"href":"https:\/\/rafaelartacho.es\/index.php\/wp-json\/wp\/v2\/categories?post=6"},{"taxonomy":"post_tag","embeddable":true,"href":"https:\/\/rafaelartacho.es\/index.php\/wp-json\/wp\/v2\/tags?post=6"}],"curies":[{"name":"wp","href":"https:\/\/api.w.org\/{rel}","templated":true}]}}