{"id":554,"date":"2021-09-25T18:34:22","date_gmt":"2021-09-25T16:34:22","guid":{"rendered":"https:\/\/aprendizdetodo.rafaelartacho.es\/?p=554"},"modified":"2023-02-15T17:15:34","modified_gmt":"2023-02-15T17:15:34","slug":"rogel-o-rojel","status":"publish","type":"post","link":"https:\/\/rafaelartacho.es\/index.php\/2021\/09\/25\/rogel-o-rojel\/","title":{"rendered":"ROGEL O ROJEL"},"content":{"rendered":"\n<figure class=\"wp-block-image size-full\"><img loading=\"lazy\" decoding=\"async\" width=\"2412\" height=\"1704\" src=\"https:\/\/rafaelartacho.es\/wp-content\/uploads\/2021\/09\/ABUELA-ELVIRA-Y-TIAS.jpg\" alt=\"\" class=\"wp-image-555\" srcset=\"https:\/\/rafaelartacho.es\/wp-content\/uploads\/2021\/09\/ABUELA-ELVIRA-Y-TIAS.jpg 2412w, https:\/\/rafaelartacho.es\/wp-content\/uploads\/2021\/09\/ABUELA-ELVIRA-Y-TIAS-300x212.jpg 300w, https:\/\/rafaelartacho.es\/wp-content\/uploads\/2021\/09\/ABUELA-ELVIRA-Y-TIAS-1024x723.jpg 1024w, https:\/\/rafaelartacho.es\/wp-content\/uploads\/2021\/09\/ABUELA-ELVIRA-Y-TIAS-768x543.jpg 768w, https:\/\/rafaelartacho.es\/wp-content\/uploads\/2021\/09\/ABUELA-ELVIRA-Y-TIAS-1536x1085.jpg 1536w, https:\/\/rafaelartacho.es\/wp-content\/uploads\/2021\/09\/ABUELA-ELVIRA-Y-TIAS-2048x1447.jpg 2048w\" sizes=\"auto, (max-width: 709px) 85vw, (max-width: 909px) 67vw, (max-width: 1362px) 62vw, 840px\" \/><figcaption class=\"wp-element-caption\">La abuela Elvira con su hija Carmen y su nuera Pepita<\/figcaption><\/figure>\n\n\n\n<p>Tengo pocos recuerdos de mi abuela. Cuando pas\u00f3 una temporada en casa de mis padres antes de instalarse en Gerona. En Mollina y en Gerona, en casa de la t\u00eda Carmen cuando iba de visita con mis padres y la recuerdo con una sonrisa dulce y anim\u00e1ndome siempre a que siguiera estudiando.<\/p>\n\n\n\n<p>Hace un tiempo he recuperado las cartas que recib\u00eda de mi familia cuando estaba estudiando en C\u00f3rdoba y en ellas mi padre siempre me insist\u00eda que escribiera a la abuela porque, seg\u00fan me dec\u00eda, le daba mucha alegr\u00eda recibir noticias m\u00edas.<\/p>\n\n\n\n<figure class=\"wp-block-gallery has-nested-images columns-default is-cropped wp-block-gallery-1 is-layout-flex wp-block-gallery-is-layout-flex\">\n<figure class=\"wp-block-image size-large\"><img loading=\"lazy\" decoding=\"async\" width=\"1024\" height=\"651\" data-id=\"571\" src=\"https:\/\/rafaelartacho.es\/wp-content\/uploads\/2021\/09\/Carta-Padres_Pagina_2-2-1024x651.png\" alt=\"\" class=\"wp-image-571\" srcset=\"https:\/\/rafaelartacho.es\/wp-content\/uploads\/2021\/09\/Carta-Padres_Pagina_2-2-1024x651.png 1024w, https:\/\/rafaelartacho.es\/wp-content\/uploads\/2021\/09\/Carta-Padres_Pagina_2-2-300x191.png 300w, https:\/\/rafaelartacho.es\/wp-content\/uploads\/2021\/09\/Carta-Padres_Pagina_2-2-768x488.png 768w, https:\/\/rafaelartacho.es\/wp-content\/uploads\/2021\/09\/Carta-Padres_Pagina_2-2-1536x976.png 1536w, https:\/\/rafaelartacho.es\/wp-content\/uploads\/2021\/09\/Carta-Padres_Pagina_2-2.png 1654w\" sizes=\"auto, (max-width: 709px) 85vw, (max-width: 909px) 67vw, (max-width: 1362px) 62vw, 840px\" \/><\/figure>\n<figcaption class=\"blocks-gallery-caption wp-element-caption\">Fragmento de una carta de mi padre cuando estudiaba en C\u00f3rdoba<\/figcaption><\/figure>\n\n\n\n<p>Uno de los pocos recuerdos que tengo es que en una ocasi\u00f3n me explic\u00f3 que su \u201c<strong><em>apellido Rojel se escrib\u00eda con J y no con G como se ve por ah\u00ed<\/em><\/strong>\u201d y que me ocupara que mi padre siempre lo escribiera con J.<\/p>\n\n\n\n<p>Recuerdo que me produjo cierta intriga pero supuse que esa recomendaci\u00f3n se la habr\u00eda hecho a m\u00e1s nietos y s\u00f3lo me preocup\u00e9 de que en todos los documentos de mi padre se escribiera ROJEL y no ROGEL.&nbsp; Nunca se me ocurri\u00f3 preguntar a los hermanos de mi padre sobre ese asunto, dando por sentado que escribir\u00edan su segundo apellido como ROJEL.<\/p>\n\n\n\n<p>Por eso me sorprendi\u00f3 mucho en el a\u00f1o 2012, cuando se cre\u00f3 el Grupo de Facebook ARTACHOS Y AMIGOS, que primero mi prima Paqui me dijera que ROGEL era con G y despu\u00e9s su hermana Pilar me escribiera dici\u00e9ndome que \u201c<strong><em>mi padre siempre lo escrib\u00eda con G el D.N.I y todos los documentos oficiales consta as\u00ed, la abuela ELVIRA tambi\u00e9n y a m\u00ed personalmente me duelen los ojos al verlo escrito con j<\/em>\u201d.<\/strong><\/p>\n\n\n\n<figure class=\"wp-block-image size-full\"><img loading=\"lazy\" decoding=\"async\" width=\"1825\" height=\"2560\" src=\"https:\/\/rafaelartacho.es\/wp-content\/uploads\/2021\/09\/ACTA-DE-NACIMIENTO-DE-MANUEL-ARTACHO-scaled-1.jpg\" alt=\"\" class=\"wp-image-558\" srcset=\"https:\/\/rafaelartacho.es\/wp-content\/uploads\/2021\/09\/ACTA-DE-NACIMIENTO-DE-MANUEL-ARTACHO-scaled-1.jpg 1825w, https:\/\/rafaelartacho.es\/wp-content\/uploads\/2021\/09\/ACTA-DE-NACIMIENTO-DE-MANUEL-ARTACHO-scaled-1-214x300.jpg 214w, https:\/\/rafaelartacho.es\/wp-content\/uploads\/2021\/09\/ACTA-DE-NACIMIENTO-DE-MANUEL-ARTACHO-scaled-1-730x1024.jpg 730w, https:\/\/rafaelartacho.es\/wp-content\/uploads\/2021\/09\/ACTA-DE-NACIMIENTO-DE-MANUEL-ARTACHO-scaled-1-768x1077.jpg 768w, https:\/\/rafaelartacho.es\/wp-content\/uploads\/2021\/09\/ACTA-DE-NACIMIENTO-DE-MANUEL-ARTACHO-scaled-1-1095x1536.jpg 1095w, https:\/\/rafaelartacho.es\/wp-content\/uploads\/2021\/09\/ACTA-DE-NACIMIENTO-DE-MANUEL-ARTACHO-scaled-1-1460x2048.jpg 1460w\" sizes=\"auto, (max-width: 709px) 85vw, (max-width: 909px) 67vw, (max-width: 1362px) 62vw, 840px\" \/><figcaption class=\"wp-element-caption\">Certificado de nacimiento de mi padre<\/figcaption><\/figure>\n\n\n\n<p>Todos estos a\u00f1os he estado pensando cu\u00e1les podr\u00edan ser las razones para que se hubiera producido esta divergencia. Hasta se me ocurri\u00f3 pensar que el abuelo Francisco, padre de mis t\u00edos Juan, Paco, Carmen, Rafael y Antonio los hubiera registrado con G para diferenciarlos de los tres primeros hijos de su hermano Manuel (Vitoria, Manuel y Jos\u00e9).<\/p>\n\n\n\n<p>En la partida de nacimiento de mi padre aparece escrito con J tanto el nombre de la abuela Elvira como de su padre Rafael Rojel M\u00e1rmol.<\/p>\n\n\n\n<p>He investigado en webs de genealog\u00eda y todo indica que son dos apellidos diferentes. Seg\u00fan <a href=\"https:\/\/www.misapellidos.com\/\">www.misapellidos.com<\/a> Rogel con G procede de Francia y Rojel con J de Espa\u00f1a.<\/p>\n\n\n\n<figure class=\"wp-block-gallery has-nested-images columns-default is-cropped wp-block-gallery-2 is-layout-flex wp-block-gallery-is-layout-flex\">\n<figure class=\"wp-block-image size-large\"><img loading=\"lazy\" decoding=\"async\" width=\"660\" height=\"517\" data-id=\"561\" src=\"https:\/\/rafaelartacho.es\/wp-content\/uploads\/2021\/09\/ROGEL-EN-MIS-APELLIDOS-2-1.jpg\" alt=\"\" class=\"wp-image-561\" srcset=\"https:\/\/rafaelartacho.es\/wp-content\/uploads\/2021\/09\/ROGEL-EN-MIS-APELLIDOS-2-1.jpg 660w, https:\/\/rafaelartacho.es\/wp-content\/uploads\/2021\/09\/ROGEL-EN-MIS-APELLIDOS-2-1-300x235.jpg 300w\" sizes=\"auto, (max-width: 709px) 85vw, (max-width: 909px) 67vw, (max-width: 984px) 61vw, (max-width: 1362px) 45vw, 600px\" \/><\/figure>\n\n\n\n<figure class=\"wp-block-image size-large\"><img loading=\"lazy\" decoding=\"async\" width=\"654\" height=\"415\" data-id=\"562\" src=\"https:\/\/rafaelartacho.es\/wp-content\/uploads\/2021\/09\/ROJEL-EN-MIS-APELLIDOS-2.jpg\" alt=\"\" class=\"wp-image-562\" srcset=\"https:\/\/rafaelartacho.es\/wp-content\/uploads\/2021\/09\/ROJEL-EN-MIS-APELLIDOS-2.jpg 654w, https:\/\/rafaelartacho.es\/wp-content\/uploads\/2021\/09\/ROJEL-EN-MIS-APELLIDOS-2-300x190.jpg 300w\" sizes=\"auto, (max-width: 709px) 85vw, (max-width: 909px) 67vw, (max-width: 984px) 61vw, (max-width: 1362px) 45vw, 600px\" \/><\/figure>\n<figcaption class=\"blocks-gallery-caption wp-element-caption\">En mis apellidos.com se afirma que Rogel es un apellido de origen franc\u00e9s y Rojel de origen espa\u00f1ol<\/figcaption><\/figure>\n\n\n\n<p>Tambi\u00e9n en <a href=\"http:\/\/www.geneanet.org\">www.geneanet.org<\/a> aparecen 15.927 personas que se llaman Rogel con G y la mayor\u00eda proceden de Francia. De Rojel con J aparecen 711 personas y hay justamente dos de Archidona, donde naci\u00f3 la abuela Elvira.<\/p>\n\n\n\n<p>Precisamente he encontrado el \u00e1rbol geneal\u00f3gico de esas personas y corresponden a Fernando Juan Cris\u00f3stomo Jim\u00e9nez Rojel y su madre Antonia Rojel, nacida en 1830 en Archidona.<\/p>\n\n\n\n<figure class=\"wp-block-gallery has-nested-images columns-default is-cropped wp-block-gallery-3 is-layout-flex wp-block-gallery-is-layout-flex\">\n<figure class=\"wp-block-image size-large\"><img loading=\"lazy\" decoding=\"async\" width=\"1024\" height=\"459\" data-id=\"563\" src=\"https:\/\/rafaelartacho.es\/wp-content\/uploads\/2021\/09\/ROGEL-EN-GENEANET-1-2-1024x459.jpg\" alt=\"\" class=\"wp-image-563\" srcset=\"https:\/\/rafaelartacho.es\/wp-content\/uploads\/2021\/09\/ROGEL-EN-GENEANET-1-2-1024x459.jpg 1024w, https:\/\/rafaelartacho.es\/wp-content\/uploads\/2021\/09\/ROGEL-EN-GENEANET-1-2-300x134.jpg 300w, https:\/\/rafaelartacho.es\/wp-content\/uploads\/2021\/09\/ROGEL-EN-GENEANET-1-2-768x344.jpg 768w, https:\/\/rafaelartacho.es\/wp-content\/uploads\/2021\/09\/ROGEL-EN-GENEANET-1-2.jpg 1265w\" sizes=\"auto, (max-width: 709px) 85vw, (max-width: 909px) 67vw, (max-width: 1362px) 62vw, 840px\" \/><\/figure>\n\n\n\n<figure class=\"wp-block-image size-large\"><img loading=\"lazy\" decoding=\"async\" width=\"1024\" height=\"477\" data-id=\"564\" src=\"https:\/\/rafaelartacho.es\/wp-content\/uploads\/2021\/09\/ROJEL-EN-GENEANET-1-2-1024x477.jpg\" alt=\"\" class=\"wp-image-564\" srcset=\"https:\/\/rafaelartacho.es\/wp-content\/uploads\/2021\/09\/ROJEL-EN-GENEANET-1-2-1024x477.jpg 1024w, https:\/\/rafaelartacho.es\/wp-content\/uploads\/2021\/09\/ROJEL-EN-GENEANET-1-2-300x140.jpg 300w, https:\/\/rafaelartacho.es\/wp-content\/uploads\/2021\/09\/ROJEL-EN-GENEANET-1-2-768x358.jpg 768w, https:\/\/rafaelartacho.es\/wp-content\/uploads\/2021\/09\/ROJEL-EN-GENEANET-1-2.jpg 1210w\" sizes=\"auto, (max-width: 709px) 85vw, (max-width: 909px) 67vw, (max-width: 1362px) 62vw, 840px\" \/><\/figure>\n\n\n\n<figure class=\"wp-block-image size-large\"><img loading=\"lazy\" decoding=\"async\" width=\"1024\" height=\"597\" data-id=\"565\" src=\"https:\/\/rafaelartacho.es\/wp-content\/uploads\/2021\/09\/Arbol-genealogico-de-jimenez-rojel_fernando-juan-crisostomo-1024x597.png\" alt=\"\" class=\"wp-image-565\" srcset=\"https:\/\/rafaelartacho.es\/wp-content\/uploads\/2021\/09\/Arbol-genealogico-de-jimenez-rojel_fernando-juan-crisostomo-1024x597.png 1024w, https:\/\/rafaelartacho.es\/wp-content\/uploads\/2021\/09\/Arbol-genealogico-de-jimenez-rojel_fernando-juan-crisostomo-300x175.png 300w, https:\/\/rafaelartacho.es\/wp-content\/uploads\/2021\/09\/Arbol-genealogico-de-jimenez-rojel_fernando-juan-crisostomo-768x448.png 768w, https:\/\/rafaelartacho.es\/wp-content\/uploads\/2021\/09\/Arbol-genealogico-de-jimenez-rojel_fernando-juan-crisostomo-1536x896.png 1536w, https:\/\/rafaelartacho.es\/wp-content\/uploads\/2021\/09\/Arbol-genealogico-de-jimenez-rojel_fernando-juan-crisostomo-2048x1195.png 2048w\" sizes=\"auto, (max-width: 709px) 85vw, (max-width: 909px) 67vw, (max-width: 1362px) 62vw, 840px\" \/><\/figure>\n<figcaption class=\"blocks-gallery-caption wp-element-caption\">Lugares donde es m\u00e1s frecuente Rogel y Rojel y Arbol geneal\u00f3gico de un Rojel de Archidona<\/figcaption><\/figure>\n\n\n\n<p>Me he molestado en pedir la partida de nacimiento de la abuela Elvira &nbsp;y de nuevo aparece escrito ROJEL tanto en el nombre de su padre, Rafael Rojel M\u00e1rmol como el de su abuelo Jos\u00e9 Rojel Garc\u00eda.<\/p>\n\n\n\n<p>Ser\u00eda interesante si pudi\u00e9ramos disponer de las partidas de nacimiento de todos los hijos de la abuela Elvira para ver c\u00f3mo fueron inscritos.<\/p>\n\n\n\n<p>Seg\u00fan la legislaci\u00f3n espa\u00f1ola que establece el principio de exactitud registral, es el Registro Civil quien se encarga de la exactitud de los datos inscritos y si se cometen errores deben estar reflejados y corregidos en el propio Registro Civil.<\/p>\n\n\n\n<figure class=\"wp-block-image size-full\"><img loading=\"lazy\" decoding=\"async\" width=\"1654\" height=\"2339\" src=\"https:\/\/rafaelartacho.es\/wp-content\/uploads\/2021\/09\/Acta-de-nacimiento-Elvira.png\" alt=\"\" class=\"wp-image-566\" srcset=\"https:\/\/rafaelartacho.es\/wp-content\/uploads\/2021\/09\/Acta-de-nacimiento-Elvira.png 1654w, https:\/\/rafaelartacho.es\/wp-content\/uploads\/2021\/09\/Acta-de-nacimiento-Elvira-212x300.png 212w, https:\/\/rafaelartacho.es\/wp-content\/uploads\/2021\/09\/Acta-de-nacimiento-Elvira-724x1024.png 724w, https:\/\/rafaelartacho.es\/wp-content\/uploads\/2021\/09\/Acta-de-nacimiento-Elvira-768x1086.png 768w, https:\/\/rafaelartacho.es\/wp-content\/uploads\/2021\/09\/Acta-de-nacimiento-Elvira-1086x1536.png 1086w, https:\/\/rafaelartacho.es\/wp-content\/uploads\/2021\/09\/Acta-de-nacimiento-Elvira-1448x2048.png 1448w\" sizes=\"auto, (max-width: 709px) 85vw, (max-width: 909px) 67vw, (max-width: 1362px) 62vw, 840px\" \/><figcaption class=\"wp-element-caption\">Acta de nacimiento de Elvira Rojel Guerrero y para una mejor comprensi\u00f3n he mecanografiado el texto.<\/figcaption><\/figure>\n\n\n\n<p>Mientras no dispongamos de m\u00e1s elementos de juicio o de alg\u00fan testimonio de los primos mayores que lo aclare, mi idea conspiranoica de que el abuelo Francisco hubiera cambiado el apellido para diferenciar a sus hijos de sus hijastros ser\u00e1 una simple presunci\u00f3n.<\/p>\n\n\n\n<p>Lo m\u00e1s probable es que al haber muchos m\u00e1s Rogel con G que Rojel con J&nbsp; se haya cambiado pensando que lo correcto era Rogel sin darle m\u00e1s importancia.<\/p>\n\n\n\n<p>Seguramente este asunto no ha tenido ninguna importancia para sus hijos aunque para la abuela Elvira s\u00ed deb\u00eda tenerla y por eso me hizo el encargo. <\/p>\n\n\n\n<p>Con este escrito doy por cumplido su encargo y adem\u00e1s he estado entretenido un tiempo y si alguien se entretiene ley\u00e9ndolo pues doy por bueno el tiempo empleado.<\/p>\n\n\n\n<p>Pero eso s\u00ed el misterio queda en el aire. Toda familia que se precie tiene que tener sus misterios.<\/p>\n\n\n\n<p><a href=\"https:\/\/www.amazon.es\/photos\/share\/Bh4oCpW2WHEI6B3FxVMRvrD0VoBWfHEv10JjTXCN858\" target=\"_blank\" rel=\"noreferrer noopener\">Ver im\u00e1genes en pesta\u00f1a nueva<\/a><\/p>\n","protected":false},"excerpt":{"rendered":"<p>Tengo pocos recuerdos de mi abuela. Cuando pas\u00f3 una temporada en casa de mis padres antes de instalarse en Gerona. En Mollina y en Gerona, en casa de la t\u00eda Carmen cuando iba de visita con mis padres y la recuerdo con una sonrisa dulce y anim\u00e1ndome siempre a que siguiera estudiando. Hace un tiempo &hellip; <a href=\"https:\/\/rafaelartacho.es\/index.php\/2021\/09\/25\/rogel-o-rojel\/\" class=\"more-link\">Continuar leyendo<span class=\"screen-reader-text\"> \u00abROGEL O ROJEL\u00bb<\/span><\/a><\/p>\n","protected":false},"author":1,"featured_media":0,"comment_status":"open","ping_status":"open","sticky":false,"template":"","format":"standard","meta":{"footnotes":""},"categories":[2],"tags":[],"class_list":["post-554","post","type-post","status-publish","format-standard","hentry","category-category0"],"_links":{"self":[{"href":"https:\/\/rafaelartacho.es\/index.php\/wp-json\/wp\/v2\/posts\/554","targetHints":{"allow":["GET"]}}],"collection":[{"href":"https:\/\/rafaelartacho.es\/index.php\/wp-json\/wp\/v2\/posts"}],"about":[{"href":"https:\/\/rafaelartacho.es\/index.php\/wp-json\/wp\/v2\/types\/post"}],"author":[{"embeddable":true,"href":"https:\/\/rafaelartacho.es\/index.php\/wp-json\/wp\/v2\/users\/1"}],"replies":[{"embeddable":true,"href":"https:\/\/rafaelartacho.es\/index.php\/wp-json\/wp\/v2\/comments?post=554"}],"version-history":[{"count":2,"href":"https:\/\/rafaelartacho.es\/index.php\/wp-json\/wp\/v2\/posts\/554\/revisions"}],"predecessor-version":[{"id":867,"href":"https:\/\/rafaelartacho.es\/index.php\/wp-json\/wp\/v2\/posts\/554\/revisions\/867"}],"wp:attachment":[{"href":"https:\/\/rafaelartacho.es\/index.php\/wp-json\/wp\/v2\/media?parent=554"}],"wp:term":[{"taxonomy":"category","embeddable":true,"href":"https:\/\/rafaelartacho.es\/index.php\/wp-json\/wp\/v2\/categories?post=554"},{"taxonomy":"post_tag","embeddable":true,"href":"https:\/\/rafaelartacho.es\/index.php\/wp-json\/wp\/v2\/tags?post=554"}],"curies":[{"name":"wp","href":"https:\/\/api.w.org\/{rel}","templated":true}]}}