{"id":507,"date":"2021-07-02T02:19:36","date_gmt":"2021-07-02T02:19:36","guid":{"rendered":"https:\/\/aprendizdetodo.rafaelartacho.es\/?p=507"},"modified":"2023-02-10T00:14:31","modified_gmt":"2023-02-10T00:14:31","slug":"mi-amigo-martiniii-el-profesional","status":"publish","type":"post","link":"https:\/\/rafaelartacho.es\/index.php\/2021\/07\/02\/mi-amigo-martiniii-el-profesional\/","title":{"rendered":"MI AMIGO MARTIN(III): El profesional"},"content":{"rendered":"\n<figure class=\"wp-block-image size-large\"><img loading=\"lazy\" decoding=\"async\" width=\"1291\" height=\"798\" src=\"https:\/\/rafaelartacho.es\/wp-content\/uploads\/2021\/07\/A1.jpg\" alt=\"\" class=\"wp-image-508\" srcset=\"https:\/\/rafaelartacho.es\/wp-content\/uploads\/2021\/07\/A1.jpg 1291w, https:\/\/rafaelartacho.es\/wp-content\/uploads\/2021\/07\/A1-300x185.jpg 300w, https:\/\/rafaelartacho.es\/wp-content\/uploads\/2021\/07\/A1-1024x633.jpg 1024w, https:\/\/rafaelartacho.es\/wp-content\/uploads\/2021\/07\/A1-768x475.jpg 768w\" sizes=\"auto, (max-width: 709px) 85vw, (max-width: 909px) 67vw, (max-width: 1362px) 62vw, 840px\" \/><figcaption>Carnet de Editorial Bruguera, la primera empresa del sector de las publicaciones en la que trabaj\u00f3. <\/figcaption><\/figure>\n\n\n\n<p><em><strong>Continuamos con el relato de la trayectoria profesional de mi amigo Mart\u00edn. Un breve recorrido por las empresas en que trabaj\u00f3 y que le hace aflorar recuerdos de personas que han sido importantes en su vida profesional. Pero eso s\u00ed, el buen humor que no falte y como dice la canci\u00f3n de Peret :<\/strong><\/em><\/p>\n\n\n\n<p>Es preferible&#8230; re\u00edr que llorar<br>y as\u00ed la vida se debe tomar,<br>los ratos buenos hay que aprovechar,<br>si fueron malos mejor olvidar. &nbsp;<\/p>\n\n\n\n<p><strong><em>\u00bfC\u00f3mo fue tu incorporaci\u00f3n al mundo laboral?<\/em><\/strong><\/p>\n\n\n\n<p>Aparte de monaguillo, fui aprendiz de chapista en un taller, donde aprend\u00ed a fundir y rectificar bielas. Tambi\u00e9n fui aprendiz de cortador de trajes para militares. Todav\u00eda recuerdo las ampollas que me sal\u00edan en los dedos usando las tijeras al cortar la tela. &nbsp;Fui vendedor de aspiradoras por las casas.<\/p>\n\n\n\n<p>M\u00e1s tarde gracias al oficio de joyero que hab\u00eda estudiado en la Escuela de Artes y Oficios me coloqu\u00e9 en una joyer\u00eda. Trabaj\u00e9 en 3 joyer\u00edas.&nbsp; En la primera ni me dieron de alta pero aprend\u00ed el oficio y en la segunda ya fui Cajista. Estaba en la calle de las Veneras, &nbsp;al lado de la C\u00e1mara de la Propiedad.<\/p>\n\n\n\n<figure class=\"wp-block-image size-large\"><img loading=\"lazy\" decoding=\"async\" width=\"1008\" height=\"1602\" src=\"https:\/\/rafaelartacho.es\/wp-content\/uploads\/2021\/07\/Foto-7-Con-companeros-de-la-joyeria-1965.jpg\" alt=\"\" class=\"wp-image-518\" srcset=\"https:\/\/rafaelartacho.es\/wp-content\/uploads\/2021\/07\/Foto-7-Con-companeros-de-la-joyeria-1965.jpg 1008w, https:\/\/rafaelartacho.es\/wp-content\/uploads\/2021\/07\/Foto-7-Con-companeros-de-la-joyeria-1965-189x300.jpg 189w, https:\/\/rafaelartacho.es\/wp-content\/uploads\/2021\/07\/Foto-7-Con-companeros-de-la-joyeria-1965-644x1024.jpg 644w, https:\/\/rafaelartacho.es\/wp-content\/uploads\/2021\/07\/Foto-7-Con-companeros-de-la-joyeria-1965-768x1221.jpg 768w, https:\/\/rafaelartacho.es\/wp-content\/uploads\/2021\/07\/Foto-7-Con-companeros-de-la-joyeria-1965-966x1536.jpg 966w\" sizes=\"auto, (max-width: 709px) 85vw, (max-width: 909px) 67vw, (max-width: 1362px) 62vw, 840px\" \/><figcaption>Con compa\u00f1eros de la Joyer\u00eda<\/figcaption><\/figure>\n\n\n\n<p><strong><em>\u00bfQu\u00e9 recuerdos tienes de esa etapa?<\/em><\/strong><\/p>\n\n\n\n<p>Tengo muchos recuerdos y ser\u00eda muy largo de contar. S\u00f3lo te cuento que mi jefe de la joyer\u00eda de la calle de las Veneras se llamaba Emilio y era gay. Su mujer Afriquita, como \u00e9l la llamaba, era la sobrina de Francisco Serrano Anguita, escritor y periodista muy reputado, (tiene una calle en Madrid). &nbsp;En aquella \u00e9poca, te hablo de 1952, la polic\u00eda hac\u00eda redadas y los gais iban al talego. Cada vez que le deten\u00edan llamaba a su mujer y le dec\u00eda: \u201cAfriquita, llama al t\u00edo\u201d y el t\u00edo (Serrano Anguita) iba a la Puerta del Sol y le soltaban. Emilito tuvo un triste final, hizo una estafa, le pillaron y se suicid\u00f3.<\/p>\n\n\n\n<figure class=\"wp-block-image size-large\"><img loading=\"lazy\" decoding=\"async\" width=\"386\" height=\"512\" src=\"https:\/\/rafaelartacho.es\/wp-content\/uploads\/2021\/07\/calle-Serrano-Anguita.jpg\" alt=\"\" class=\"wp-image-524\" srcset=\"https:\/\/rafaelartacho.es\/wp-content\/uploads\/2021\/07\/calle-Serrano-Anguita.jpg 386w, https:\/\/rafaelartacho.es\/wp-content\/uploads\/2021\/07\/calle-Serrano-Anguita-226x300.jpg 226w\" sizes=\"auto, (max-width: 386px) 85vw, 386px\" \/><\/figure>\n\n\n\n<p>Despu\u00e9s trabaj\u00e9 en otra joyer\u00eda que se llamaba Talleres Carmona en la calle Eloy Gonzalo.<\/p>\n\n\n\n<p>Por cierto en esa Joyer\u00eda ten\u00eda un compa\u00f1ero que se llamaba Casimiro Vicente y dec\u00edan que era hijo de Casimiro Morcillo, el que fue Arzobispo de Madrid, Presidente de la Conferencia Episcopal y Procurador en Cortes nombrado por Franco. Cuando cerr\u00f3 la joyer\u00eda le colocaron en Iberia.<\/p>\n\n\n\n<p><strong><em>En este momento se cambian las tornas y ahora es Mart\u00edn quien me pregunta<\/em><\/strong><\/p>\n\n\n\n<ul class=\"wp-block-list\"><li>\u00bfSabes d\u00f3nde naci\u00f3 el Arzobispo Morcillo?<\/li><li>No &nbsp;\u2014le respondo.<\/li><li>En Chozas de la Sierra. \u00bfConoces ese pueblo?<\/li><li>No &nbsp;\u2014 le vuelvo a responder<\/li><li>Pues s\u00ed lo conoces porque ahora se llama Soto del Real. A Casimiro Morcillo no le gustaba el nombre de su pueblo (Chozas de la Sierra) y consigui\u00f3 que Franco lo cambiara, a pesar de que la Real Academia de la Historia emiti\u00f3 su informe en contra para que no se cambiara.<\/li><li>\u00bfSab\u00edas que Miraflores de la Sierra se llamaba Porquerizas?<\/li><li>No \u2014sigo respondiendo.<\/li><li>&nbsp;Pues este cambio fue mucho antes y dicen que fue Isabel de Borb\u00f3n, la esposa de Felipe IV la que, camino de uno de sus viajes a El Paular dijo al pasar por Porquerizas, \u201cMira Flores\u201d y as\u00ed se cambi\u00f3.<\/li><li>Eres un pozo de sabidur\u00eda, Mart\u00edn. \u2014le contesto.<\/li><\/ul>\n\n\n\n<p>Pues volviendo a la joyer\u00eda, en esta \u00faltima llegu\u00e9 a ser Oficial de primera, sacador de fuego.<\/p>\n\n\n\n<p><strong><em>\u00bfGanar\u00edas un buen sueldo?<\/em><\/strong><\/p>\n\n\n\n<p>\u00a1Qu\u00e9 va!, se ganaba poco y hab\u00eda que tener dos o m\u00e1s trabajos. Compatibilizaba la joyer\u00eda vendiendo los chicles Cosmos, que en aquella \u00e9poca era el n\u00famero uno de ventas. Cargaba en un almac\u00e9n que hab\u00eda por el Paseo de Extremadura, en la calle Santa \u00darsula y vend\u00eda visitando los comercios. El due\u00f1o era un liban\u00e9s y me dejo un \u201ccuatro latas\u201d (Renault&nbsp; 4L) para repartir. No s\u00e9 c\u00f3mo pasaba pero le aboll\u00e9 el coche tres o cuatro veces. Un d\u00eda me dice: \u201custed ser un buen vendedor, pero mal conductor. Yo poner a usted vendedor de infanter\u00eda\u201d. Y ya no me dej\u00f3 un coche nunca m\u00e1s. Y me tocaba ir a vender andando.<\/p>\n\n\n\n<figure class=\"wp-block-image size-large\"><img loading=\"lazy\" decoding=\"async\" width=\"320\" height=\"185\" src=\"https:\/\/rafaelartacho.es\/wp-content\/uploads\/2021\/07\/chicle-cosmos-1.jpg\" alt=\"\" class=\"wp-image-510\" srcset=\"https:\/\/rafaelartacho.es\/wp-content\/uploads\/2021\/07\/chicle-cosmos-1.jpg 320w, https:\/\/rafaelartacho.es\/wp-content\/uploads\/2021\/07\/chicle-cosmos-1-300x173.jpg 300w\" sizes=\"auto, (max-width: 320px) 85vw, 320px\" \/><figcaption>Imagen de los famosos chicles cosmos que vend\u00eda por las tiendas de Madrid<\/figcaption><\/figure>\n\n\n\n<p><strong><em>\u00bfO sea que practicabas el pluriempleo?<\/em><\/strong><\/p>\n\n\n\n<p>Pues s\u00ed. Cuando la joyer\u00eda empez\u00f3 a flojear, el due\u00f1o de la joyer\u00eda se\u00f1or Carmona, que tiene que estar en el cielo sentado a la derecha de Dios Padre, nos dijo: \u201c<strong><em>El oficio va mal. Papa Blanco ya no nos manda trabajo\u201d <\/em><\/strong>(era un se\u00f1or de L\u00e9rida almacenista de joyer\u00eda&nbsp; que nos mandaba el oro para hacer 10 kilos de obra de pulseras todas las semanas). \u201c<strong><em>El que encuentre trabajo que lo coja que yo le voy a seguir pagando el sueldo base y la seguridad social\u201d.<\/em><\/strong><\/p>\n\n\n\n<p>As\u00ed que me fui a ver a mi t\u00eda Isabel, prima hermana de mi padre, que&nbsp; ten\u00eda el&nbsp; bar Iris en la Glorieta de Atocha. Como yo no sab\u00eda nada del oficio, mi t\u00eda me recomend\u00f3 a mi cu\u00f1ado que ten\u00eda una cafeter\u00eda en la calle Donoso Cort\u00e9s, &nbsp;esquina Escosura.&nbsp; As\u00ed empec\u00e9 a trabajar en la cafeter\u00eda&nbsp; Picos Pardos; entraba a las tres de la tarde hasta las 11 de la noche. Viv\u00ed aventuras que ni te cuento. Estuve 3 a\u00f1os.&nbsp; All\u00ed tom\u00e9 mi primer contacto con el mundo de la prensa.<\/p>\n\n\n\n<p><strong><em>\u00bfC\u00f3mo fue eso?<\/em><\/strong><\/p>\n\n\n\n<p>Un cliente habitual al que yo trataba muy bien, un d\u00eda me dice:<\/p>\n\n\n\n<ul class=\"wp-block-list\"><li>Chaval, \u00bfqu\u00e9 te pasa que te veo muy apagado?<\/li><li>Que estoy \u201cmoscas tres\u201d\u2014 y le hago un gesto con dos dedos en las fosas nasales.<\/li><li>\u00bfY qu\u00e9 es lo que haces?<\/li><li>Pues por la ma\u00f1ana voy a un taller de joyer\u00eda y por la tarde estoy aqu\u00ed.<\/li><li>\u00bfSi te quieres ganar unas pelillas por la noche ven a verme?\u2014 Y me da una tarjeta que pon\u00eda Jefe de Suscripciones de ABC.<\/li><\/ul>\n\n\n\n<p>As\u00ed que ah\u00ed me tienes por la noche repartiendo el ABC andando. Me daban 6 paquetes para repartir. Dejaba tres al conserje y me iba con los otros tres paquetes a entregar los m\u00e1s lejanos y luego volv\u00eda a por los otros. Ya estaba casado y ten\u00eda un hijo y hab\u00eda que sacarlos adelante.<\/p>\n\n\n\n<p><strong><em>\u00bfY ya empezaste a trabajar en el sector de las publicaciones?<\/em><\/strong><\/p>\n\n\n\n<p>Fue una toma de contacto. Mi entrada en el sector se produjo cuando me contrataron en la Editorial Bruguera. Antes estuve tres a\u00f1os de encargado en la cafeter\u00eda de mi t\u00eda.<\/p>\n\n\n\n<figure class=\"wp-block-image size-large\"><img loading=\"lazy\" decoding=\"async\" width=\"924\" height=\"1074\" src=\"https:\/\/rafaelartacho.es\/wp-content\/uploads\/2021\/07\/img947.jpg\" alt=\"\" class=\"wp-image-509\" srcset=\"https:\/\/rafaelartacho.es\/wp-content\/uploads\/2021\/07\/img947.jpg 924w, https:\/\/rafaelartacho.es\/wp-content\/uploads\/2021\/07\/img947-258x300.jpg 258w, https:\/\/rafaelartacho.es\/wp-content\/uploads\/2021\/07\/img947-881x1024.jpg 881w, https:\/\/rafaelartacho.es\/wp-content\/uploads\/2021\/07\/img947-768x893.jpg 768w\" sizes=\"auto, (max-width: 709px) 85vw, (max-width: 909px) 67vw, (max-width: 1362px) 62vw, 840px\" \/><figcaption>Con los compa\u00f1eros de Editorial Bruguera<\/figcaption><\/figure>\n\n\n\n<p><strong><em>\u00bfCu\u00e1ndo entraste en Bruguera?<\/em><\/strong><\/p>\n\n\n\n<p>El lunes 18 de febrero de 1969 y entr\u00e9 de repartidor. Ten\u00eda una ruta de 156 puntos de venta. Recuerdo tambi\u00e9n que le llev\u00e1bamos el g\u00e9nero a Miguel de la Fuente, en la calle Lomb\u00eda. \u00cdbamos dos personas porque era mucho g\u00e9nero y ten\u00edamos que recoger la devoluci\u00f3n. Nos trataba muy bien, porque cada vez que \u00edbamos nos daba 50 pts. de propina para que fu\u00e9ramos a desayunar, mientras sus empleados descargaban el g\u00e9nero y nos cargaban la devoluci\u00f3n. Nos \u00edbamos a Los Torreznos, en la calle Goya esquina&nbsp; Fern\u00e1n Gonz\u00e1lez, nos tom\u00e1bamos &nbsp;2 pinchos de tortilla, 2 torreznos,&nbsp; 2 ca\u00f1as de vino, 2 caf\u00e9s y nos sobraba dinero.<\/p>\n\n\n\n<p><strong><em>\u00bfEstuviste muchos a\u00f1os en Bruguera?<\/em><\/strong><\/p>\n\n\n\n<p>Estuve 14 a\u00f1os. En 1972 dej\u00e9 de repartir y empec\u00e9 a viajar como comercial y en 1983 hubo un proceso de bajas incentivadas y me march\u00e9 a J. Mora, como t\u00fa sabes.<\/p>\n\n\n\n<p><strong><em>Es verdad. Yo te conoc\u00ed cuando estaba en J. Mora y t\u00fa en Bruguera. Te fichamos porque nos hab\u00edan dado la distribuci\u00f3n del Pronto para la ciudad de Madrid (para la provincia ya la ten\u00edamos) y ten\u00edamos que montar las rutas de reparto. Aprend\u00ed de ti muchas cosas que luego me fueron muy \u00fatiles en otras empresas, cuando tuve que montar estructuras de distribuci\u00f3n.<\/em><\/strong><\/p>\n\n\n\n<p>S\u00ed. Recuerdo el mural de corcho con el plano gigante de Madrid, donde puse alfiler a alfiler de distintos colores todos los puntos de venta de Madrid ciudad (m\u00e1s de mil) y un hilo que los un\u00eda se\u00f1alando las rutas. Era la admiraci\u00f3n de todas las visitas. Tambi\u00e9n me acuerdo que el primer d\u00eda que repart\u00edamos el Pronto en Madrid te siguieron misteriosamente.<\/p>\n\n\n\n<p><strong><em>Ja, ja, ja. Es verdad. Ahora voy a tener que contarlo.<\/em><\/strong><\/p>\n\n\n\n<p><strong><em>Recuerdo que a las 4 de la ma\u00f1ana fui al local de la distribuidora, cog\u00ed el furg\u00f3n grande y la documentaci\u00f3n de reparto para ir al estadio Vicente Calder\u00f3n, que es donde hab\u00edamos citado a los repartidores y al tr\u00e1iler de 26 toneladas que tra\u00eda las revistas desde Barcelona. En el trayecto not\u00e9 que un coche me segu\u00eda, porque no me adelantaba y eso que yo iba despacio. Cuando llegu\u00e9 al Vicente Calder\u00f3n te lo comente a ti y a nuestro jefe, Juan Mora. Nos montamos en el coche de Juan Mora para&nbsp; dar una vuelta y vimos el&nbsp; coche aparcado con las luces apagadas y el conductor dentro. Hizo intenci\u00f3n de arrancar cuando se sinti\u00f3 descubierto pero bloqueamos su salida, le hicimos bajar del coche y le preguntamos que por qu\u00e9 me hab\u00eda seguido desde M\u00f3stoles. Era un inspector de la competencia (Distrimadrid) al que sus jefes hab\u00edan mandado para averiguar c\u00f3mo \u00edbamos a repartir. Estaban intrigados,&nbsp; ya que no ten\u00edamos instalaciones adecuadas para una distribuci\u00f3n de esa envergadura. Juan Mora, tal vez recordando los tiempos en que \u00e9l tambi\u00e9n hab\u00eda sido inspector, le trat\u00f3 amablemente y le invit\u00f3 a quedarse con nosotros el tiempo que quisiera.<\/em><\/strong><\/p>\n\n\n\n<p><strong><em>&nbsp;Pero bueno, tenemos que seguir con tu historia<\/em><\/strong><\/p>\n\n\n\n<p><strong><em>\u00bfTambi\u00e9n has sido distribuidor de Prensa?<\/em><\/strong><\/p>\n\n\n\n<p>S\u00ed. Mont\u00e9 una distribuidora en Cuenca y Ciudad real &nbsp;ya que me unen con Cuenca, en especial con Taranc\u00f3n, unos lazos muy fuertes. Lo intent\u00e9 pero no cuaj\u00f3 y tuve que cerrarla. Me puse a trabajar de lo m\u00edo, de comercial en un Almac\u00e9n que ten\u00eda la sede en Granada y que vend\u00eda de todo. Pero estuve poco tiempo porque en seguida me fui a trabajar otra vez a Bruguera.<\/p>\n\n\n\n<figure class=\"wp-block-image size-large\"><img loading=\"lazy\" decoding=\"async\" width=\"1189\" height=\"812\" src=\"https:\/\/rafaelartacho.es\/wp-content\/uploads\/2021\/07\/img946-2-recti.jpg\" alt=\"\" class=\"wp-image-520\" srcset=\"https:\/\/rafaelartacho.es\/wp-content\/uploads\/2021\/07\/img946-2-recti.jpg 1189w, https:\/\/rafaelartacho.es\/wp-content\/uploads\/2021\/07\/img946-2-recti-300x205.jpg 300w, https:\/\/rafaelartacho.es\/wp-content\/uploads\/2021\/07\/img946-2-recti-1024x699.jpg 1024w, https:\/\/rafaelartacho.es\/wp-content\/uploads\/2021\/07\/img946-2-recti-768x524.jpg 768w\" sizes=\"auto, (max-width: 709px) 85vw, (max-width: 909px) 67vw, (max-width: 1362px) 62vw, 840px\" \/><\/figure>\n\n\n\n<p><strong><em>\u00bfVolviste a Bruguera?<\/em><\/strong><\/p>\n\n\n\n<p>S\u00ed. D. Francisco BRUGUERA, dec\u00eda que el que se marchaba de Bruguera ya no volv\u00eda nunca m\u00e1s. Conmigo no lo cumpli\u00f3. Estuve hasta su cierre definitivo en 1986.<\/p>\n\n\n\n<p><strong><em>Tambi\u00e9n trabajaste en la Distribuidora It\u00e1lica<\/em><\/strong><\/p>\n\n\n\n<p>S\u00ed. En it\u00e1lica visitaba quioscos y librer\u00edas y les vend\u00eda los cromos como autoventa.<\/p>\n\n\n\n<p><strong><em>Y despu\u00e9s en Ediciones Noguer.<\/em><\/strong><\/p>\n\n\n\n<p>&nbsp;Jeroni Roca hab\u00eda sido mi jefe en Bruguera y cuando le nombraron Director General de Noguer me llam\u00f3 y estuve de comercial visitando librer\u00edas hasta 1989. En aquellos tiempos se vend\u00edan muchos libros en quioscos y librer\u00edas. Recuerdo que el libro El \u00daltimo Emperador se vend\u00eda como churros y no te digo nada del&nbsp; libro \u201cViven\u201d, que ya llevaba 143 ediciones.<\/p>\n\n\n\n<p><strong><em>Despu\u00e9s volvimos a trabajar juntos en el peri\u00f3dico El Mundo.<\/em><\/strong><\/p>\n\n\n\n<p>Me acuerdo perfectamente \u00bfY t\u00fa te acuerdas c\u00f3mo pas\u00f3?\u2014<strong><em>de nuevo se invierten los papeles y es Mart\u00edn el que me pregunta.<\/em><\/strong><\/p>\n\n\n\n<ul class=\"wp-block-list\"><li>\u00bfTe acuerdas de la fiesta de despedida que hiciste cuando te marchaste de It\u00e1lica porque te ibas al peri\u00f3dico El Mundo?<\/li><li>S\u00ed. Claro que me acuerdo\u2014le respondo.<\/li><li>\u00bfTe acuerdas lo que yo te dije en esa fiesta?<\/li><li>Pues no. La verdad es que no\u2014le miro extra\u00f1ado.<\/li><li>Pues te dije lo que le dijo el buen ladr\u00f3n a Jes\u00fas: \u201cAcu\u00e9rdate de m\u00ed cuando est\u00e9s en el Para\u00edso\u201d. Y no se me olvida que poco tiempo despu\u00e9s recibo una llamada telef\u00f3nica tuya, descuelgo y me dices: Mart\u00edn, \u00bfte quieres venir al Para\u00edso?<\/li><li>Ja, ja, ja. Ya no me acordaba. \u00a1\u00a1Eres incre\u00edble!! Pues claro. Te necesit\u00e1bamos para montar las rutas de reparto\u2014<strong><em>y me quedo pensando que a pesar de conocerle bien me sigue asombrando el memori\u00f3n que tiene mi amigo Mart\u00edn.<\/em><\/strong><\/li><\/ul>\n\n\n\n<p><strong><em>\u00bfTe decepcion\u00f3 el Para\u00edso?<\/em><\/strong><\/p>\n\n\n\n<p>No. La verdad es que se form\u00f3 un equipo muy bueno. Por cierto guardo la p\u00e1gina del suplemento especial&nbsp; que se public\u00f3 en el d\u00e9cimo aniversario, donde salen los nombres de todos los trabajadores que participamos en la fundaci\u00f3n de El Mundo. <strong><em>(me pide que la publique)<\/em><\/strong>.<\/p>\n\n\n\n<figure class=\"wp-block-image size-large\"><img loading=\"lazy\" decoding=\"async\" width=\"1898\" height=\"1844\" src=\"https:\/\/rafaelartacho.es\/wp-content\/uploads\/2021\/07\/Fundadores-de-El-Mundo-1.jpg\" alt=\"\" class=\"wp-image-511\" srcset=\"https:\/\/rafaelartacho.es\/wp-content\/uploads\/2021\/07\/Fundadores-de-El-Mundo-1.jpg 1898w, https:\/\/rafaelartacho.es\/wp-content\/uploads\/2021\/07\/Fundadores-de-El-Mundo-1-300x291.jpg 300w, https:\/\/rafaelartacho.es\/wp-content\/uploads\/2021\/07\/Fundadores-de-El-Mundo-1-1024x995.jpg 1024w, https:\/\/rafaelartacho.es\/wp-content\/uploads\/2021\/07\/Fundadores-de-El-Mundo-1-768x746.jpg 768w, https:\/\/rafaelartacho.es\/wp-content\/uploads\/2021\/07\/Fundadores-de-El-Mundo-1-1536x1492.jpg 1536w\" sizes=\"auto, (max-width: 709px) 85vw, (max-width: 909px) 67vw, (max-width: 1362px) 62vw, 840px\" \/><figcaption>Los fundadores del peri\u00f3dico El Mundo. En negro el equipo de Distribuci\u00f3n. <\/figcaption><\/figure>\n\n\n\n<p><strong><em>\u00bfQu\u00e9 recuerdos tienes de esa etapa?<\/em><\/strong><\/p>\n\n\n\n<p>Trabajamos mucho pero muy motivados. Sacar un peri\u00f3dico adelante con los pocos medios que hab\u00eda al principio fue una tarea de titanes. Recuerdo c\u00f3mo Pedro J. Ram\u00edrez me esperaba impaciente para conocer los resultados del sondeo de ventas que hac\u00edamos todos los d\u00edas por la tarde. No me dejaba ni hacer los c\u00e1lculos, ni seguir el cauce reglamentario. Nuestro jefe Pedro Alonso me dijo un d\u00eda: \u201cMart\u00edn te vas a tener que vestir de lagarterana\u201d para que Pedro J. nos dejara calcular el resultado del sondeo de forma m\u00e1s tranquila.&nbsp; Estaba obsesionado con las ventas.<\/p>\n\n\n\n<figure class=\"wp-block-image size-large\"><img loading=\"lazy\" decoding=\"async\" width=\"490\" height=\"265\" src=\"https:\/\/rafaelartacho.es\/wp-content\/uploads\/2021\/07\/Julio-Sabala-3.jpg\" alt=\"\" class=\"wp-image-515\" srcset=\"https:\/\/rafaelartacho.es\/wp-content\/uploads\/2021\/07\/Julio-Sabala-3.jpg 490w, https:\/\/rafaelartacho.es\/wp-content\/uploads\/2021\/07\/Julio-Sabala-3-300x162.jpg 300w\" sizes=\"auto, (max-width: 490px) 85vw, 490px\" \/><\/figure>\n\n\n\n<p><strong><em>Es verdad. Fueron tiempos duros pero con la distancia del tiempo se recuerdan con nostalgia \u00bfTe acuerdas cuando invitaste a Julio Sabala a&nbsp; la fiesta de Metropoli.<\/em><\/strong><\/p>\n\n\n\n<p>Claro que me acuerdo. Era el d\u00eda 31 de Mayo de 1990, el d\u00eda de la presentaci\u00f3n de Metr\u00f3poli, el suplemento de Ocio de El Mundo. &nbsp;Todos los de distribuci\u00f3n est\u00e1bamos comiendo en el restaurante Los Chavales, &nbsp;cuando vemos en una mesa al lado &nbsp;a Julio Sabala, el hombre de las mil caras, el imitador inimitable, muy popular en aquellos a\u00f1os. Yo me levanto, me acerco a saludarle, me presento &nbsp;y le digo que esa noche hay una fiesta en la discoteca Pach\u00e1 para celebrar el lanzamiento de Metr\u00f3poli. Me dice que quiere conocer a Pedro J. Ram\u00edrez y le digo que est\u00e1 invitado, le entrego mi tarjeta y que en la puerta pregunte por m\u00ed. Todos os re\u00edais de m\u00ed pero ya en la discoteca, cuando oigo por megafon\u00eda: \u201cSe\u00f1or Mart\u00edn, ac\u00e9rquese a la puerta que preguntan por usted\u201d y le veo esper\u00e1ndome el que se re\u00eda era yo. Le acompa\u00f1\u00e9 hasta donde estaban sentadas nuestras mujeres y se sent\u00f3 con nosotros. Ellas flipaban.<\/p>\n\n\n\n<p><strong><em>Es verdad. Yo no me lo pod\u00eda creer, ja, ja, ja.<\/em><\/strong><\/p>\n\n\n\n<figure class=\"wp-block-image size-large\"><img loading=\"lazy\" decoding=\"async\" width=\"1599\" height=\"899\" src=\"https:\/\/rafaelartacho.es\/wp-content\/uploads\/2021\/07\/IMG-20160423-WA0006.jpg\" alt=\"\" class=\"wp-image-516\" srcset=\"https:\/\/rafaelartacho.es\/wp-content\/uploads\/2021\/07\/IMG-20160423-WA0006.jpg 1599w, https:\/\/rafaelartacho.es\/wp-content\/uploads\/2021\/07\/IMG-20160423-WA0006-300x169.jpg 300w, https:\/\/rafaelartacho.es\/wp-content\/uploads\/2021\/07\/IMG-20160423-WA0006-1024x576.jpg 1024w, https:\/\/rafaelartacho.es\/wp-content\/uploads\/2021\/07\/IMG-20160423-WA0006-768x432.jpg 768w, https:\/\/rafaelartacho.es\/wp-content\/uploads\/2021\/07\/IMG-20160423-WA0006-1536x864.jpg 1536w\" sizes=\"auto, (max-width: 709px) 85vw, (max-width: 909px) 67vw, (max-width: 1362px) 62vw, 840px\" \/><figcaption>Con Tom\u00e1s Carrascosa, Paco Sastre, Rafael Artacho y Pedro Pablo, compa\u00f1eros de Claro<\/figcaption><\/figure>\n\n\n\n<p><strong><em>Luego volvimos a trabajar juntos en Claro, otro peri\u00f3dico nuevo que sali\u00f3 en 1991<\/em><\/strong><\/p>\n\n\n\n<p>S\u00ed, ese dur\u00f3 poco. Fue una pena. Grandes&nbsp; medios, grandes presupuestos. &nbsp;Sali\u00f3 con muchas \u00ednfulas pero s\u00f3lo duro 5 meses. Todav\u00eda recuerdo la presentaci\u00f3n que hizo Mat\u00edas Prats del equipo de distribuci\u00f3n en el Scala Meli\u00e1 Castilla, nombr\u00e1ndonos uno a uno con una breve rese\u00f1a de nuestro curriculum.&nbsp; Termin\u00f3 con la frase: \u201d Esta plantilla est\u00e1 hecha a golpe de talonario\u201d.<\/p>\n\n\n\n<p><strong><em>La verdad es que se gastaron una millonada que fue a la basura.<\/em><\/strong><\/p>\n\n\n\n<p>Y en promociones ni te cuento. Recuerdo el almac\u00e9n donde se guardaban los art\u00edculos de promoci\u00f3n comercial (merchandising). Estaba a rebosar. Todav\u00eda guardo un bolet\u00edn de los que se hicieron para entregar a los puntos de venta en el que aparezco entregando un premio a Isabel G\u00f3mez, que ten\u00eda un quiosco en Bravo Murillo, 187.<\/p>\n\n\n\n<figure class=\"wp-block-image size-large\"><img loading=\"lazy\" decoding=\"async\" width=\"2009\" height=\"924\" src=\"https:\/\/rafaelartacho.es\/wp-content\/uploads\/2021\/07\/img949.jpg\" alt=\"\" class=\"wp-image-512\" srcset=\"https:\/\/rafaelartacho.es\/wp-content\/uploads\/2021\/07\/img949.jpg 2009w, https:\/\/rafaelartacho.es\/wp-content\/uploads\/2021\/07\/img949-300x138.jpg 300w, https:\/\/rafaelartacho.es\/wp-content\/uploads\/2021\/07\/img949-1024x471.jpg 1024w, https:\/\/rafaelartacho.es\/wp-content\/uploads\/2021\/07\/img949-768x353.jpg 768w, https:\/\/rafaelartacho.es\/wp-content\/uploads\/2021\/07\/img949-1536x706.jpg 1536w\" sizes=\"auto, (max-width: 709px) 85vw, (max-width: 909px) 67vw, (max-width: 1362px) 62vw, 840px\" \/><figcaption>Mart\u00edn entregando un obsequio a una quiosquera de Madrid<\/figcaption><\/figure>\n\n\n\n<p><strong><em>Menos mal que cuando cerr\u00f3 encontraste trabajo r\u00e1pido.<\/em><\/strong><\/p>\n\n\n\n<p>S\u00ed, fueron a\u00f1os en los que hab\u00eda trabajo en nuestro sector. Me llamaron de Hollander la empresa encargada del reparto de El Mundo&nbsp; y estuve de inspector de rutas un tiempo. Luego, en contra de mi voluntad, me nombraron director de tr\u00e1fico y estuve controlando en el cierre la salida de las rutas desde las 4 de la ma\u00f1ana.<\/p>\n\n\n\n<p><strong><em>\u00bfPor qu\u00e9 contra tu voluntad?<\/em><\/strong><\/p>\n\n\n\n<p>Porque yo no quer\u00eda asumir responsabilidades que no me correspond\u00edan.<\/p>\n\n\n\n<p><strong><em>\u00bfHasta cu\u00e1ndo estuviste en Hollander?<\/em><\/strong><\/p>\n\n\n\n<p>Cambi\u00f3 de nombre y se llamaba Interpress. Estuve hasta Agosto de 1995. Discrepancias con el gerente forzaron mi salida de la empresa y llegamos a un acuerdo.<\/p>\n\n\n\n<p><strong><em>Pero luego volviste a trabajar en Interpress<\/em><\/strong><\/p>\n\n\n\n<p>Si, fue cuando sali\u00f3 La Raz\u00f3n en 1998. Se hab\u00eda marchado el gerente discordante&nbsp; y Pura Hern\u00e1ndez que era la directora de distribuci\u00f3n de La Raz\u00f3n y que hab\u00eda sido compa\u00f1era en Claro me recomend\u00f3 porque quer\u00eda que controlara el buen funcionamiento de las rutas de reparto.<\/p>\n\n\n\n<p><strong><em>\u00bfY ya hasta tu jubilaci\u00f3n?<\/em><\/strong><\/p>\n\n\n\n<p>Bueno antes tuve un accidente con el coche que me tuvo un a\u00f1o de baja y despu\u00e9s me jubil\u00e9: el 7 de octubre de 2001 unos d\u00edas antes del Congreso Nacional de Vendedores de Prensa de Asturias.<\/p>\n\n\n\n<figure class=\"wp-block-image size-large\"><img loading=\"lazy\" decoding=\"async\" width=\"589\" height=\"590\" src=\"https:\/\/rafaelartacho.es\/wp-content\/uploads\/2021\/07\/CENA-AVECOMA-2009-182-2.jpg\" alt=\"\" class=\"wp-image-517\" srcset=\"https:\/\/rafaelartacho.es\/wp-content\/uploads\/2021\/07\/CENA-AVECOMA-2009-182-2.jpg 589w, https:\/\/rafaelartacho.es\/wp-content\/uploads\/2021\/07\/CENA-AVECOMA-2009-182-2-300x300.jpg 300w, https:\/\/rafaelartacho.es\/wp-content\/uploads\/2021\/07\/CENA-AVECOMA-2009-182-2-150x150.jpg 150w\" sizes=\"auto, (max-width: 589px) 85vw, 589px\" \/><figcaption>Dirigi\u00e9ndose a los vendedores de prensa cuando recibi\u00f3 el premio de AVECOMA<\/figcaption><\/figure>\n\n\n\n<p><strong><em>Es verdad. En esa \u00e9poca yo era Presidente de Conadipe, estaba organizando el Congreso y t\u00fa hab\u00edas hecho muchos favores a las Asociaciones y decidimos invitarte &nbsp;al Congreso que se celebr\u00f3 en Asturias los d\u00edas 12,13 y 14 de Octubre.<\/em><\/strong><\/p>\n\n\n\n<p>Fue un viaje entra\u00f1able en el que disfrut\u00e9 mucho rodeado de vendedores de prensa. Ten en cuenta que yo siempre me he sentido amigo de los vendedores de prensa. Desde los tiempos en que fui repartidor de Bruguera, pasando por todas las empresas en las que mi cometido ha sido visitarlos, he sentido un enorme respeto por su trabajo y con muchos de ellos ha habido una magn\u00edfica relaci\u00f3n personal.<\/p>\n\n\n\n<p><strong><em>Me consta amigo Mart\u00edn. As\u00ed me lo han dicho todos los que te han tratado. Y varios asistentes al Congreso de Asturias me han preguntado por esa persona que animaba los traslados en autob\u00fas contando chistes, cantando&nbsp; y que contribuy\u00f3 a que hubiera muy buen ambiente.&nbsp; Todav\u00eda se acuerdan de ti.<\/em><\/strong><\/p>\n\n\n\n<p>Y yo quiero agradecer el trato que Asociaciones como Avecoma me hab\u00e9is dado invit\u00e1ndome a vuestras Cenas de Hermandad y nombr\u00e1ndome AMIGO DEL VENDEDOR DE PRENSA.<\/p>\n\n\n\n<p><strong><em>\u00bfQuieres a\u00f1adir algo m\u00e1s?<\/em><\/strong><\/p>\n\n\n\n<p>S\u00f3lo quiero reiterar mi aprecio por los vendedores de prensa recordando a dos personas que a mi modo de ver son las que mejor representan el cari\u00f1o que he recibido de ese colectivo.<\/p>\n\n\n\n<p>Gloria Pi\u00f1a, que regentaba el quiosco de la Glorieta de Bilbao frente al Caf\u00e9 Comercial y a la que conoc\u00ed en los a\u00f1os setenta cuando yo era repartidor de Bruguera por su afecto, por su bondad y por el buen trato que me dispensaba.<\/p>\n\n\n\n<p>Gregoria L\u00f3pez Rojas que regentaba el quiosco de Conde de Pe\u00f1alver, 34 y que tambi\u00e9n conoc\u00ed en aquellos a\u00f1os, por su buen humor y los buenos momentos que pasamos juntos cont\u00e1ndonos nuestras batallitas.<\/p>\n\n\n\n<p><a href=\"https:\/\/www.amazon.es\/photos\/share\/zZYyMS6Ly6NjhWQQaAxnpsYor666aNHsLxOORjzFpQ2\" target=\"_blank\" rel=\"noreferrer noopener\">VER IMAGENES EN PESTA\u00d1A NUEVA<\/a><\/p>\n","protected":false},"excerpt":{"rendered":"<p>Continuamos con el relato de la trayectoria profesional de mi amigo Mart\u00edn. Un breve recorrido por las empresas en que trabaj\u00f3 y que le hace aflorar recuerdos de personas que han sido importantes en su vida profesional. Pero eso s\u00ed, el buen humor que no falte y como dice la canci\u00f3n de Peret : Es &hellip; <a href=\"https:\/\/rafaelartacho.es\/index.php\/2021\/07\/02\/mi-amigo-martiniii-el-profesional\/\" class=\"more-link\">Continuar leyendo<span class=\"screen-reader-text\"> \u00abMI AMIGO MARTIN(III): El profesional\u00bb<\/span><\/a><\/p>\n","protected":false},"author":1,"featured_media":0,"comment_status":"open","ping_status":"open","sticky":false,"template":"","format":"standard","meta":{"footnotes":""},"categories":[5],"tags":[],"class_list":["post-507","post","type-post","status-publish","format-standard","hentry","category-uncategorised"],"_links":{"self":[{"href":"https:\/\/rafaelartacho.es\/index.php\/wp-json\/wp\/v2\/posts\/507","targetHints":{"allow":["GET"]}}],"collection":[{"href":"https:\/\/rafaelartacho.es\/index.php\/wp-json\/wp\/v2\/posts"}],"about":[{"href":"https:\/\/rafaelartacho.es\/index.php\/wp-json\/wp\/v2\/types\/post"}],"author":[{"embeddable":true,"href":"https:\/\/rafaelartacho.es\/index.php\/wp-json\/wp\/v2\/users\/1"}],"replies":[{"embeddable":true,"href":"https:\/\/rafaelartacho.es\/index.php\/wp-json\/wp\/v2\/comments?post=507"}],"version-history":[{"count":1,"href":"https:\/\/rafaelartacho.es\/index.php\/wp-json\/wp\/v2\/posts\/507\/revisions"}],"predecessor-version":[{"id":814,"href":"https:\/\/rafaelartacho.es\/index.php\/wp-json\/wp\/v2\/posts\/507\/revisions\/814"}],"wp:attachment":[{"href":"https:\/\/rafaelartacho.es\/index.php\/wp-json\/wp\/v2\/media?parent=507"}],"wp:term":[{"taxonomy":"category","embeddable":true,"href":"https:\/\/rafaelartacho.es\/index.php\/wp-json\/wp\/v2\/categories?post=507"},{"taxonomy":"post_tag","embeddable":true,"href":"https:\/\/rafaelartacho.es\/index.php\/wp-json\/wp\/v2\/tags?post=507"}],"curies":[{"name":"wp","href":"https:\/\/api.w.org\/{rel}","templated":true}]}}