{"id":414,"date":"2021-04-30T02:37:04","date_gmt":"2021-04-30T02:37:04","guid":{"rendered":"https:\/\/aprendizdetodo.rafaelartacho.es\/?p=414"},"modified":"2023-02-10T00:14:40","modified_gmt":"2023-02-10T00:14:40","slug":"mi-amigo-martin-ii-el-artista","status":"publish","type":"post","link":"https:\/\/rafaelartacho.es\/index.php\/2021\/04\/30\/mi-amigo-martin-ii-el-artista\/","title":{"rendered":"MI AMIGO MARTIN (II). El Artista"},"content":{"rendered":"\n<figure class=\"wp-block-image size-large\"><img loading=\"lazy\" decoding=\"async\" width=\"1429\" height=\"1701\" src=\"https:\/\/rafaelartacho.es\/wp-content\/uploads\/2021\/04\/foto-2.jpg\" alt=\"\" class=\"wp-image-429\" srcset=\"https:\/\/rafaelartacho.es\/wp-content\/uploads\/2021\/04\/foto-2.jpg 1429w, https:\/\/rafaelartacho.es\/wp-content\/uploads\/2021\/04\/foto-2-252x300.jpg 252w, https:\/\/rafaelartacho.es\/wp-content\/uploads\/2021\/04\/foto-2-860x1024.jpg 860w, https:\/\/rafaelartacho.es\/wp-content\/uploads\/2021\/04\/foto-2-768x914.jpg 768w, https:\/\/rafaelartacho.es\/wp-content\/uploads\/2021\/04\/foto-2-1290x1536.jpg 1290w\" sizes=\"auto, (max-width: 709px) 85vw, (max-width: 909px) 67vw, (max-width: 1362px) 62vw, 840px\" \/><\/figure>\n\n\n\n<p>Pedro Montoli\u00fa, es cronista oficial de la Villa de Madrid y cuenta en una entrevista en <a rel=\"noreferrer noopener\" href=\"https:\/\/www.madridiario.es\/noticia\/194976\/distritos\/madrid-sufrio-en-los-50-su-mayor-transformacion.html\" data-type=\"URL\" target=\"_blank\">Madridiario<\/a> que \u201c<em>hasta el a\u00f1o 1952 se vivi\u00f3 en Madrid con racionamiento de alimentos y fuertes restricciones de luz y agua como consecuencia de la llamada &#8216;pertinaz sequ\u00eda&#8217;. La situaci\u00f3n era bastante mala, aunque era mejor que la de los a\u00f1os del hambre de la posguerra. La gente comenzaba a respirar un poco. La clase media lograba ciertos ingresos, a base de trabajar en dos y tres sitios a la vez. La situaci\u00f3n mejor\u00f3 cuando el Gobierno decidi\u00f3 subir los sueldos de forma sensible e introdujo las pagas extraordinarias. En el a\u00f1o 1954 se alcanzaron los niveles econ\u00f3micos existentes antes de la guerra. Hab\u00edan tenido que pasar casi veinte a\u00f1os para conseguirlo.\u201d<\/em><\/p>\n\n\n\n<p>En esos a\u00f1os fue donde pas\u00f3 mi amigo Martin su adolescencia y juventud. Aunque trabajaba &nbsp;duro, compatibilizaba el trabajo con sus pinitos en el mundo de la canci\u00f3n.<\/p>\n\n\n\n<figure class=\"wp-block-image size-large\"><img loading=\"lazy\" decoding=\"async\" width=\"990\" height=\"1362\" src=\"https:\/\/rafaelartacho.es\/wp-content\/uploads\/2021\/04\/Con-hermanas-y-amigas.jpg\" alt=\"\" class=\"wp-image-417\" srcset=\"https:\/\/rafaelartacho.es\/wp-content\/uploads\/2021\/04\/Con-hermanas-y-amigas.jpg 990w, https:\/\/rafaelartacho.es\/wp-content\/uploads\/2021\/04\/Con-hermanas-y-amigas-218x300.jpg 218w, https:\/\/rafaelartacho.es\/wp-content\/uploads\/2021\/04\/Con-hermanas-y-amigas-744x1024.jpg 744w, https:\/\/rafaelartacho.es\/wp-content\/uploads\/2021\/04\/Con-hermanas-y-amigas-768x1057.jpg 768w\" sizes=\"auto, (max-width: 709px) 85vw, (max-width: 909px) 67vw, (max-width: 1362px) 62vw, 840px\" \/><figcaption>Con su hermana y dos amigas, vestido de mejicano con 5 a\u00f1os<\/figcaption><\/figure>\n\n\n\n<p><strong><em>\u00bfTe gustaba cantar de ni\u00f1o?<\/em><\/strong><\/p>\n\n\n\n<p>De ni\u00f1o siempre cantaba. Era la alegr\u00eda de las fiestas familiares. Ya cantaba rancheras y me dec\u00edan que lo hac\u00eda muy bien.<\/p>\n\n\n\n<p><strong><em>Me contaste que hab\u00edas recibido clases de canto con el Maestro Vela.<\/em><\/strong><\/p>\n\n\n\n<p>S\u00ed y tambi\u00e9n me dio clases de canto el Maestro&nbsp; Miguel Rodr\u00edguez Algarra, con el que hac\u00eda bolos. \u00c9ramos un conjunto de artistas que actu\u00e1bamos en teatros de Madrid y en muchos pueblos de Espa\u00f1a. &nbsp;Ten\u00edamos hasta un enano que se llamaba &nbsp;Romerito. Ten\u00eda treinta y tantos a\u00f1os, iba con zapatitos de charol, el Diego Valor en la mano y cantaba, bailaba y entreten\u00eda al p\u00fablico. Algunos de esos artistas llegaron a ser figuras y se hicieron famosos como Pedrito Rico, Tomas de Antequera etc., aunque otros como a Romerito no le fue bien. Una vez me lo encontr\u00e9 pidiendo limosna por la calle, le salud\u00e9 pero no le gust\u00f3 que le reconociera.<\/p>\n\n\n\n<figure class=\"wp-block-image size-large\"><img loading=\"lazy\" decoding=\"async\" width=\"1290\" height=\"810\" src=\"https:\/\/rafaelartacho.es\/wp-content\/uploads\/2021\/04\/ANO-1959-RUEDE-LA-BOLA-RADIO-INTERCONTINENTAL-CON-ANGEL-ECHENIQUE.jpg\" alt=\"\" class=\"wp-image-427\" srcset=\"https:\/\/rafaelartacho.es\/wp-content\/uploads\/2021\/04\/ANO-1959-RUEDE-LA-BOLA-RADIO-INTERCONTINENTAL-CON-ANGEL-ECHENIQUE.jpg 1290w, https:\/\/rafaelartacho.es\/wp-content\/uploads\/2021\/04\/ANO-1959-RUEDE-LA-BOLA-RADIO-INTERCONTINENTAL-CON-ANGEL-ECHENIQUE-300x188.jpg 300w, https:\/\/rafaelartacho.es\/wp-content\/uploads\/2021\/04\/ANO-1959-RUEDE-LA-BOLA-RADIO-INTERCONTINENTAL-CON-ANGEL-ECHENIQUE-1024x643.jpg 1024w, https:\/\/rafaelartacho.es\/wp-content\/uploads\/2021\/04\/ANO-1959-RUEDE-LA-BOLA-RADIO-INTERCONTINENTAL-CON-ANGEL-ECHENIQUE-768x482.jpg 768w\" sizes=\"auto, (max-width: 709px) 85vw, (max-width: 909px) 67vw, (max-width: 1362px) 62vw, 840px\" \/><figcaption>Con Angel Echenique en Radio Intercontinental, en el programa \u00abRuede la Bola\u00bb.<\/figcaption><\/figure>\n\n\n\n<p><strong><em>Seg\u00fan he visto en peri\u00f3dicos de la \u00e9poca, Pedrito Rico era un \u00eddolo de masas a f\u00ednales de los 50 y en los a\u00f1os 60.<\/em><\/strong><\/p>\n\n\n\n<p>En aquellos a\u00f1os Pedrito Rico triunfaba en Espa\u00f1a y en Am\u00e9rica. Fue cantante bailar\u00edn y actor, pues hizo varias pel\u00edculas y llenaba los teatros donde actuaba.&nbsp; Con Pedrito Rico me ocurri\u00f3 una an\u00e9cdota simp\u00e1tica. Cuando ya era muy famoso,&nbsp;iba un d\u00eda con mi mujer y un matrimonio amigo por la calle Carmen, cerca de Galer\u00edas Preciados, que entonces todav\u00eda ten\u00eda tr\u00e1fico. Par\u00f3 un coche y o\u00ed que una persona me gritaba: \u201ctanguista, tanguista\u201d. Era Pedrito Rico el que me llamaba. Recordamos viejos tiempos, se lo present\u00e9 a las dos se\u00f1oras y se les ca\u00eda la baba.<\/p>\n\n\n\n<figure class=\"wp-block-embed is-type-video is-provider-youtube wp-block-embed-youtube wp-embed-aspect-4-3 wp-has-aspect-ratio\"><div class=\"wp-block-embed__wrapper\">\n<iframe loading=\"lazy\" title=\"Mano a mano\" width=\"840\" height=\"630\" src=\"https:\/\/www.youtube.com\/embed\/TkNu2Q_oK_A?feature=oembed\" frameborder=\"0\" allow=\"accelerometer; autoplay; clipboard-write; encrypted-media; gyroscope; picture-in-picture\" allowfullscreen><\/iframe>\n<\/div><\/figure>\n\n\n\n<p><strong><em>Sonr\u00ede con nostalgia<\/em> y<em> se pone a tararear canciones de Pedrito Rico. Y recita tambi\u00e9n &nbsp;la canci\u00f3n de la mecedora:<\/em><\/strong><\/p>\n\n\n\n<div class=\"wp-block-columns is-layout-flex wp-container-core-columns-is-layout-9d6595d7 wp-block-columns-is-layout-flex\">\n<div class=\"wp-block-column is-layout-flow wp-block-column-is-layout-flow\" style=\"flex-basis:25%\"><\/div>\n\n\n\n<div class=\"wp-block-column is-layout-flow wp-block-column-is-layout-flow\" style=\"flex-basis:50%\">\n<p><em>Compraron la mecedora<br>en una casa de antig\u00fcedades<br>y estaban a todas horas<br>por los rincones dale que dale.<\/em><\/p>\n\n\n\n<p><em>Dijeron que la compraron<br>para la abuela, que estaba mala,<br>y todos la disfrutaron<br>menos la pobre, que ya no andaba.<\/em><\/p>\n<\/div>\n\n\n\n<div class=\"wp-block-column is-layout-flow wp-block-column-is-layout-flow\"><\/div>\n\n\n\n<div class=\"wp-block-column is-layout-flow wp-block-column-is-layout-flow\" style=\"flex-basis:25%\"><\/div>\n<\/div>\n\n\n\n<p>\u00bf<strong><em>O sea que te dedicaste a la canci\u00f3n de forma profesional?<\/em><\/strong><\/p>\n\n\n\n<p>Pues casi. Era tambi\u00e9n el cantante de la Orquesta Iris y actu\u00e1bamos en bailes y salas de Madrid. Aunque trabajaba en la joyer\u00eda y en lo que sal\u00eda, el tiempo libre que ten\u00eda lo dedicaba a ensayar y cantar por esos mundos de dios.<\/p>\n\n\n\n<p><strong><em>\u00bfParticipaste en concursos de radio?<\/em><\/strong><\/p>\n\n\n\n<p>Si en 1954 participaba todos los meses en un programa de la Cadena Ser en Radio Madrid que se llamaba \u201cConozca usted a sus vecinos\u201d. Estaba presentado por Jos\u00e9 Fern\u00e1ndez Manzano (Ferman) y me daban de premio 20 duros y un chocolate con churros.<\/p>\n\n\n\n<p>En 1956 participe en un programa de Radio Espa\u00f1a que presentaba Daniel Vindel y su mujer. Se llamaba Los Barrios Cantan. Tengo una foto con ellos cantando en un cami\u00f3n que estaba en la calle Conde Pe\u00f1alver n\u00ba 15. Era un programa que se emit\u00eda de Lunes a Viernes y cada d\u00eda se iban a un barrio de Madrid. Estaba patrocinado por Nutrexpa &nbsp;y a cada participante nos daban un bote de biscotes &nbsp;y al que ganaba le daban adem\u00e1s 100 pts. y un diploma. Todav\u00eda conservo los diplomas que gan\u00e9 .<\/p>\n\n\n\n<figure class=\"wp-block-gallery columns-2 is-cropped wp-block-gallery-1 is-layout-flex wp-block-gallery-is-layout-flex\"><ul class=\"blocks-gallery-grid\"><li class=\"blocks-gallery-item\"><figure><img loading=\"lazy\" decoding=\"async\" width=\"2046\" height=\"1301\" src=\"https:\/\/rafaelartacho.es\/wp-content\/uploads\/2021\/04\/Con-Jose-Fernandez-Manzano-en-Conozca-usted-a-sus-vecinos..jpg\" alt=\"\" data-id=\"420\" data-full-url=\"https:\/\/rafaelartacho.es\/wp-content\/uploads\/2021\/04\/Con-Jose-Fernandez-Manzano-en-Conozca-usted-a-sus-vecinos..jpg\" data-link=\"https:\/\/aprendizdetodo.rafaelartacho.es\/archivos\/414\/con-jose-fernandez-manzano-en-conozca-usted-a-sus-vecinos\" class=\"wp-image-420\" srcset=\"https:\/\/rafaelartacho.es\/wp-content\/uploads\/2021\/04\/Con-Jose-Fernandez-Manzano-en-Conozca-usted-a-sus-vecinos..jpg 2046w, https:\/\/rafaelartacho.es\/wp-content\/uploads\/2021\/04\/Con-Jose-Fernandez-Manzano-en-Conozca-usted-a-sus-vecinos.-300x191.jpg 300w, https:\/\/rafaelartacho.es\/wp-content\/uploads\/2021\/04\/Con-Jose-Fernandez-Manzano-en-Conozca-usted-a-sus-vecinos.-1024x651.jpg 1024w, https:\/\/rafaelartacho.es\/wp-content\/uploads\/2021\/04\/Con-Jose-Fernandez-Manzano-en-Conozca-usted-a-sus-vecinos.-768x488.jpg 768w, https:\/\/rafaelartacho.es\/wp-content\/uploads\/2021\/04\/Con-Jose-Fernandez-Manzano-en-Conozca-usted-a-sus-vecinos.-1536x977.jpg 1536w\" sizes=\"auto, (max-width: 709px) 85vw, (max-width: 909px) 67vw, (max-width: 1362px) 62vw, 840px\" \/><figcaption class=\"blocks-gallery-item__caption\">Con Ferman, en el programa \u00abConozca usted a sus vecinos\u00bb.<\/figcaption><\/figure><\/li><li class=\"blocks-gallery-item\"><figure><img loading=\"lazy\" decoding=\"async\" width=\"1350\" height=\"834\" src=\"https:\/\/rafaelartacho.es\/wp-content\/uploads\/2021\/04\/Los-barrios-cantan-con-Daniel-Vindel-y-su-esposa.jpg\" alt=\"\" data-id=\"421\" data-full-url=\"https:\/\/rafaelartacho.es\/wp-content\/uploads\/2021\/04\/Los-barrios-cantan-con-Daniel-Vindel-y-su-esposa.jpg\" data-link=\"https:\/\/aprendizdetodo.rafaelartacho.es\/archivos\/414\/los-barrios-cantan-con-daniel-vindel-y-su-esposa\" class=\"wp-image-421\" srcset=\"https:\/\/rafaelartacho.es\/wp-content\/uploads\/2021\/04\/Los-barrios-cantan-con-Daniel-Vindel-y-su-esposa.jpg 1350w, https:\/\/rafaelartacho.es\/wp-content\/uploads\/2021\/04\/Los-barrios-cantan-con-Daniel-Vindel-y-su-esposa-300x185.jpg 300w, https:\/\/rafaelartacho.es\/wp-content\/uploads\/2021\/04\/Los-barrios-cantan-con-Daniel-Vindel-y-su-esposa-1024x633.jpg 1024w, https:\/\/rafaelartacho.es\/wp-content\/uploads\/2021\/04\/Los-barrios-cantan-con-Daniel-Vindel-y-su-esposa-768x474.jpg 768w\" sizes=\"auto, (max-width: 709px) 85vw, (max-width: 909px) 67vw, (max-width: 1362px) 62vw, 840px\" \/><figcaption class=\"blocks-gallery-item__caption\">Con Daniel Vindel en el programa de radio \u00abLos barrios cantan\u00bb<\/figcaption><\/figure><\/li><\/ul><\/figure>\n\n\n\n<p><\/p>\n\n\n\n<p><strong><em>\u00bfCu\u00e1ntas veces ganaste? Me ense\u00f1a sus diplomas y dice:<\/em><\/strong><\/p>\n\n\n\n<p>Pues mira el 15-11-1958 gan\u00e9 el de canci\u00f3n moderna, el 31 de enero de 1959 el de tangos, el 13-06-1959 otra vez el de canci\u00f3n moderna y el 3 de octubre de 1959 el de canci\u00f3n espa\u00f1ola. Y gan\u00e9 m\u00e1s veces &nbsp;pero no conservo los diplomas. <\/p>\n\n\n\n<figure class=\"wp-block-gallery columns-3 is-cropped wp-block-gallery-2 is-layout-flex wp-block-gallery-is-layout-flex\"><ul class=\"blocks-gallery-grid\"><li class=\"blocks-gallery-item\"><figure><img loading=\"lazy\" decoding=\"async\" width=\"2560\" height=\"1920\" src=\"https:\/\/rafaelartacho.es\/wp-content\/uploads\/2021\/04\/20210412_211410-scaled-1.jpg\" alt=\"\" data-id=\"422\" data-link=\"https:\/\/aprendizdetodo.rafaelartacho.es\/?attachment_id=422\" class=\"wp-image-422\" srcset=\"https:\/\/rafaelartacho.es\/wp-content\/uploads\/2021\/04\/20210412_211410-scaled-1.jpg 2560w, https:\/\/rafaelartacho.es\/wp-content\/uploads\/2021\/04\/20210412_211410-scaled-1-300x225.jpg 300w, https:\/\/rafaelartacho.es\/wp-content\/uploads\/2021\/04\/20210412_211410-scaled-1-1024x768.jpg 1024w, https:\/\/rafaelartacho.es\/wp-content\/uploads\/2021\/04\/20210412_211410-scaled-1-768x576.jpg 768w, https:\/\/rafaelartacho.es\/wp-content\/uploads\/2021\/04\/20210412_211410-scaled-1-1536x1152.jpg 1536w, https:\/\/rafaelartacho.es\/wp-content\/uploads\/2021\/04\/20210412_211410-scaled-1-2048x1536.jpg 2048w\" sizes=\"auto, (max-width: 709px) 85vw, (max-width: 909px) 67vw, (max-width: 1362px) 62vw, 840px\" \/><\/figure><\/li><li class=\"blocks-gallery-item\"><figure><img loading=\"lazy\" decoding=\"async\" width=\"2560\" height=\"1920\" src=\"https:\/\/rafaelartacho.es\/wp-content\/uploads\/2021\/04\/20210412_211459-scaled-1.jpg\" alt=\"\" data-id=\"423\" data-link=\"https:\/\/aprendizdetodo.rafaelartacho.es\/?attachment_id=423\" class=\"wp-image-423\" srcset=\"https:\/\/rafaelartacho.es\/wp-content\/uploads\/2021\/04\/20210412_211459-scaled-1.jpg 2560w, https:\/\/rafaelartacho.es\/wp-content\/uploads\/2021\/04\/20210412_211459-scaled-1-300x225.jpg 300w, https:\/\/rafaelartacho.es\/wp-content\/uploads\/2021\/04\/20210412_211459-scaled-1-1024x768.jpg 1024w, https:\/\/rafaelartacho.es\/wp-content\/uploads\/2021\/04\/20210412_211459-scaled-1-768x576.jpg 768w, https:\/\/rafaelartacho.es\/wp-content\/uploads\/2021\/04\/20210412_211459-scaled-1-1536x1152.jpg 1536w, https:\/\/rafaelartacho.es\/wp-content\/uploads\/2021\/04\/20210412_211459-scaled-1-2048x1536.jpg 2048w\" sizes=\"auto, (max-width: 709px) 85vw, (max-width: 909px) 67vw, (max-width: 1362px) 62vw, 840px\" \/><\/figure><\/li><li class=\"blocks-gallery-item\"><figure><img loading=\"lazy\" decoding=\"async\" width=\"2560\" height=\"1920\" src=\"https:\/\/rafaelartacho.es\/wp-content\/uploads\/2021\/04\/20210412_211605-scaled-1.jpg\" alt=\"\" data-id=\"424\" data-link=\"https:\/\/aprendizdetodo.rafaelartacho.es\/?attachment_id=424\" class=\"wp-image-424\" srcset=\"https:\/\/rafaelartacho.es\/wp-content\/uploads\/2021\/04\/20210412_211605-scaled-1.jpg 2560w, https:\/\/rafaelartacho.es\/wp-content\/uploads\/2021\/04\/20210412_211605-scaled-1-300x225.jpg 300w, https:\/\/rafaelartacho.es\/wp-content\/uploads\/2021\/04\/20210412_211605-scaled-1-1024x768.jpg 1024w, https:\/\/rafaelartacho.es\/wp-content\/uploads\/2021\/04\/20210412_211605-scaled-1-768x576.jpg 768w, https:\/\/rafaelartacho.es\/wp-content\/uploads\/2021\/04\/20210412_211605-scaled-1-1536x1152.jpg 1536w, https:\/\/rafaelartacho.es\/wp-content\/uploads\/2021\/04\/20210412_211605-scaled-1-2048x1536.jpg 2048w\" sizes=\"auto, (max-width: 709px) 85vw, (max-width: 909px) 67vw, (max-width: 1362px) 62vw, 840px\" \/><\/figure><\/li><li class=\"blocks-gallery-item\"><figure><img loading=\"lazy\" decoding=\"async\" width=\"2560\" height=\"1920\" src=\"https:\/\/rafaelartacho.es\/wp-content\/uploads\/2021\/04\/20210412_211657-scaled-1.jpg\" alt=\"\" data-id=\"425\" data-full-url=\"https:\/\/rafaelartacho.es\/wp-content\/uploads\/2021\/04\/20210412_211657-scaled-1.jpg\" data-link=\"https:\/\/aprendizdetodo.rafaelartacho.es\/?attachment_id=425\" class=\"wp-image-425\" srcset=\"https:\/\/rafaelartacho.es\/wp-content\/uploads\/2021\/04\/20210412_211657-scaled-1.jpg 2560w, https:\/\/rafaelartacho.es\/wp-content\/uploads\/2021\/04\/20210412_211657-scaled-1-300x225.jpg 300w, https:\/\/rafaelartacho.es\/wp-content\/uploads\/2021\/04\/20210412_211657-scaled-1-1024x768.jpg 1024w, https:\/\/rafaelartacho.es\/wp-content\/uploads\/2021\/04\/20210412_211657-scaled-1-768x576.jpg 768w, https:\/\/rafaelartacho.es\/wp-content\/uploads\/2021\/04\/20210412_211657-scaled-1-1536x1152.jpg 1536w, https:\/\/rafaelartacho.es\/wp-content\/uploads\/2021\/04\/20210412_211657-scaled-1-2048x1536.jpg 2048w\" sizes=\"auto, (max-width: 709px) 85vw, (max-width: 909px) 67vw, (max-width: 1362px) 62vw, 840px\" \/><\/figure><\/li><\/ul><figcaption class=\"blocks-gallery-caption\">Algunos de los diplomas que gan\u00f3 en el programa de Radio Espa\u00f1a \u00abLos barrios cantan\u00bb.<\/figcaption><\/figure>\n\n\n\n<p><\/p>\n\n\n\n<p>\u00bf<strong><em>Pero quiz\u00e1 el programa m\u00e1s famoso en el que participaste fue RUEDE LA BOLA<\/em><\/strong>?<\/p>\n\n\n\n<p>Pues s\u00ed. Era un programa semanal en Radio Intercontinental que presentaba Angel Echenique, en el que concurs\u00e1bamos artistas noveles interpretando canciones de distintos estilos. Era como la Operaci\u00f3n Triunfo de aquellos a\u00f1os.  Luego hac\u00edamos galas de las que conservo algunos carteles.<\/p>\n\n\n\n<p><strong><em>\u00bfPuedo verlos?<\/em><\/strong><\/p>\n\n\n\n<p>S\u00ed. En 1955 particip\u00e9 en un festival en el Parque M\u00f3vil, en 1957 particip\u00e9 en un festival en el Teatro Cine Alcal\u00e1. El 1 de Agosto de 1959 se celebr\u00f3 en la Plaza de Toros de Vista Alegre un festival art\u00edstico, presentado por Angel de Echenique y Manuel Pizarro, grandes locutores radiof\u00f3nicos de entonces, en el que se nos  hac\u00eda un homenaje a todos los campeones del concurso Ruede la Bola. Actuamos  junto a grandes figuras como Marife de Triana, Jorge Sep\u00falveda, Tom\u00e1s de Antequera o Porrinas de Badajoz y mis padrinos art\u00edsticos Edmundo Rivero y Jorge Cardoso.<\/p>\n\n\n\n<figure class=\"wp-block-image size-large\"><img loading=\"lazy\" decoding=\"async\" width=\"1920\" height=\"2560\" src=\"https:\/\/rafaelartacho.es\/wp-content\/uploads\/2021\/05\/20210412_212004-scaled-1.jpg\" alt=\"\" class=\"wp-image-460\" srcset=\"https:\/\/rafaelartacho.es\/wp-content\/uploads\/2021\/05\/20210412_212004-scaled-1.jpg 1920w, https:\/\/rafaelartacho.es\/wp-content\/uploads\/2021\/05\/20210412_212004-scaled-1-225x300.jpg 225w, https:\/\/rafaelartacho.es\/wp-content\/uploads\/2021\/05\/20210412_212004-scaled-1-768x1024.jpg 768w, https:\/\/rafaelartacho.es\/wp-content\/uploads\/2021\/05\/20210412_212004-scaled-1-1152x1536.jpg 1152w, https:\/\/rafaelartacho.es\/wp-content\/uploads\/2021\/05\/20210412_212004-scaled-1-1536x2048.jpg 1536w\" sizes=\"auto, (max-width: 709px) 85vw, (max-width: 909px) 67vw, (max-width: 1362px) 62vw, 840px\" \/><figcaption>Cartel del Festival en el que cant\u00f3 como campe\u00f3n del programa Ruede la Bola, junto a grandes artistas del momento.<\/figcaption><\/figure>\n\n\n\n<p>El 21 de Agosto tambi\u00e9n particip\u00e9 en otro festival&nbsp; de las fiestas de la Paloma presentado por Miguel de los Santos. Y el 23 de Agosto cant\u00e9 en el Teatro Alcal\u00e1 en un \u201cmonstruoso festival art\u00edstico\u201d como indicaba el cartel. \u2014<strong><em>y me ense\u00f1a en efecto los tres carteles &nbsp;donde aparece su nombre y el de otros artistas junto a los famosos mencionados.<\/em><\/strong><\/p>\n\n\n\n<p><strong><em>\u00bfHasta cu\u00e1ndo estuviste cantando?<\/em><\/strong><\/p>\n\n\n\n<p>Hasta 1961 segu\u00ed haciendo bolos y participando en programas de Radio. El \u00faltimo concurso que particip\u00e9  se llamaba \u201cLos Mejores del Barrio\u201d, era en la Voz de Madrid y lo presentaba Jos\u00e9 Lu\u00eds Uribarri. Por cierto en 1954 Jos\u00e9 Luis Uribarri me entreg\u00f3 el premio al mejor cantante novel y yo le entregu\u00e9 a \u00e9l el premio al mejor locutor novel.<\/p>\n\n\n\n<p> \u201cLos Mejores del Barrio\u201d fue el \u00fanico programa que qued\u00e9 segundo porque todos los dem\u00e1s los ganaba. Y fue el \u00faltimo no por eso, sino que lo tuve que dejar por amor<\/p>\n\n\n\n<p><strong><em>Y &nbsp;asoma una media sonrisa &nbsp;en su rostro.<\/em><\/strong><\/p>\n\n\n\n<figure class=\"wp-block-image size-large\"><img loading=\"lazy\" decoding=\"async\" width=\"1476\" height=\"2021\" src=\"https:\/\/rafaelartacho.es\/wp-content\/uploads\/2021\/05\/ANO-1961-RADIO-INTERCONTINENTAL-CON-JOSE-LUIS-URIBARRI.jpg\" alt=\"\" class=\"wp-image-452\" srcset=\"https:\/\/rafaelartacho.es\/wp-content\/uploads\/2021\/05\/ANO-1961-RADIO-INTERCONTINENTAL-CON-JOSE-LUIS-URIBARRI.jpg 1476w, https:\/\/rafaelartacho.es\/wp-content\/uploads\/2021\/05\/ANO-1961-RADIO-INTERCONTINENTAL-CON-JOSE-LUIS-URIBARRI-219x300.jpg 219w, https:\/\/rafaelartacho.es\/wp-content\/uploads\/2021\/05\/ANO-1961-RADIO-INTERCONTINENTAL-CON-JOSE-LUIS-URIBARRI-748x1024.jpg 748w, https:\/\/rafaelartacho.es\/wp-content\/uploads\/2021\/05\/ANO-1961-RADIO-INTERCONTINENTAL-CON-JOSE-LUIS-URIBARRI-768x1052.jpg 768w, https:\/\/rafaelartacho.es\/wp-content\/uploads\/2021\/05\/ANO-1961-RADIO-INTERCONTINENTAL-CON-JOSE-LUIS-URIBARRI-1122x1536.jpg 1122w\" sizes=\"auto, (max-width: 709px) 85vw, (max-width: 909px) 67vw, (max-width: 1362px) 62vw, 840px\" \/><figcaption>En la emisora de radio La Voz de Madrid  con Jos\u00e9 Luis Uribarri.<\/figcaption><\/figure>\n\n\n\n<p><strong><em>Tambi\u00e9n eras miembro de una clac. Expl\u00edcanos qu\u00e9 es eso<\/em><\/strong><\/p>\n\n\n\n<p>La clac era un grupo de personas que asist\u00edan a las representaciones teatrales para aplaudir, animar, re\u00edr&nbsp; o llorar seg\u00fan las indicaciones que nos daba el jefe de clac. A cambio los que est\u00e1bamos fijos entr\u00e1bamos gratis y cada jefe de clac dispon\u00eda de entradas para vender con un importante descuento. Cada teatro ten\u00eda su clac, que ten\u00eda su sede en un bar pr\u00f3ximo al teatro.<\/p>\n\n\n\n<p>Yo pertenec\u00eda a la clac del desaparecido Teatro C\u00f3mico, que estaba en la calle Mariana Pineda, hoy Maestro Victoria, donde se pone Cortylandia. El teatro C\u00f3mico se vendi\u00f3 en 1968 para que en el solar se construyeran dependencias del Corte Ingl\u00e9s.<\/p>\n\n\n\n<p>La clac del C\u00f3mico estaba en el Postigo San Martin, en casa Domingo que ese era mi jefe de clac. La del Alc\u00e1zar estaba en la calle Jardines, la del Calder\u00f3n en La Liebre, etc.<\/p>\n\n\n\n<p>Eso me dio oportunidad de conocer actores famosos del momento como Toni Leblanc . Tambi\u00e9n a Celia G\u00e1mez.<\/p>\n\n\n\n<figure class=\"wp-block-image size-full\"><img loading=\"lazy\" decoding=\"async\" width=\"1979\" height=\"1301\" src=\"https:\/\/rafaelartacho.es\/wp-content\/uploads\/2021\/09\/ANO-1961-RADIO-LA-VOZ-DE-MADRID-CON-PACO-GARZON.jpg\" alt=\"\" class=\"wp-image-539\" srcset=\"https:\/\/rafaelartacho.es\/wp-content\/uploads\/2021\/09\/ANO-1961-RADIO-LA-VOZ-DE-MADRID-CON-PACO-GARZON.jpg 1979w, https:\/\/rafaelartacho.es\/wp-content\/uploads\/2021\/09\/ANO-1961-RADIO-LA-VOZ-DE-MADRID-CON-PACO-GARZON-300x197.jpg 300w, https:\/\/rafaelartacho.es\/wp-content\/uploads\/2021\/09\/ANO-1961-RADIO-LA-VOZ-DE-MADRID-CON-PACO-GARZON-1024x673.jpg 1024w, https:\/\/rafaelartacho.es\/wp-content\/uploads\/2021\/09\/ANO-1961-RADIO-LA-VOZ-DE-MADRID-CON-PACO-GARZON-768x505.jpg 768w, https:\/\/rafaelartacho.es\/wp-content\/uploads\/2021\/09\/ANO-1961-RADIO-LA-VOZ-DE-MADRID-CON-PACO-GARZON-1536x1010.jpg 1536w\" sizes=\"auto, (max-width: 709px) 85vw, (max-width: 909px) 67vw, (max-width: 1362px) 62vw, 840px\" \/><figcaption>En la emisora La Voz de Madrid con Paco Garz\u00f3n<\/figcaption><\/figure>\n\n\n\n<p><strong><em>\u00bfIbas a verla al teatro<\/em><\/strong>?<\/p>\n\n\n\n<p>S\u00ed. De Celia G\u00e1mez se dec\u00eda que era lesbiana aunque ella no lo reconociera. Conocer su edad era el secreto mejor guardado que ten\u00eda. Recuerdo un d\u00fao c\u00f3mico que se llamaba Lepe y Heredia que actuaban en las revistas de Celia G\u00e1mez. Hac\u00edan un n\u00famero en el que iban con una lupa en plan detectivesco &nbsp;y cantaban una canci\u00f3n que dec\u00eda: <em>\u00absube que sube si puedes agarrarte a las paredes si se rompe la maroma\u00bb<\/em>. Y cuando les encargaban investigar algo dif\u00edcil dec\u00edan: <em>\u00abNo si cualquier d\u00eda nos van a decir que averig\u00fcemos la edad de la jefa\u00bb.<\/em><\/p>\n\n\n\n<p><strong><em>\u00bfLlegaste a conocerla?<\/em><\/strong><\/p>\n\n\n\n<p>S\u00ed, en una ocasi\u00f3n la vi en circunstancias ins\u00f3litas. Mi jefe de la joyer\u00eda de la calle las Veneras se llamaba Emilio, era gay y se montaba unas fiestas de campeonato con Celia G\u00e1mez. Una noche tuvo que prestarle dinero Celia G\u00e1mez para pagar seguramente deudas de juego. Por la ma\u00f1ana me mand\u00f3 a m\u00ed a devolver a Celia G\u00e1mez el dinero que le hab\u00eda prestado y de regalo una pulsera de las que hac\u00edamos en la joyer\u00eda. Era en 1954 y fui al Teatro Lope de Vega donde representaba el espect\u00e1culo de revista \u201cD\u00f3lares\u201d. Llam\u00e9 al camerino y sali\u00f3 a abrirme Delia que deb\u00eda ser su asistente.<\/p>\n\n\n\n<p>\u2014 \u00bfQui\u00e9n es, Delia, qui\u00e9n es? &nbsp;Se oy\u00f3 que preguntaba desde dentro.<\/p>\n\n\n\n<p>\u2014Es un pibe que viene de parte de Emilito.<\/p>\n\n\n\n<p>\u2014Ah que pase.<\/p>\n\n\n\n<p>&nbsp;Y pas\u00e9 y estaba en una camilla bocabajo, desnuda completamente. Deb\u00eda estar recibiendo un masaje. Me qued\u00e9 aturdido por la sorpresa, entregu\u00e9 el sobre y la pulsera, me dieron mi propinilla y sal\u00ed zumbando.<\/p>\n\n\n\n<figure class=\"wp-block-image size-full\"><img loading=\"lazy\" decoding=\"async\" width=\"1614\" height=\"1133\" src=\"https:\/\/rafaelartacho.es\/wp-content\/uploads\/2021\/09\/img970.jpg\" alt=\"\" class=\"wp-image-540\" srcset=\"https:\/\/rafaelartacho.es\/wp-content\/uploads\/2021\/09\/img970.jpg 1614w, https:\/\/rafaelartacho.es\/wp-content\/uploads\/2021\/09\/img970-300x211.jpg 300w, https:\/\/rafaelartacho.es\/wp-content\/uploads\/2021\/09\/img970-1024x719.jpg 1024w, https:\/\/rafaelartacho.es\/wp-content\/uploads\/2021\/09\/img970-768x539.jpg 768w, https:\/\/rafaelartacho.es\/wp-content\/uploads\/2021\/09\/img970-1536x1078.jpg 1536w\" sizes=\"auto, (max-width: 709px) 85vw, (max-width: 909px) 67vw, (max-width: 1362px) 62vw, 840px\" \/><\/figure>\n\n\n\n<p><strong><em>Me has dicho que en 1961 dejaste el mundo de la far\u00e1ndula<\/em><\/strong><\/p>\n\n\n\n<p>As\u00ed fue. Lo dej\u00e9 y estuve 40 a\u00f1os sin cantar en p\u00fablico. <\/p>\n\n\n\n<p><em><strong>Bueno pero en Taranc\u00f3n s\u00ed has cantado alguna vez y me han dicho que en los Carnavales eras el \u00abnumber one\u00bb.<\/strong><\/em><\/p>\n\n\n\n<p>Alguna vez particip\u00e9 en actos ben\u00e9ficos para recaudar fondos pero fu\u00e9 espor\u00e1dico. Y eso s\u00ed durante las 3 \u00faltimas d\u00e9cadas del siglo pasado particip\u00e9 activamente en los Carnavales que se celebraban en Taranc\u00f3n.<\/p>\n\n\n\n<p><strong><em> \u00bfPor qu\u00e9 en Taranc\u00f3n?<\/em><\/strong><\/p>\n\n\n\n<p>Es la ciudad donde naci\u00f3 mi esposa y muchos fines de semana los pas\u00e1bamos all\u00ed. Llegu\u00e9 a tener casa y no miento si digo que he pasado m\u00e1s fines de semana en Taranc\u00f3n que en mi ciudad, Madrid.<\/p>\n\n\n\n<figure class=\"wp-block-image size-full\"><img loading=\"lazy\" decoding=\"async\" width=\"1370\" height=\"1025\" src=\"https:\/\/rafaelartacho.es\/wp-content\/uploads\/2021\/09\/img975-3.jpg\" alt=\"\" class=\"wp-image-541\" srcset=\"https:\/\/rafaelartacho.es\/wp-content\/uploads\/2021\/09\/img975-3.jpg 1370w, https:\/\/rafaelartacho.es\/wp-content\/uploads\/2021\/09\/img975-3-300x224.jpg 300w, https:\/\/rafaelartacho.es\/wp-content\/uploads\/2021\/09\/img975-3-1024x766.jpg 1024w, https:\/\/rafaelartacho.es\/wp-content\/uploads\/2021\/09\/img975-3-768x575.jpg 768w\" sizes=\"auto, (max-width: 709px) 85vw, (max-width: 909px) 67vw, (max-width: 1362px) 62vw, 840px\" \/><figcaption>Disfrazado de Do\u00f1a Croqueta, personaje que hizo famoso el actor y humorista Sim\u00f3n Cabido<\/figcaption><\/figure>\n\n\n\n<p><strong><em>He vi<\/em><\/strong>s<strong><em>to fotos tuyas disfrazado y la verdad que tambi\u00e9n tienes vis c\u00f3mica<\/em><\/strong> <\/p>\n\n\n\n<p>Lo pas\u00e1bamos muy bien. Me he disfrazado de camarera, de cupletista, de mujer gallega, de cura, de mejicano, de Cantinflas,  y muchos otros personajes. Para ello utilizaba ropa de amistades.<\/p>\n\n\n\n<p><strong><em>\u00bfAbundan los disfraces femeninos en tu colecci\u00f3n?<\/em><\/strong><\/p>\n\n\n\n<p>S\u00ed. Pensaba que el contraste resultaba m\u00e1s gracioso. No es que tenga nada que ver con mis ideas \u00absex\u00f3logas\u00bb. <strong>\u2014y r\u00ede con picard\u00eda<\/strong>.<\/p>\n\n\n\n<p><strong><em>\u00bfY qu\u00e9 hac\u00edas despu\u00e9s de disfrazarte?<\/em><\/strong><\/p>\n\n\n\n<figure class=\"wp-block-image size-full\"><img loading=\"lazy\" decoding=\"async\" width=\"1500\" height=\"1140\" src=\"https:\/\/rafaelartacho.es\/wp-content\/uploads\/2021\/09\/img960.jpg\" alt=\"\" class=\"wp-image-542\" srcset=\"https:\/\/rafaelartacho.es\/wp-content\/uploads\/2021\/09\/img960.jpg 1500w, https:\/\/rafaelartacho.es\/wp-content\/uploads\/2021\/09\/img960-300x228.jpg 300w, https:\/\/rafaelartacho.es\/wp-content\/uploads\/2021\/09\/img960-1024x778.jpg 1024w, https:\/\/rafaelartacho.es\/wp-content\/uploads\/2021\/09\/img960-768x584.jpg 768w\" sizes=\"auto, (max-width: 709px) 85vw, (max-width: 909px) 67vw, (max-width: 1362px) 62vw, 840px\" \/><figcaption>Disfrazado de camarera<\/figcaption><\/figure>\n\n\n\n<p>Pues iba al desfile y  me acercaba a la gente. Por ejemplo cuando me disfrac\u00e9 de camarera les cantaba \u00abSoy la camarera del amor\u00bb. Y se re\u00edan. Otra vez me disfrac\u00e9 de Cantinflas y recordando la pel\u00edcula \u00abEl Bolero de Raquel iba con mi caja de limpiabotas. Me acerqu\u00e9 al alcalde  de Taranc\u00f3n y le dije imitando a Cantinflas: \u00bb Si me permit\u00eda que le charroneara los calcos\u00bb. Y le limpi\u00e9 los zapatos. Mientras se los limpiaba le dec\u00eda con mi mejor acento mejicano\u00bb \u00a1Ay, excelencia Alcalde, usted me puede buscar un trabajito mejor que \u00e9ste. Aqu\u00ed estoy siempre a los pies de la gente.\u00bb Y se descojonaban todos.<\/p>\n\n\n\n<p><strong><em>\u00bfY despu\u00e9s del desfile?<\/em><\/strong><\/p>\n\n\n\n<p>Pues luego participaba en los concursos en las discotecas. El a\u00f1o que me disfrac\u00e9 de Do\u00f1a Croqueta gan\u00e9 el primer premio en todas. Todos los a\u00f1os me dieron alg\u00fan premio.<\/p>\n\n\n\n<figure class=\"wp-block-image size-full\"><img loading=\"lazy\" decoding=\"async\" width=\"1794\" height=\"1446\" src=\"https:\/\/rafaelartacho.es\/wp-content\/uploads\/2021\/09\/img963.jpg\" alt=\"\" class=\"wp-image-543\" srcset=\"https:\/\/rafaelartacho.es\/wp-content\/uploads\/2021\/09\/img963.jpg 1794w, https:\/\/rafaelartacho.es\/wp-content\/uploads\/2021\/09\/img963-300x242.jpg 300w, https:\/\/rafaelartacho.es\/wp-content\/uploads\/2021\/09\/img963-1024x825.jpg 1024w, https:\/\/rafaelartacho.es\/wp-content\/uploads\/2021\/09\/img963-768x619.jpg 768w, https:\/\/rafaelartacho.es\/wp-content\/uploads\/2021\/09\/img963-1536x1238.jpg 1536w\" sizes=\"auto, (max-width: 709px) 85vw, (max-width: 909px) 67vw, (max-width: 1362px) 62vw, 840px\" \/><figcaption>Disfrazado de mejicano con Lupita<\/figcaption><\/figure>\n\n\n\n<p><strong><em>\u00bfY estabas en alguna Pe\u00f1a?<\/em><\/strong><\/p>\n\n\n\n<p>S\u00ed, estaba en la Pe\u00f1a El Mosto, aunque para los disfraces actuaba por mi cuenta y me presentaba a los concursos de forma individual. Esa pe\u00f1a era (no s\u00e9 si sigue siendo) una de las m\u00e1s importantes. Fue visitada en varias ocasiones por  Jos\u00e9 Bono, cuando era Presidente de Castilla-La Mancha y Jos\u00e9 Mar\u00eda Ruiz Mateos tambi\u00e9n fue en alguna ocasi\u00f3n.<\/p>\n\n\n\n<p><strong><em>Tambi\u00e9n me has ense\u00f1ado recortes de prensa donde apareces disfrazado<\/em><\/strong><\/p>\n\n\n\n<p>S\u00ed, en el Diario de Cuenca me han sacado unas cuantas veces. En alguna ocasi\u00f3n eso ha provocado celos y rencillas.<\/p>\n\n\n\n<p><strong><em>\u00bfS\u00ed, por qu\u00e9?<\/em><\/strong><\/p>\n\n\n\n<p>Hombre pues ya sabes lo que pasa en los pueblos, que se molestaban porque no sal\u00edan los disfraces de las \u00abfuerzas vivas\u00bb.<\/p>\n\n\n\n<p><strong><em>Tambi\u00e9n has sido poeta<\/em><\/strong><\/p>\n\n\n\n<p>No exactamente, aunque es verdad que compuse un poema cuando ten\u00eda 16 a\u00f1os y me enamor\u00e9 de una se\u00f1orita que se meti\u00f3 a monja. M\u00e1s tarde le puse la m\u00fasica del tango \u00ab<strong>Sus ojos se cerraron<\/strong>\u00bb y lo incorpor\u00e9 a mi repertorio. Se llama \u00ab<strong>Triste Payador<\/strong>\u00ab.<\/p>\n\n\n\n<figure class=\"wp-block-embed is-type-video is-provider-youtube wp-block-embed-youtube wp-embed-aspect-4-3 wp-has-aspect-ratio\"><div class=\"wp-block-embed__wrapper\">\n<iframe loading=\"lazy\" title=\"Triste Payador\" width=\"840\" height=\"630\" src=\"https:\/\/www.youtube.com\/embed\/zEUQ9f76YAQ?feature=oembed\" frameborder=\"0\" allow=\"accelerometer; autoplay; clipboard-write; encrypted-media; gyroscope; picture-in-picture\" allowfullscreen><\/iframe>\n<\/div><figcaption>En el Caf\u00e9 Iru\u00f1a con el maestro Efra\u00edn. En el video canta Triste Payador, letra del propio Juan Jos\u00e9 Mart\u00edn.<\/figcaption><\/figure>\n\n\n\n<p><strong><em>\u00bfPero volviste a cantar?<\/em><\/strong><\/p>\n\n\n\n<p>S\u00ed fue en 2001 que ya estaba jubilado.<\/p>\n\n\n\n<p><strong><em>\u00bfC\u00f3mo fue?<\/em><\/strong><\/p>\n\n\n\n<p>Antes de jubilarme conoc\u00ed al maestro de bandone\u00f3n&nbsp; Efra\u00edn Scheinfeld. \u00c9l tocaba en la calle Preciados. Yo pasaba por all\u00ed y me par\u00e9 a escucharlo. En ese momento tocaba el tango\u201d Mano a Mano\u201d &nbsp;y yo me arranqu\u00e9 a cantar aunque enseguida me par\u00e9. El dej\u00f3 de tocar y me dijo con acento argentino:<\/p>\n\n\n\n<p>\u2014Che, vos \u201ccant\u00e1s\u201d morocho.<\/p>\n\n\n\n<p>\u2014 Yo no he dicho nada\u2014 le respond\u00ed.<\/p>\n\n\n\n<p>\u2014S\u00ed, s\u00ed. Vos \u201ccant\u00e1s\u201d. \u201cTen\u00e9s\u201d que venir a mi pe\u00f1a\u2014 y me dio una tarjeta para que fuera a verle. Pero no fui.<\/p>\n\n\n\n<p>Una vez jubilado me cruc\u00e9 con \u00e9l otra vez en el metro donde tocaba y me reconoci\u00f3. Me reproch\u00f3 que no hubiera ido a verle y me insisti\u00f3 para que me uniera a una pe\u00f1a tanguera y cantara con ellos. As\u00ed que me anim\u00e9 y todas las semanas nos junt\u00e1bamos en un bar de Carabanchel a cantar tangos.<\/p>\n\n\n\n<figure class=\"wp-block-embed is-type-video is-provider-youtube wp-block-embed-youtube wp-embed-aspect-4-3 wp-has-aspect-ratio\"><div class=\"wp-block-embed__wrapper\">\n<iframe loading=\"lazy\" title=\"Silencio\" width=\"840\" height=\"630\" src=\"https:\/\/www.youtube.com\/embed\/DDouHcyevns?feature=oembed\" frameborder=\"0\" allow=\"accelerometer; autoplay; clipboard-write; encrypted-media; gyroscope; picture-in-picture\" allowfullscreen><\/iframe>\n<\/div><figcaption>Cantando el tango Silencio en la sala Clamores.<\/figcaption><\/figure>\n\n\n\n<p><strong><em>Dices que Efra\u00edn Scheinfeld es maestro en bandone\u00f3n. \u00bfQu\u00e9 es un bandone\u00f3n?<\/em><\/strong><\/p>\n\n\n\n<p>Es un instrumento parecido al acorde\u00f3n que se ha convertido en compa\u00f1ero inseparable del tango. Efraim lo tocaba muy bien (hab\u00eda sido disc\u00edpulo de An\u00edbal Troilo) y era el alma de la Pe\u00f1a Caminito. El tango sin bandone\u00f3n no es tango.<\/p>\n\n\n\n<p><strong><em>\u00bfY Efra\u00edn es argentino?<\/em><\/strong><\/p>\n\n\n\n<p>Sus padres eran jud\u00edos alemanes que huyeron a Argentina cuando \u00e9l ten\u00eda tres a\u00f1os. En 1998 se vino a Espa\u00f1a.<\/p>\n\n\n\n<p>&nbsp;<strong><em>Yo &nbsp;fui a verte cantar una vez al Caf\u00e9 Iru\u00f1a, un local que estaba en la calle Hileras, entre Mayor y Arenal.<\/em><\/strong> <\/p>\n\n\n\n<p>Si, conseguimos que el due\u00f1o de ese local nos autorizara e \u00edbamos a cantar cada jueves.&nbsp; Hab\u00eda buenos cantantes y dec\u00edan que Miguel Angel y yo \u00e9ramos los mejores. &nbsp;El cantaba \u201cPor una cabeza\u201d y yo cantaba \u201cel Organito de la tarde\u201d, dos tangos dif\u00edciles que nos sal\u00edan muy bien. &nbsp;Tambi\u00e9n estaba en la Pe\u00f1a Caminito,&nbsp; Jos\u00e9 Ignacio Vallejo-N\u00e1gera, padre de Colate, el ex de Paulina Rubio.<\/p>\n\n\n\n<figure class=\"wp-block-image size-large\"><img loading=\"lazy\" decoding=\"async\" width=\"1746\" height=\"1176\" src=\"https:\/\/rafaelartacho.es\/wp-content\/uploads\/2021\/04\/Con-Vallejo-Najera.jpg\" alt=\"\" class=\"wp-image-430\" srcset=\"https:\/\/rafaelartacho.es\/wp-content\/uploads\/2021\/04\/Con-Vallejo-Najera.jpg 1746w, https:\/\/rafaelartacho.es\/wp-content\/uploads\/2021\/04\/Con-Vallejo-Najera-300x202.jpg 300w, https:\/\/rafaelartacho.es\/wp-content\/uploads\/2021\/04\/Con-Vallejo-Najera-1024x690.jpg 1024w, https:\/\/rafaelartacho.es\/wp-content\/uploads\/2021\/04\/Con-Vallejo-Najera-768x517.jpg 768w, https:\/\/rafaelartacho.es\/wp-content\/uploads\/2021\/04\/Con-Vallejo-Najera-1536x1035.jpg 1536w\" sizes=\"auto, (max-width: 709px) 85vw, (max-width: 909px) 67vw, (max-width: 1362px) 62vw, 840px\" \/><figcaption>Con Jos\u00e9 Ignacio Vallejo-N\u00e1gera, miembro de la Pe\u00f1a tanguera Caminito.<\/figcaption><\/figure>\n\n\n\n<p><strong><em>He visto entre los recuerdos que tienes un recorte del suplemento cultural de El Mundo \u201cMetropoli\u201d.<\/em><\/strong><\/p>\n\n\n\n<p>Fui yo el que consigui\u00f3 que pudi\u00e9ramos cantar en el Caf\u00e9 Iru\u00f1a y tambi\u00e9n habl\u00e9 con un periodista de Metropoli para que nos publicaron una p\u00e1gina el 29 de Marzo de 2002. Y el Caf\u00e9 Iru\u00f1a tambi\u00e9n aparec\u00eda en la Gu\u00eda del Ocio gracias a mis gestiones. <\/p>\n\n\n\n<p><strong><em>Recuerdo tambi\u00e9n que fui a verte al &nbsp;Teatro Pradillo.&nbsp;<\/em><\/strong><\/p>\n\n\n\n<p>S\u00ed. Actuamos 8 miembros de la pe\u00f1a presentando el espect\u00e1culo ILUSION PORTE\u00d1A&nbsp; y estuvimos&nbsp; durante 3 d\u00edas.<\/p>\n\n\n\n<p><strong><em>Y<\/em> una vez<\/strong> <strong><em>fui a verte cantar a la Sala Clamores<\/em><\/strong>.<\/p>\n\n\n\n<p>Si, fue el 23 de junio de 2002 que hice un homenaje a Carlos Gardel. En esa ocasi\u00f3n cant\u00e9 yo s\u00f3lo con la Orquesta Recuerdo.<\/p>\n\n\n\n<figure class=\"wp-block-image size-large\"><img loading=\"lazy\" decoding=\"async\" width=\"1920\" height=\"1302\" src=\"https:\/\/rafaelartacho.es\/wp-content\/uploads\/2021\/05\/img935.jpg\" alt=\"\" class=\"wp-image-464\" srcset=\"https:\/\/rafaelartacho.es\/wp-content\/uploads\/2021\/05\/img935.jpg 1920w, https:\/\/rafaelartacho.es\/wp-content\/uploads\/2021\/05\/img935-300x203.jpg 300w, https:\/\/rafaelartacho.es\/wp-content\/uploads\/2021\/05\/img935-1024x694.jpg 1024w, https:\/\/rafaelartacho.es\/wp-content\/uploads\/2021\/05\/img935-768x521.jpg 768w, https:\/\/rafaelartacho.es\/wp-content\/uploads\/2021\/05\/img935-1536x1042.jpg 1536w\" sizes=\"auto, (max-width: 709px) 85vw, (max-width: 909px) 67vw, (max-width: 1362px) 62vw, 840px\" \/><figcaption>Durante su actuaci\u00f3n en la sala Clamores.<\/figcaption><\/figure>\n\n\n\n<p><strong><em>Supongo que tendr\u00e1s muchas an\u00e9cdotas que te han pasado en tus actuaciones. Cuenta alguna<\/em><\/strong>.<\/p>\n\n\n\n<p>&nbsp;En la calle Juan Bravo, 7 hay &nbsp;un bar restaurante de lujo llamado Milford, &nbsp;cerca de la Embajada de Italia. La due\u00f1a era una americana,&nbsp; amiga de Jos\u00e9 Ignacio Vallejo N\u00e1jera,&nbsp; padre de \u201cColate\u201d y \u00e9ste consigui\u00f3 que pudi\u00e9ramos cantar en ese local. Una noche estaba yo cantando y en una mesa dos se\u00f1oras no paraban de hablar y hablar en italiano.&nbsp; En un momento dado par\u00e9 de cantar, me acerqu\u00e9 a la mesa y le dije con mi mejor acento argentino: <strong>\u201c<em>Perdonen, no dejan de platicar y nosotros somos una pe\u00f1a de amigos que venimos a cantar y vienen a vernos y o\u00edrnos, &nbsp;pero si hablan como est\u00e1n hablando ustedes&nbsp; no podemos\u201d<\/em>.<\/strong> Y se callaron. Luego me dijeron que eran la mujer del Embajador de Italia y una amiga.<\/p>\n\n\n\n<p><strong><em>\u00bfHasta cu\u00e1ndo has estado cantando?<\/em><\/strong><\/p>\n\n\n\n<p>Pues hace unos diez a\u00f1os se disolvi\u00f3 la Pe\u00f1a Caminito. Cuando cerr\u00f3 el Iru\u00f1a, nos trasladamos a un bar que estaba en Luchana, 23, pero ya no fue igual. Luego muri\u00f3 Miguel Angel , el maestro Efraim se march\u00f3 a Israel porque le contrataron para participar en una Misa Criolla, yo enferm\u00e9 con mi ojo y &#8230;<\/p>\n\n\n\n<p>Fueron a\u00f1os bonitos pero como dice la canci\u00f3n de M\u00f3dulos:<\/p>\n\n\n\n<p>&nbsp; \u201c<strong>TODO TIENE SU FIN\u201d.<\/strong><\/p>\n\n\n\n<p><\/p>\n\n\n\n<div class=\"wp-block-columns is-layout-flex wp-container-core-columns-is-layout-9d6595d7 wp-block-columns-is-layout-flex\">\n<div class=\"wp-block-column is-layout-flow wp-block-column-is-layout-flow\">\n<p>VER MAS FOTOS:<\/p>\n<\/div>\n\n\n\n<div class=\"wp-block-column is-layout-flow wp-block-column-is-layout-flow\">\n<p><a href=\"https:\/\/www.amazon.es\/photos\/share\/P8o4uvoqA3zaGLe4pQEcfbn3AM7nfHejqeFT7RTp2Wy\">CARNAVALERO<\/a><\/p>\n<\/div>\n\n\n\n<div class=\"wp-block-column is-layout-flow wp-block-column-is-layout-flow\">\n<p><a rel=\"noreferrer noopener\" href=\"https:\/\/www.amazon.es\/photos\/share\/iixMvnpdwi64blTKlCn5Z5pusOnQl6NrIMad3dhF195\" target=\"_blank\">PRIMERA ETAPA<\/a><\/p>\n<\/div>\n\n\n\n<div class=\"wp-block-column is-layout-flow wp-block-column-is-layout-flow\">\n<p><a rel=\"noreferrer noopener\" href=\"https:\/\/www.amazon.es\/photos\/share\/VLIV7680U1u0N1e75F3RcsNkPu6oNYUmlhciQ7kvJWY\" target=\"_blank\">SEGUNDA ETAPA<\/a><\/p>\n<\/div>\n<\/div>\n\n\n\n<p>                       ESCUCHAR MAS TANGOS CANTADOS POR JUAN JOSE MARTIN<\/p>\n\n\n\n<figure class=\"wp-block-embed is-type-video is-provider-youtube wp-block-embed-youtube wp-embed-aspect-4-3 wp-has-aspect-ratio\"><div class=\"wp-block-embed__wrapper\">\n<iframe loading=\"lazy\" title=\"VOLVER\" width=\"840\" height=\"630\" src=\"https:\/\/www.youtube.com\/embed\/oZT2O8Q0aM4?feature=oembed\" frameborder=\"0\" allow=\"accelerometer; autoplay; clipboard-write; encrypted-media; gyroscope; picture-in-picture\" allowfullscreen><\/iframe>\n<\/div><\/figure>\n\n\n\n<figure class=\"wp-block-embed is-type-video is-provider-youtube wp-block-embed-youtube wp-embed-aspect-4-3 wp-has-aspect-ratio\"><div class=\"wp-block-embed__wrapper\">\n<iframe loading=\"lazy\" title=\"Aquel tapado de armi\u00f1o\" width=\"840\" height=\"630\" src=\"https:\/\/www.youtube.com\/embed\/K8rNWakQPk0?feature=oembed\" frameborder=\"0\" allow=\"accelerometer; autoplay; clipboard-write; encrypted-media; gyroscope; picture-in-picture\" allowfullscreen><\/iframe>\n<\/div><\/figure>\n\n\n\n<figure class=\"wp-block-embed is-type-video is-provider-youtube wp-block-embed-youtube wp-embed-aspect-4-3 wp-has-aspect-ratio\"><div class=\"wp-block-embed__wrapper\">\n<iframe loading=\"lazy\" title=\"Mi noche triste\" width=\"840\" height=\"630\" src=\"https:\/\/www.youtube.com\/embed\/wpDKGW-oc_M?feature=oembed\" frameborder=\"0\" allow=\"accelerometer; autoplay; clipboard-write; encrypted-media; gyroscope; picture-in-picture\" allowfullscreen><\/iframe>\n<\/div><\/figure>\n\n\n\n<figure class=\"wp-block-embed is-type-video is-provider-youtube wp-block-embed-youtube wp-embed-aspect-4-3 wp-has-aspect-ratio\"><div class=\"wp-block-embed__wrapper\">\n<iframe loading=\"lazy\" title=\"Misa de once\" width=\"840\" height=\"630\" src=\"https:\/\/www.youtube.com\/embed\/aCY_vWLdHIc?feature=oembed\" frameborder=\"0\" allow=\"accelerometer; autoplay; clipboard-write; encrypted-media; gyroscope; picture-in-picture\" allowfullscreen><\/iframe>\n<\/div><\/figure>\n\n\n\n<figure class=\"wp-block-embed is-type-video is-provider-youtube wp-block-embed-youtube wp-embed-aspect-4-3 wp-has-aspect-ratio\"><div class=\"wp-block-embed__wrapper\">\n<iframe loading=\"lazy\" title=\"Sus ojos se cerraron\" width=\"840\" height=\"630\" src=\"https:\/\/www.youtube.com\/embed\/j4nFiCnd0Bs?feature=oembed\" frameborder=\"0\" allow=\"accelerometer; autoplay; clipboard-write; encrypted-media; gyroscope; picture-in-picture\" allowfullscreen><\/iframe>\n<\/div><\/figure>\n\n\n\n<p>(Continuar\u00e1)<\/p>\n","protected":false},"excerpt":{"rendered":"<p>Pedro Montoli\u00fa, es cronista oficial de la Villa de Madrid y cuenta en una entrevista en Madridiario que \u201chasta el a\u00f1o 1952 se vivi\u00f3 en Madrid con racionamiento de alimentos y fuertes restricciones de luz y agua como consecuencia de la llamada &#8216;pertinaz sequ\u00eda&#8217;. La situaci\u00f3n era bastante mala, aunque era mejor que la de &hellip; <a href=\"https:\/\/rafaelartacho.es\/index.php\/2021\/04\/30\/mi-amigo-martin-ii-el-artista\/\" class=\"more-link\">Continuar leyendo<span class=\"screen-reader-text\"> \u00abMI AMIGO MARTIN (II). El Artista\u00bb<\/span><\/a><\/p>\n","protected":false},"author":1,"featured_media":0,"comment_status":"open","ping_status":"open","sticky":false,"template":"","format":"standard","meta":{"footnotes":""},"categories":[5],"tags":[],"class_list":["post-414","post","type-post","status-publish","format-standard","hentry","category-uncategorised"],"_links":{"self":[{"href":"https:\/\/rafaelartacho.es\/index.php\/wp-json\/wp\/v2\/posts\/414","targetHints":{"allow":["GET"]}}],"collection":[{"href":"https:\/\/rafaelartacho.es\/index.php\/wp-json\/wp\/v2\/posts"}],"about":[{"href":"https:\/\/rafaelartacho.es\/index.php\/wp-json\/wp\/v2\/types\/post"}],"author":[{"embeddable":true,"href":"https:\/\/rafaelartacho.es\/index.php\/wp-json\/wp\/v2\/users\/1"}],"replies":[{"embeddable":true,"href":"https:\/\/rafaelartacho.es\/index.php\/wp-json\/wp\/v2\/comments?post=414"}],"version-history":[{"count":1,"href":"https:\/\/rafaelartacho.es\/index.php\/wp-json\/wp\/v2\/posts\/414\/revisions"}],"predecessor-version":[{"id":815,"href":"https:\/\/rafaelartacho.es\/index.php\/wp-json\/wp\/v2\/posts\/414\/revisions\/815"}],"wp:attachment":[{"href":"https:\/\/rafaelartacho.es\/index.php\/wp-json\/wp\/v2\/media?parent=414"}],"wp:term":[{"taxonomy":"category","embeddable":true,"href":"https:\/\/rafaelartacho.es\/index.php\/wp-json\/wp\/v2\/categories?post=414"},{"taxonomy":"post_tag","embeddable":true,"href":"https:\/\/rafaelartacho.es\/index.php\/wp-json\/wp\/v2\/tags?post=414"}],"curies":[{"name":"wp","href":"https:\/\/api.w.org\/{rel}","templated":true}]}}