{"id":385,"date":"2021-04-16T02:57:31","date_gmt":"2021-04-16T02:57:31","guid":{"rendered":"https:\/\/aprendizdetodo.rafaelartacho.es\/?p=385"},"modified":"2023-02-10T00:14:53","modified_gmt":"2023-02-10T00:14:53","slug":"mi-amigo-martin-i-la-persona","status":"publish","type":"post","link":"https:\/\/rafaelartacho.es\/index.php\/2021\/04\/16\/mi-amigo-martin-i-la-persona\/","title":{"rendered":"MI AMIGO MARTIN (I). La persona"},"content":{"rendered":"\n<figure class=\"wp-block-image size-large\"><img loading=\"lazy\" decoding=\"async\" width=\"1616\" height=\"2560\" src=\"https:\/\/rafaelartacho.es\/wp-content\/uploads\/2021\/04\/20210408_142216-2-scaled-1.jpg\" alt=\"\" class=\"wp-image-386\" srcset=\"https:\/\/rafaelartacho.es\/wp-content\/uploads\/2021\/04\/20210408_142216-2-scaled-1.jpg 1616w, https:\/\/rafaelartacho.es\/wp-content\/uploads\/2021\/04\/20210408_142216-2-scaled-1-189x300.jpg 189w, https:\/\/rafaelartacho.es\/wp-content\/uploads\/2021\/04\/20210408_142216-2-scaled-1-646x1024.jpg 646w, https:\/\/rafaelartacho.es\/wp-content\/uploads\/2021\/04\/20210408_142216-2-scaled-1-768x1217.jpg 768w, https:\/\/rafaelartacho.es\/wp-content\/uploads\/2021\/04\/20210408_142216-2-scaled-1-970x1536.jpg 970w, https:\/\/rafaelartacho.es\/wp-content\/uploads\/2021\/04\/20210408_142216-2-scaled-1-1293x2048.jpg 1293w\" sizes=\"auto, (max-width: 709px) 85vw, (max-width: 909px) 67vw, (max-width: 1362px) 62vw, 840px\" \/><figcaption>En el Restaurante La Sirena Verde donde mantuvimos la conversaci\u00f3n que da pie a esta entrevista <\/figcaption><\/figure>\n\n\n\n<p>Tuve la suerte de conocer a mi amigo Mart\u00edn hace 40 a\u00f1os, y nuestra relaci\u00f3n en este largo periodo ha pasado por diversas etapas: compa\u00f1eros de trabajo, colaboradores desde distintas empresas cada uno y amigos de esos que sabes que est\u00e1n ah\u00ed cuando los necesitas. Hemos&nbsp; sabido mantener una relaci\u00f3n estrecha pero templada, aplicando el refr\u00e1n que o\u00ed de una persona inteligente: <em>las buenas relaciones para que duren no pueden ser ni tan cerca que te quemes ni tan lejos que te hieles.<\/em><\/p>\n\n\n\n<p>Es una persona polifac\u00e9tica, cumplidora en el trabajo y un hombre cabal de los que ya quedan pocos. Ha tenido una vida larga e intensa que merece la pena ser contada, y ese es mi prop\u00f3sito, a\u00fan a sabiendas que s\u00f3lo puedo alcanzar a contar breves retazos de la misma.<\/p>\n\n\n\n<figure class=\"wp-block-image size-large\"><img loading=\"lazy\" decoding=\"async\" width=\"1920\" height=\"2560\" src=\"https:\/\/rafaelartacho.es\/wp-content\/uploads\/2021\/04\/20210317_175917-scaled-1.jpg\" alt=\"\" class=\"wp-image-393\" srcset=\"https:\/\/rafaelartacho.es\/wp-content\/uploads\/2021\/04\/20210317_175917-scaled-1.jpg 1920w, https:\/\/rafaelartacho.es\/wp-content\/uploads\/2021\/04\/20210317_175917-scaled-1-225x300.jpg 225w, https:\/\/rafaelartacho.es\/wp-content\/uploads\/2021\/04\/20210317_175917-scaled-1-768x1024.jpg 768w, https:\/\/rafaelartacho.es\/wp-content\/uploads\/2021\/04\/20210317_175917-scaled-1-1152x1536.jpg 1152w, https:\/\/rafaelartacho.es\/wp-content\/uploads\/2021\/04\/20210317_175917-scaled-1-1536x2048.jpg 1536w\" sizes=\"auto, (max-width: 709px) 85vw, (max-width: 909px) 67vw, (max-width: 1362px) 62vw, 840px\" \/><figcaption>En el que fue edificio de la C\u00e1mara de la Propiedad, la casa donde vivi\u00f3 toda su ni\u00f1ez y juventud<\/figcaption><\/figure>\n\n\n\n<p>Lo primero que se aprecia cuando le ves por primera vez es su porte distinguido, siempre enfundado en su traje con corbata y su p\u00edcara sonrisa. Cuando le oyes hablar destaca su voz potente de bar\u00edtono que contrasta con su cuerpo menudo. Su conversaci\u00f3n es sobresaliente&nbsp; y enseguida se da uno cuenta del memori\u00f3n que posee, ante la retah\u00edla de fechas, datos, lugares y nombres de personas con que completa cualquier relato. Y si todo esto no fuera suficiente adem\u00e1s sabe contar chistes como nadie y sabe cantar. S\u00ed, s\u00ed, tambi\u00e9n canta.<\/p>\n\n\n\n<p>Acept\u00f3 mi propuesta de escribir sobre su vida &nbsp;y quedamos a comer en La Sirena Verde, un restaurante de la Gran V\u00eda madrile\u00f1a, que evoca con su nombre la leyenda sobre la sirena Mari\u00f1a de la Isla gallega de S\u00e1lvora, una historia preciosa que puedes leer <a href=\"https:\/\/www.elespanol.com\/treintayseis\/articulos\/actualidad\/la-sirenita-gallega-que-vivio-entre-las-aguas-de-la-ria-de-arousa\" target=\"_blank\" rel=\"noreferrer noopener\">AQUI.<\/a><\/p>\n\n\n\n<p>Hoy es 8 de Abril de 2021 y Mart\u00edn no pierde ocasi\u00f3n de recordarme que hace 30 a\u00f1os, el 8 de Abril de 1991 sal\u00eda el n\u00famero 1 del peri\u00f3dico Claro, que fue la \u00faltima empresa en la que trabajamos juntos.<\/p>\n\n\n\n<figure class=\"wp-block-image size-large\"><img loading=\"lazy\" decoding=\"async\" width=\"870\" height=\"600\" src=\"https:\/\/rafaelartacho.es\/wp-content\/uploads\/2021\/04\/Con-sus-padres-y-hermanos.jpg\" alt=\"\" class=\"wp-image-388\" srcset=\"https:\/\/rafaelartacho.es\/wp-content\/uploads\/2021\/04\/Con-sus-padres-y-hermanos.jpg 870w, https:\/\/rafaelartacho.es\/wp-content\/uploads\/2021\/04\/Con-sus-padres-y-hermanos-300x207.jpg 300w, https:\/\/rafaelartacho.es\/wp-content\/uploads\/2021\/04\/Con-sus-padres-y-hermanos-768x530.jpg 768w\" sizes=\"auto, (max-width: 709px) 85vw, (max-width: 909px) 67vw, (max-width: 1362px) 62vw, 840px\" \/><figcaption>Con sus padres, hermano y hermana. El era el m\u00e1s joven.<\/figcaption><\/figure>\n\n\n\n<p>Pero ya habr\u00e1 ocasi\u00f3n de hablar sobre ello. Hoy quiero mostrar a la PERSONA. &nbsp;<\/p>\n\n\n\n<p><strong><em>Tu nombre es \u00a0Juan Jos\u00e9 Mart\u00edn Morales. Mart\u00ednmorales es un dibujante y humorista gr\u00e1fico famoso \u00bfno te han confundido con \u00e9l?<\/em><\/strong><\/p>\n\n\n\n<p>No, \u00e9l es un poco m\u00e1s joven que yo. Pero una vez si me confundieron con otro periodista.<\/p>\n\n\n\n<p><strong><em>\u00bfC\u00f3mo fue eso?<\/em><\/strong><\/p>\n\n\n\n<p>Era cuando trabaj\u00e1bamos en el peri\u00f3dico El Mundo y un d\u00eda en recepci\u00f3n me entregaron una carta dirigida a Mart\u00edn Morales. Cuando la le\u00ed era la queja de un lector que protestaba por el tratamiento que se hab\u00eda dado en una informaci\u00f3n al colectivo gay. La carta estaba escrita con muy buena \u201cpluma\u201d \u2014<strong><em>sonr\u00ede con picard\u00eda\u2014<\/em><\/strong>. Cuando la devolv\u00ed, &nbsp;porque no era para m\u00ed, me sent\u00ed satisfecho. En El Mundo me conoc\u00edan m\u00e1s que a ese periodista.<\/p>\n\n\n\n<p><strong><em>Supongo que a estas alturas no te importa decir la edad, \u00bfcu\u00e1ntos a\u00f1os tienes?<\/em><\/strong><\/p>\n\n\n\n<p>Este a\u00f1o espero cumplir ochenta y cinco. Nac\u00ed en Madrid en un hotelito (ahora lo llamar\u00edamos chalecito) de la Ribera del Manzanares&nbsp; que mi padre compr\u00f3 en 1932. Hoy todav\u00eda existe y se encuentra en la calle Lanzada, 16. Nac\u00ed tres meses despu\u00e9s de empezada la Guerra Civil, el 7 de Octubre de 1936. Y tuve que nacer deprisa.<\/p>\n\n\n\n<figure class=\"wp-block-image size-large\"><img loading=\"lazy\" decoding=\"async\" width=\"707\" height=\"1081\" src=\"https:\/\/rafaelartacho.es\/wp-content\/uploads\/2021\/04\/Con-su-padre-y-hermano-Cipriano.jpg\" alt=\"\" class=\"wp-image-389\" srcset=\"https:\/\/rafaelartacho.es\/wp-content\/uploads\/2021\/04\/Con-su-padre-y-hermano-Cipriano.jpg 707w, https:\/\/rafaelartacho.es\/wp-content\/uploads\/2021\/04\/Con-su-padre-y-hermano-Cipriano-196x300.jpg 196w, https:\/\/rafaelartacho.es\/wp-content\/uploads\/2021\/04\/Con-su-padre-y-hermano-Cipriano-670x1024.jpg 670w\" sizes=\"auto, (max-width: 709px) 85vw, (max-width: 909px) 67vw, (max-width: 984px) 61vw, (max-width: 1362px) 45vw, 600px\" \/><figcaption>Con su padre y su hermano mayor<\/figcaption><\/figure>\n\n\n\n<p><strong><em>\u00bfC\u00f3mo deprisa?<\/em><\/strong><\/p>\n\n\n\n<p>Me cont\u00f3 mi madre que tuvo que darse prisa porque durante el parto se presentaron en su casa dos funcionarios del Gobierno que se bajaron de un coche oficial para llevarse a la comadrona pues ten\u00eda que atender otro parto por orden del presidente del Gobierno,&nbsp; Francisco Largo Caballero<strong><em>. \u2013y a\u00f1ade con el buen humor que le caracteriza\u2014<\/em><\/strong>si no me llego a dar prisa al nacer, se va la comadrona y me dejan con el culo al aire.<\/p>\n\n\n\n<p><strong><em>Los a\u00f1os de la posguerra fueron duros \u00bfC\u00f3mo fue tu infancia?<\/em><\/strong><\/p>\n\n\n\n<p>Mis padres tuvieron cinco hijos, yo soy el menor, y aunque mi padre siempre trabaj\u00f3 y no pasamos hambre hab\u00eda mucha escasez. &nbsp;Mi padre era maestro pero no soportaba al alumnado y se enter\u00f3 que en la C\u00e1mara de la Propiedad Urbana necesitaban cobradores para ir por las casas y lo solicit\u00f3. Le hicieron un examen y aprob\u00f3. El presum\u00eda que hab\u00eda sido el \u00fanico empleado que hab\u00eda entrado a trabajar en la C\u00e1mara por examen. El resto hab\u00eda sido por enchufe.<\/p>\n\n\n\n<p>Pronto ascendi\u00f3 a Ordenanza y nos dieron vivienda en la propia C\u00e1mara, en el n\u00famero 4 de la&nbsp; Plaza San Mart\u00edn, por lo que viv\u00ed muchos a\u00f1os en pleno centro de Madrid.<\/p>\n\n\n\n<p>Pero el sueldo no daba para mucho y hab\u00eda que buscarse la vida a riesgo de perderla como le pas\u00f3 a mi hermano mayor.<\/p>\n\n\n\n<figure class=\"wp-block-image size-large\"><img loading=\"lazy\" decoding=\"async\" width=\"666\" height=\"852\" src=\"https:\/\/rafaelartacho.es\/wp-content\/uploads\/2021\/04\/De-comunion-con-su-hermana.jpg\" alt=\"\" class=\"wp-image-409\" srcset=\"https:\/\/rafaelartacho.es\/wp-content\/uploads\/2021\/04\/De-comunion-con-su-hermana.jpg 666w, https:\/\/rafaelartacho.es\/wp-content\/uploads\/2021\/04\/De-comunion-con-su-hermana-235x300.jpg 235w\" sizes=\"auto, (max-width: 709px) 85vw, (max-width: 909px) 67vw, (max-width: 984px) 61vw, (max-width: 1362px) 45vw, 600px\" \/><figcaption>El d\u00eda de su comuni\u00f3n con su hermana.<\/figcaption><\/figure>\n\n\n\n<p><strong><em>\u00bfQu\u00e9 le pas\u00f3?<\/em><\/strong><\/p>\n\n\n\n<p>Cuando termin\u00f3 la Guerra, &nbsp;Madrid estaba lleno de bombas que no hab\u00edan explotado y mi hermano que entonces ten\u00eda 11 a\u00f1os, se dedicaba a desactivarlas y venderlas por unas cuantas pesetas. Una de ellas le explot\u00f3 y le destroz\u00f3.&nbsp; Fue un 16 de Mayo y muri\u00f3 en la Casa de Socorro que hab\u00eda en la calle Navas de Tolosa donde hoy est\u00e1 el chocolate Valor. <strong><em>\u2014Echa mano de su memoria y quiz\u00e1 &nbsp;para cambiar de tema &nbsp;dice\u2014<\/em><\/strong> coincide que un 16 de Mayo tambi\u00e9n muri\u00f3 el torero Joselito el Gallo y Lola Flores.<\/p>\n\n\n\n<p><strong><em>\u00bfPudiste estudiar?<\/em><\/strong><\/p>\n\n\n\n<p>De ni\u00f1o fui al colegi\u00f3 Huarte San Juan que hab\u00eda en la calle Comandante Fortea y recuerdo que al maestro, Don Felipe Herranz&nbsp; Herranz le faltaba el dedo me\u00f1ique, pero eso no le imped\u00eda dar unas hostias de campeonato.<\/p>\n\n\n\n<p>Alternaba los colegios seg\u00fan viviera en el hotelito o en la vivienda de la C\u00e1mara<\/p>\n\n\n\n<p>Tambi\u00e9n estuve en otro colegio que estaba al lado de la C\u00e1mara en lo que hoy es el Restaurante Parrondo. Recuerdo que los maestros eran D. Jos\u00e9 y D. Victor y la verdad es que aprend\u00ed&nbsp; lo justo. Era un poco vago.<\/p>\n\n\n\n<p>Tambi\u00e9n fui a la Escuela de Artes y Oficios de la calle La Palma a aprender orfebrer\u00eda. Gracias a eso me pude colocar en talleres de joyer\u00eda.<\/p>\n\n\n\n<p>Pero yo siempre digo que he estudiado en la Universidad de la calle y no me ha ido mal.<\/p>\n\n\n\n<figure class=\"wp-block-image size-large\"><img loading=\"lazy\" decoding=\"async\" width=\"1164\" height=\"1644\" src=\"https:\/\/rafaelartacho.es\/wp-content\/uploads\/2021\/04\/Monaguillo-.jpg\" alt=\"\" class=\"wp-image-391\" srcset=\"https:\/\/rafaelartacho.es\/wp-content\/uploads\/2021\/04\/Monaguillo-.jpg 1164w, https:\/\/rafaelartacho.es\/wp-content\/uploads\/2021\/04\/Monaguillo--212x300.jpg 212w, https:\/\/rafaelartacho.es\/wp-content\/uploads\/2021\/04\/Monaguillo--725x1024.jpg 725w, https:\/\/rafaelartacho.es\/wp-content\/uploads\/2021\/04\/Monaguillo--768x1085.jpg 768w, https:\/\/rafaelartacho.es\/wp-content\/uploads\/2021\/04\/Monaguillo--1088x1536.jpg 1088w\" sizes=\"auto, (max-width: 709px) 85vw, (max-width: 909px) 67vw, (max-width: 1362px) 62vw, 840px\" \/><figcaption>De monaguillo en las Descalzas Reales<\/figcaption><\/figure>\n\n\n\n<p><strong><em>He visto unas fotos&nbsp; en las que est\u00e1s de monaguillo. \u00bfCu\u00e1ndo fue eso?<\/em><\/strong><\/p>\n\n\n\n<p>Con 13 a\u00f1os dej\u00e9 el colegio y fui monaguillo en las Descalzas Reales. Cuando me present\u00e9 al Sacrist\u00e1n me pregunt\u00f3:<\/p>\n\n\n\n<p>\u2014\u00bfC\u00f3mo te llamas?<\/p>\n\n\n\n<p>\u2014Juan Jos\u00e9 Mart\u00edn Morales, para servirle a Dios y a usted\u2014 y \u00e9l me contest\u00f3:<\/p>\n\n\n\n<p>\u2014A Dios sirve lo que quieras pero yo te voy a dar cada hostia que se te va a encender el pelo. Y cuidadito con el vino.<\/p>\n\n\n\n<p> As\u00ed aprend\u00ed, a golpes cada vez que me equivocaba. Un d\u00eda dejaron el vino a mano y cog\u00ed una mo\u00f1a de no te menees. Creo que lo hicieron adrede porque ya no volv\u00ed a beber m\u00e1s de la cuenta.<\/p>\n\n\n\n<p>Ganaba 5 pts diarias m\u00e1s las propinas. Recuerdo una se\u00f1ora que se confesaba cada quince d\u00edas y me ped\u00eda que avisara al cura D. Pedro. Siempre me daba 5 pts de propina.<\/p>\n\n\n\n<p><strong><em>Pero si hay algo que identifique a Mart\u00edn es su forma de contar cualquier an\u00e9cdota llena de datos y demostrando que se conoce Madrid como la palma de la mano. Ah\u00ed va una muestra:<\/em><\/strong><\/p>\n\n\n\n<p>Tambi\u00e9n estuve de Monaguillo en el Ni\u00f1o del Remedio, en la calle Arenal, en la calle de los &nbsp;Donados, seg\u00fan vas hacia Opera, la primera es las Hileras que va a la C\u00e1mara (de la Propiedad), la segunda es la calle de los Donados y luego viene Costanilla de los Angeles. &nbsp;Despu\u00e9s viene la Taberna Real, la Plaza de Isabel II, el quiosco de C\u00e1ndido Henche y si sigues para arriba est\u00e1n los Ca\u00f1os del Peral, que abajo en el metro est\u00e1 el Museo de los Ca\u00f1os del Peral. Luego si te vas hacia la calle Arrieta, que al final est\u00e1 la Iglesia de la Encarnaci\u00f3n donde&nbsp; el 27 de julio se licua la sangre de San Pantale\u00f3n. Ah\u00ed est\u00e1 la calle Santa Catalina, la calle de Torija, seg\u00fan subes a la izquierda est\u00e1 el Restaurante La Bola, luego m\u00e1s para arriba est\u00e1 la calle Fomento, que sale a la calle del R\u00edo, que es paralela a la Plaza de Espa\u00f1a. En la calle del R\u00edo esquina a Fomento &nbsp;es donde estaba Bodegas Criado, el bar donde se com\u00edan las sardinas a la Bon Bupl\u00e9, que eran lomos de sardinas limpias de espinas a la plancha, encima de una rebanada de pan. Un chato de vino y dos sardinas costaban 3 pesetas.<strong><em> Y se queda tan pancho<\/em><\/strong><\/p>\n\n\n\n<figure class=\"wp-block-image size-large\"><img loading=\"lazy\" decoding=\"async\" width=\"654\" height=\"876\" src=\"https:\/\/rafaelartacho.es\/wp-content\/uploads\/2021\/04\/con-amigos-3-03-1959.jpg\" alt=\"\" class=\"wp-image-392\" srcset=\"https:\/\/rafaelartacho.es\/wp-content\/uploads\/2021\/04\/con-amigos-3-03-1959.jpg 654w, https:\/\/rafaelartacho.es\/wp-content\/uploads\/2021\/04\/con-amigos-3-03-1959-224x300.jpg 224w\" sizes=\"auto, (max-width: 709px) 85vw, (max-width: 909px) 67vw, (max-width: 984px) 61vw, (max-width: 1362px) 45vw, 600px\" \/><figcaption>Con amigos de juventud<\/figcaption><\/figure>\n\n\n\n<p><strong><em>Tambi\u00e9n he visto fotos en las que est\u00e1s cantando<\/em><\/strong><\/p>\n\n\n\n<p>Mi padre, gracias a las propinas que recib\u00eda, me pudo pagar las clases de canto que recib\u00ed del Maestro Vela, que era hermano de Luisa Vela, casada con Emilio Sagi. Estos eran los mejores &nbsp;cantantes de \u00f3pera y zarzuela del momento. &nbsp;La escuela estaba en la calle Gran V\u00eda, 11 por cierto al lado de la sastrer\u00eda Bustillo de la que se dec\u00eda: \u201cQu\u00e9 bien viste Bustillo a su excelencia el Caudillo\u201d. El ingenio popular sacaba a relucir su guasa y &nbsp;se hac\u00edan versos como \u00e9ste. Igual se hac\u00eda con un &nbsp;almac\u00e9n de tejidos que hab\u00eda en la calle Atocha, cerca del teatro Calder\u00f3n, que se llamaba Bobo y Peque\u00f1o. : \u00bfQu\u00e9 me das si te ense\u00f1o d\u00f3nde est\u00e1 Bobo y Peque\u00f1o?<\/p>\n\n\n\n<p>Y se contestaba: En el Pardo. Si te pillaban diciendo eso, &nbsp;al talego.<\/p>\n\n\n\n<figure class=\"wp-block-image size-large\"><img loading=\"lazy\" decoding=\"async\" width=\"1008\" height=\"1602\" src=\"https:\/\/rafaelartacho.es\/wp-content\/uploads\/2021\/04\/Con-companeros-de-la-joyeria-1965-1.jpg\" alt=\"\" class=\"wp-image-395\" srcset=\"https:\/\/rafaelartacho.es\/wp-content\/uploads\/2021\/04\/Con-companeros-de-la-joyeria-1965-1.jpg 1008w, https:\/\/rafaelartacho.es\/wp-content\/uploads\/2021\/04\/Con-companeros-de-la-joyeria-1965-1-189x300.jpg 189w, https:\/\/rafaelartacho.es\/wp-content\/uploads\/2021\/04\/Con-companeros-de-la-joyeria-1965-1-644x1024.jpg 644w, https:\/\/rafaelartacho.es\/wp-content\/uploads\/2021\/04\/Con-companeros-de-la-joyeria-1965-1-768x1221.jpg 768w, https:\/\/rafaelartacho.es\/wp-content\/uploads\/2021\/04\/Con-companeros-de-la-joyeria-1965-1-966x1536.jpg 966w\" sizes=\"auto, (max-width: 709px) 85vw, (max-width: 909px) 67vw, (max-width: 1362px) 62vw, 840px\" \/><figcaption>Con compa\u00f1eros de la Joyer\u00eda. Rodeado de dos bellas se\u00f1oritas.<\/figcaption><\/figure>\n\n\n\n<p><strong><em>En aquellos a\u00f1os hab\u00eda que tener cuidado con lo que se dec\u00eda. T\u00fa me contaste una vez que tu padre hab\u00eda muerto dos veces. \u00bfC\u00f3mo fue eso?<\/em><\/strong><\/p>\n\n\n\n<p>Cuando yo ten\u00eda 13 a\u00f1os mi padre muri\u00f3 en el hospital de la Cruz Roja que hay en Reina Victoria 22. Le ten\u00eda que operar de pr\u00f3stata el ur\u00f3logo Dr. Paez &nbsp;pero le oper\u00f3 el Marqu\u00e9s de Villaverde. Como era quien era, llegaba a un quir\u00f3fano&nbsp; y dec\u00eda \u201cdoctor, con su permiso a este enfermo lo opero yo. A ver qui\u00e9n le dec\u00eda que no al yerno del Caudillo.<\/p>\n\n\n\n<p>Fue el 25-03-1950 le dejo una arteria mal cosida y se desangr\u00f3. Lo bajaron al dep\u00f3sito de cad\u00e1veres. Menos mal que unas monjas que bajaron a rezar al dep\u00f3sito se dieron cuenta que estaba caliente y respiraba. Lo subieron a planta y le hicieron transfusiones de sangre y se recuper\u00f3. Localizaron a mi hermano que estaba de guardia haciendo la mili en Cibeles, en el Ministerio del Ej\u00e9rcito, para que donara sangre y recuperar as\u00ed la que le hab\u00edan puesto a mi padre.<\/p>\n\n\n\n<p>A los tres d\u00edas, el 28 de Marzo un compa\u00f1ero de sala le cont\u00f3 a mi padre la historia, con todo lujo de detalles. Mi padre impresionado cogi\u00f3 su abrigo y se escap\u00f3 del hospital y se fue al hotelito. El s\u00f3lo se cur\u00f3 con polvos de azor y gasas, pero la herida cicatriz\u00f3 por fuera pero no por dentro y se le sal\u00eda el paquete. En Agosto tuvieron que operarle de nuevo pero esta vez con resultado satisfactorio. Ya no le oper\u00f3 el Marqu\u00e9s de Villaverde.<\/p>\n\n\n\n<p>Por eso cuento que mi padre muri\u00f3 dos veces, la definitiva fue el &nbsp;6 de diciembre de 1978, el d\u00eda que se aprob\u00f3 la Constituci\u00f3n.<\/p>\n\n\n\n<figure class=\"wp-block-image size-large\"><img loading=\"lazy\" decoding=\"async\" width=\"1154\" height=\"856\" src=\"https:\/\/rafaelartacho.es\/wp-content\/uploads\/2021\/04\/Servicio-militar-Base-aerea-Getafe-1956-1957.jpg\" alt=\"\" class=\"wp-image-396\" srcset=\"https:\/\/rafaelartacho.es\/wp-content\/uploads\/2021\/04\/Servicio-militar-Base-aerea-Getafe-1956-1957.jpg 1154w, https:\/\/rafaelartacho.es\/wp-content\/uploads\/2021\/04\/Servicio-militar-Base-aerea-Getafe-1956-1957-300x223.jpg 300w, https:\/\/rafaelartacho.es\/wp-content\/uploads\/2021\/04\/Servicio-militar-Base-aerea-Getafe-1956-1957-1024x760.jpg 1024w, https:\/\/rafaelartacho.es\/wp-content\/uploads\/2021\/04\/Servicio-militar-Base-aerea-Getafe-1956-1957-768x570.jpg 768w\" sizes=\"auto, (max-width: 709px) 85vw, (max-width: 909px) 67vw, (max-width: 1362px) 62vw, 840px\" \/><figcaption>En el servicio militar que lo hizo como voluntario en la base a\u00e9rea de Getafe.<\/figcaption><\/figure>\n\n\n\n<p><strong><em>\u00bfPero a pesar de ser a\u00f1os duros el buen humor nunca te falt\u00f3?<\/em><\/strong><\/p>\n\n\n\n<p>No, eso no puede faltar nunca. Mira t\u00fa sabes c\u00f3mo se dice en chino:<\/p>\n\n\n\n<p>\u201cAfortunado en el juego, desgraciado en el amor\u00bb.<\/p>\n\n\n\n<p>Si bingo chachi chichi chungo<\/p>\n\n\n\n<p>(Continuar\u00e1)<\/p>\n\n\n\n<p><a href=\"https:\/\/www.amazon.es\/photos\/share\/I1OIgCzLAPcs89yxsp9q6Bj2VNkh7FviVemT32zWe3B\" data-type=\"URL\" target=\"_blank\" rel=\"noreferrer noopener\">VER MAS FOTOS<\/a><\/p>\n\n\n\n<p><\/p>\n","protected":false},"excerpt":{"rendered":"<p>Tuve la suerte de conocer a mi amigo Mart\u00edn hace 40 a\u00f1os, y nuestra relaci\u00f3n en este largo periodo ha pasado por diversas etapas: compa\u00f1eros de trabajo, colaboradores desde distintas empresas cada uno y amigos de esos que sabes que est\u00e1n ah\u00ed cuando los necesitas. Hemos&nbsp; sabido mantener una relaci\u00f3n estrecha pero templada, aplicando el &hellip; <a href=\"https:\/\/rafaelartacho.es\/index.php\/2021\/04\/16\/mi-amigo-martin-i-la-persona\/\" class=\"more-link\">Continuar leyendo<span class=\"screen-reader-text\"> \u00abMI AMIGO MARTIN (I). La persona\u00bb<\/span><\/a><\/p>\n","protected":false},"author":1,"featured_media":0,"comment_status":"open","ping_status":"open","sticky":false,"template":"","format":"standard","meta":{"footnotes":""},"categories":[5],"tags":[],"class_list":["post-385","post","type-post","status-publish","format-standard","hentry","category-uncategorised"],"_links":{"self":[{"href":"https:\/\/rafaelartacho.es\/index.php\/wp-json\/wp\/v2\/posts\/385","targetHints":{"allow":["GET"]}}],"collection":[{"href":"https:\/\/rafaelartacho.es\/index.php\/wp-json\/wp\/v2\/posts"}],"about":[{"href":"https:\/\/rafaelartacho.es\/index.php\/wp-json\/wp\/v2\/types\/post"}],"author":[{"embeddable":true,"href":"https:\/\/rafaelartacho.es\/index.php\/wp-json\/wp\/v2\/users\/1"}],"replies":[{"embeddable":true,"href":"https:\/\/rafaelartacho.es\/index.php\/wp-json\/wp\/v2\/comments?post=385"}],"version-history":[{"count":1,"href":"https:\/\/rafaelartacho.es\/index.php\/wp-json\/wp\/v2\/posts\/385\/revisions"}],"predecessor-version":[{"id":816,"href":"https:\/\/rafaelartacho.es\/index.php\/wp-json\/wp\/v2\/posts\/385\/revisions\/816"}],"wp:attachment":[{"href":"https:\/\/rafaelartacho.es\/index.php\/wp-json\/wp\/v2\/media?parent=385"}],"wp:term":[{"taxonomy":"category","embeddable":true,"href":"https:\/\/rafaelartacho.es\/index.php\/wp-json\/wp\/v2\/categories?post=385"},{"taxonomy":"post_tag","embeddable":true,"href":"https:\/\/rafaelartacho.es\/index.php\/wp-json\/wp\/v2\/tags?post=385"}],"curies":[{"name":"wp","href":"https:\/\/api.w.org\/{rel}","templated":true}]}}