{"id":367,"date":"2021-03-06T21:41:16","date_gmt":"2021-03-06T20:41:16","guid":{"rendered":"https:\/\/aprendizdetodo.rafaelartacho.es\/?p=367"},"modified":"2021-03-06T21:41:16","modified_gmt":"2021-03-06T20:41:16","slug":"abrazar-un-arbol","status":"publish","type":"post","link":"https:\/\/rafaelartacho.es\/index.php\/2021\/03\/06\/abrazar-un-arbol\/","title":{"rendered":"ABRAZAR UN ARBOL"},"content":{"rendered":"\n<figure class=\"wp-block-image size-large\"><img loading=\"lazy\" decoding=\"async\" width=\"655\" height=\"368\" src=\"https:\/\/rafaelartacho.es\/wp-content\/uploads\/2021\/03\/abrazar-un-arbol-655x368-1.jpg\" alt=\"\" class=\"wp-image-368\" srcset=\"https:\/\/rafaelartacho.es\/wp-content\/uploads\/2021\/03\/abrazar-un-arbol-655x368-1.jpg 655w, https:\/\/rafaelartacho.es\/wp-content\/uploads\/2021\/03\/abrazar-un-arbol-655x368-1-300x169.jpg 300w\" sizes=\"auto, (max-width: 709px) 85vw, (max-width: 909px) 67vw, (max-width: 984px) 61vw, (max-width: 1362px) 45vw, 600px\" \/><\/figure>\n\n\n\n<p>Lo mejor de estar jubilado es que tienes tiempo para hacer casi todo lo que te propones, aunque hay que tener cuidado en no querer abarcar m\u00e1s de lo que puedes, pues no hay nada m\u00e1s incongruente que un jubilado estresado.<\/p>\n\n\n\n<p>Por eso cuando mis hermanas, que son afiliadas de la ONCE, me animaban a colaborar con la ONCE como voluntario ten\u00eda mis dudas.<\/p>\n\n\n\n<p>Pero \u00e9stas se disiparon cuando contact\u00e9 con el departamento de Voluntariado y me explicaron las distintas formas de colaboraci\u00f3n. Pod\u00eda participar como Voluntario en el Programa de Acompa\u00f1amiento, conforme a mi disponibilidad.<\/p>\n\n\n\n<p>Antes de empezar, el aspirante a voluntario recibe una formaci\u00f3n en la que se le ense\u00f1a c\u00f3mo tratar y guiar a las personas con ceguera o con discapacidad visual grave, adem\u00e1s de informaci\u00f3n sobre la labor que desarrolla la ONCE.<\/p>\n\n\n\n<figure class=\"wp-block-gallery columns-2 is-cropped wp-block-gallery-1 is-layout-flex wp-block-gallery-is-layout-flex\"><ul class=\"blocks-gallery-grid\"><li class=\"blocks-gallery-item\"><figure><img loading=\"lazy\" decoding=\"async\" width=\"250\" height=\"250\" src=\"https:\/\/rafaelartacho.es\/wp-content\/uploads\/2021\/03\/8464589547a2-980b-4297-9534-899363529aab_250X277_s-1.jpg\" alt=\"\" data-id=\"370\" data-link=\"https:\/\/aprendizdetodo.rafaelartacho.es\/?attachment_id=370\" class=\"wp-image-370\" srcset=\"https:\/\/rafaelartacho.es\/wp-content\/uploads\/2021\/03\/8464589547a2-980b-4297-9534-899363529aab_250X277_s-1.jpg 250w, https:\/\/rafaelartacho.es\/wp-content\/uploads\/2021\/03\/8464589547a2-980b-4297-9534-899363529aab_250X277_s-1-150x150.jpg 150w\" sizes=\"auto, (max-width: 250px) 85vw, 250px\" \/><\/figure><\/li><li class=\"blocks-gallery-item\"><figure><img loading=\"lazy\" decoding=\"async\" width=\"1920\" height=\"1920\" src=\"https:\/\/rafaelartacho.es\/wp-content\/uploads\/2021\/03\/blind-1027860_1920.jpg\" alt=\"\" data-id=\"372\" data-full-url=\"https:\/\/rafaelartacho.es\/wp-content\/uploads\/2021\/03\/blind-1027860_1920.jpg\" data-link=\"https:\/\/aprendizdetodo.rafaelartacho.es\/?attachment_id=372\" class=\"wp-image-372\" srcset=\"https:\/\/rafaelartacho.es\/wp-content\/uploads\/2021\/03\/blind-1027860_1920.jpg 1920w, https:\/\/rafaelartacho.es\/wp-content\/uploads\/2021\/03\/blind-1027860_1920-300x300.jpg 300w, https:\/\/rafaelartacho.es\/wp-content\/uploads\/2021\/03\/blind-1027860_1920-1024x1024.jpg 1024w, https:\/\/rafaelartacho.es\/wp-content\/uploads\/2021\/03\/blind-1027860_1920-150x150.jpg 150w, https:\/\/rafaelartacho.es\/wp-content\/uploads\/2021\/03\/blind-1027860_1920-768x768.jpg 768w, https:\/\/rafaelartacho.es\/wp-content\/uploads\/2021\/03\/blind-1027860_1920-1536x1536.jpg 1536w\" sizes=\"auto, (max-width: 709px) 85vw, (max-width: 909px) 67vw, (max-width: 1362px) 62vw, 840px\" \/><\/figure><\/li><\/ul><\/figure>\n\n\n\n<p>APRENDI los tipos de deficiencias visuales que sufren los afiliados, las enfermedades que las provocan y los requisitos que se exigen para ser afiliado a la ONCE.<\/p>\n\n\n\n<p>APRENDI las t\u00e9cnicas de acompa\u00f1amiento para saber lo que hacer en las diferentes situaciones que te puedes encontrar al hacer un servicio de gu\u00eda.<\/p>\n\n\n\n<p>APRENDI cu\u00e1les son los errores m\u00e1s frecuentes que cometemos en nuestra relaci\u00f3n con las personas con discapacidad visual, siendo el principal no preguntarles qu\u00e9 tipo de ayuda precisan o forzar a recibir una ayuda no deseada.<\/p>\n\n\n\n<p>Evitar la sobreprotecci\u00f3n, permitir que hagan las cosas por s\u00ed mismas y no generalizar, es decir tratar a cada persona en funci\u00f3n de sus deseos y capacidades, son tambi\u00e9n pautas que se deben seguir.<\/p>\n\n\n\n<p>Es verdad que estas reglas son de sentido com\u00fan pero en la pr\u00e1ctica hay muchas personas que las ignoran.<\/p>\n\n\n\n<figure class=\"wp-block-image size-large\"><img loading=\"lazy\" decoding=\"async\" width=\"1920\" height=\"2560\" src=\"https:\/\/rafaelartacho.es\/wp-content\/uploads\/2021\/03\/20210305_113201-1-scaled-1.jpg\" alt=\"\" class=\"wp-image-377\" srcset=\"https:\/\/rafaelartacho.es\/wp-content\/uploads\/2021\/03\/20210305_113201-1-scaled-1.jpg 1920w, https:\/\/rafaelartacho.es\/wp-content\/uploads\/2021\/03\/20210305_113201-1-scaled-1-225x300.jpg 225w, https:\/\/rafaelartacho.es\/wp-content\/uploads\/2021\/03\/20210305_113201-1-scaled-1-768x1024.jpg 768w, https:\/\/rafaelartacho.es\/wp-content\/uploads\/2021\/03\/20210305_113201-1-scaled-1-1152x1536.jpg 1152w, https:\/\/rafaelartacho.es\/wp-content\/uploads\/2021\/03\/20210305_113201-1-scaled-1-1536x2048.jpg 1536w\" sizes=\"auto, (max-width: 709px) 85vw, (max-width: 909px) 67vw, (max-width: 1362px) 62vw, 840px\" \/><\/figure>\n\n\n\n<p>Me cuenta mi hermana Mari, que una vez escuch\u00f3 un audiolibro que dec\u00eda \u201c<em>que abrazar un \u00e1rbol&nbsp;nos puede hacer sentir much\u00edsimo mejor, que la sensaci\u00f3n es \u00fanica, y que sin duda te hace sentir mucho m\u00e1s cerca de la naturaleza y el entorno que lo rodea\u201d. <\/em>Y a\u00f1ad\u00eda que<em> \u201cA mucha gente le parece una tonter\u00eda, pero lo cierto es que siempre se ha dicho que&nbsp;<\/em><em>abrazar un \u00e1rbol tiene poderes m\u00e1gicos\u201d.<\/em><\/p>\n\n\n\n<p>Un d\u00eda iba ella caminando sola con su bast\u00f3n de invidente por las calles de M\u00f3stoles, se acord\u00f3 del audiolibro y sinti\u00f3 deseos de experimentar la sensaci\u00f3n de abrazar un \u00e1rbol. Con el resto visual que le queda percibi\u00f3 una sombra y se dirigi\u00f3 hacia ella con la intenci\u00f3n de comprobar que en efecto era un \u00e1rbol y poder abrazarlo. No hab\u00eda llegado todav\u00eda a su destino cuando oy\u00f3 una voz masculina que le alertaba dici\u00e9ndole que no continuara y sinti\u00f3 un tir\u00f3n del brazo para desviar su trayectoria. Mi hermana Mari, tras el susto inicial, le dio las gracias, esper\u00f3 que se marchara e intent\u00f3 de nuevo acercarse al \u00e1rbol. Cuando estaba a punto de tocarlo oy\u00f3 de nuevo otra voz, en esta ocasi\u00f3n femenina, que le dec\u00eda \u201cpara, para, por ah\u00ed no\u201d y sinti\u00f3 c\u00f3mo la reten\u00edan del brazo otra vez y la empujaban lejos de su objetivo.<\/p>\n\n\n\n<figure class=\"wp-block-image size-large\"><img loading=\"lazy\" decoding=\"async\" width=\"1920\" height=\"2560\" src=\"https:\/\/rafaelartacho.es\/wp-content\/uploads\/2021\/03\/20210305_113750-scaled-1.jpg\" alt=\"\" class=\"wp-image-374\" srcset=\"https:\/\/rafaelartacho.es\/wp-content\/uploads\/2021\/03\/20210305_113750-scaled-1.jpg 1920w, https:\/\/rafaelartacho.es\/wp-content\/uploads\/2021\/03\/20210305_113750-scaled-1-225x300.jpg 225w, https:\/\/rafaelartacho.es\/wp-content\/uploads\/2021\/03\/20210305_113750-scaled-1-768x1024.jpg 768w, https:\/\/rafaelartacho.es\/wp-content\/uploads\/2021\/03\/20210305_113750-scaled-1-1152x1536.jpg 1152w, https:\/\/rafaelartacho.es\/wp-content\/uploads\/2021\/03\/20210305_113750-scaled-1-1536x2048.jpg 1536w\" sizes=\"auto, (max-width: 709px) 85vw, (max-width: 909px) 67vw, (max-width: 1362px) 62vw, 840px\" \/><\/figure>\n\n\n\n<p>Prob\u00f3 fortuna en dos ocasiones m\u00e1s en diferentes lugares y siempre se produjo la misma situaci\u00f3n. Con cierta frustraci\u00f3n renunci\u00f3 a volver a intentarlo.<\/p>\n\n\n\n<p>Cuando me lo contaba le pregunt\u00e9 que por qu\u00e9 no hab\u00eda advertido a esas personas tan \u201cprotectoras\u201d de sus verdaderas intenciones y me dijo que no se atrevi\u00f3, porque sent\u00eda un poco de verg\u00fcenza y no quer\u00eda hacer sentir mal a los bienintencionados transe\u00fantes.<\/p>\n\n\n\n<p>Le dije que no se preocupara, que yo la acompa\u00f1ar\u00eda para que pudiera abrazar todos los \u00e1rboles que quisiera. Y eso hicimos hace unos d\u00edas en el parque Finca Liana de M\u00f3stoles, como se muestra en las fotos adjuntas.<\/p>\n\n\n\n<p>Lo que sinti\u00f3 al realizar esta experiencia queda para su intimidad pero amigo lector, si observa en la calle a una persona con bast\u00f3n blanco, que se dirige con paso firme hacia un \u00e1rbol, no le frene en seco, ofr\u00e9zcale ayuda y preg\u00fantele primero porque a lo mejor lo que quiere es ABRAZAR UN ARBOL.\u00a0<\/p>\n","protected":false},"excerpt":{"rendered":"<p>Lo mejor de estar jubilado es que tienes tiempo para hacer casi todo lo que te propones, aunque hay que tener cuidado en no querer abarcar m\u00e1s de lo que puedes, pues no hay nada m\u00e1s incongruente que un jubilado estresado. Por eso cuando mis hermanas, que son afiliadas de la ONCE, me animaban a &hellip; <a href=\"https:\/\/rafaelartacho.es\/index.php\/2021\/03\/06\/abrazar-un-arbol\/\" class=\"more-link\">Continuar leyendo<span class=\"screen-reader-text\"> \u00abABRAZAR UN ARBOL\u00bb<\/span><\/a><\/p>\n","protected":false},"author":1,"featured_media":0,"comment_status":"open","ping_status":"open","sticky":false,"template":"","format":"standard","meta":{"footnotes":""},"categories":[2],"tags":[6,9,10,12,15,20],"class_list":["post-367","post","type-post","status-publish","format-standard","hentry","category-category0","tag-abrazar-un-arbol","tag-ciego","tag-discapacidad-visual","tag-mari","tag-once","tag-voluntario"],"_links":{"self":[{"href":"https:\/\/rafaelartacho.es\/index.php\/wp-json\/wp\/v2\/posts\/367","targetHints":{"allow":["GET"]}}],"collection":[{"href":"https:\/\/rafaelartacho.es\/index.php\/wp-json\/wp\/v2\/posts"}],"about":[{"href":"https:\/\/rafaelartacho.es\/index.php\/wp-json\/wp\/v2\/types\/post"}],"author":[{"embeddable":true,"href":"https:\/\/rafaelartacho.es\/index.php\/wp-json\/wp\/v2\/users\/1"}],"replies":[{"embeddable":true,"href":"https:\/\/rafaelartacho.es\/index.php\/wp-json\/wp\/v2\/comments?post=367"}],"version-history":[{"count":0,"href":"https:\/\/rafaelartacho.es\/index.php\/wp-json\/wp\/v2\/posts\/367\/revisions"}],"wp:attachment":[{"href":"https:\/\/rafaelartacho.es\/index.php\/wp-json\/wp\/v2\/media?parent=367"}],"wp:term":[{"taxonomy":"category","embeddable":true,"href":"https:\/\/rafaelartacho.es\/index.php\/wp-json\/wp\/v2\/categories?post=367"},{"taxonomy":"post_tag","embeddable":true,"href":"https:\/\/rafaelartacho.es\/index.php\/wp-json\/wp\/v2\/tags?post=367"}],"curies":[{"name":"wp","href":"https:\/\/api.w.org\/{rel}","templated":true}]}}