{"id":342,"date":"2021-02-22T17:33:11","date_gmt":"2021-02-22T16:33:11","guid":{"rendered":"https:\/\/aprendizdetodo.rafaelartacho.es\/?p=342"},"modified":"2021-02-22T17:33:11","modified_gmt":"2021-02-22T16:33:11","slug":"yo-tambien-fui-bombero","status":"publish","type":"post","link":"https:\/\/rafaelartacho.es\/index.php\/2021\/02\/22\/yo-tambien-fui-bombero\/","title":{"rendered":"YO TAMBIEN FUI BOMBERO"},"content":{"rendered":"\n<p>Hace unos d\u00edas visit\u00e9 el Museo de San Isidro en Madrid. Es una visita interesante que recomiendo, pues se aprende mucho sobre los or\u00edgenes de Madrid. Est\u00e1 ubicado en la que, seg\u00fan la tradici\u00f3n, fue la casa donde San Isidro vivi\u00f3 y muri\u00f3 y la apertura del Museo ha permitido recuperar la costumbre de la visita al Pozo del Milagro (situado junto al patio), donde seg\u00fan cuenta la tradici\u00f3n, San Isidro salv\u00f3 a su hijo de morir ahogado al hacer subir las aguas hasta el brocal.<\/p>\n\n\n\n<figure class=\"wp-block-image size-large\"><img loading=\"lazy\" decoding=\"async\" width=\"728\" height=\"546\" src=\"https:\/\/rafaelartacho.es\/wp-content\/uploads\/2021\/02\/MILAGRO-DEL-POZO.jpg\" alt=\"\" class=\"wp-image-343\" srcset=\"https:\/\/rafaelartacho.es\/wp-content\/uploads\/2021\/02\/MILAGRO-DEL-POZO.jpg 728w, https:\/\/rafaelartacho.es\/wp-content\/uploads\/2021\/02\/MILAGRO-DEL-POZO-300x225.jpg 300w\" sizes=\"auto, (max-width: 709px) 85vw, (max-width: 909px) 67vw, (max-width: 984px) 61vw, (max-width: 1362px) 45vw, 600px\" \/><figcaption>Imagen tomada del blog <a href=\"http:\/\/reliartes.blogspot.com\/2020\/04\/historia-e-imagenes-de-san-isidro.html\">ReliArtes<\/a><\/figcaption><\/figure>\n\n\n\n<p>Contemplando el pozo me vinieron a la memoria los recuerdos de la casa donde viv\u00edamos cuando llegamos a Madrid en 1960. Tambi\u00e9n ten\u00eda un patio, aunque sin vallar durante los primeros a\u00f1os, y hab\u00eda un pozo profundo con agua que aunque no era potable, us\u00e1bamos para fregar, limpiar, regar etc.&nbsp;&nbsp;<\/p>\n\n\n\n<p>Tambi\u00e9n me vino a la memoria el d\u00eda en que al ir a sacar agua del pozo escuchamos unos aullidos lastimeros procedentes del interior del mismo. Recuerdo que era domingo por la ma\u00f1ana porque se encontraban en casa mi padre y mi hermano Manolo.<\/p>\n\n\n\n<p>Avisados mis padres descubrimos que era un gato, nuestro gato, el que maullaba desde el fondo del pozo. <em>\u00bfC\u00f3mo se habr\u00e1 ca\u00eddo?<\/em> Nos pregunt\u00e1bamos todos, <em>\u00bfY ahora qu\u00e9 hacemos?<\/em><\/p>\n\n\n\n<p>Poco a poco se fueron acercando vecinos y comentaban que \u201c<em>el gato no se pod\u00eda haber ca\u00eddo s\u00f3lo, porque la tapa estaba cerrada y que habr\u00eda sido alguien con mala leche<\/em>.\u201d Otra vecina dijo que hab\u00eda o\u00eddo al vecino de la casa de arriba renegar sobre el gato y que cre\u00eda que hab\u00eda sido el autor de semejante maldad. Era un viejo gru\u00f1\u00f3n y todos pensamos que hab\u00eda sido \u00e9l.<\/p>\n\n\n\n<figure class=\"wp-block-image size-large\"><img loading=\"lazy\" decoding=\"async\" width=\"1920\" height=\"2560\" src=\"https:\/\/rafaelartacho.es\/wp-content\/uploads\/2021\/02\/Imagen-del-pozo-scaled-1.jpg\" alt=\"\" class=\"wp-image-344\" srcset=\"https:\/\/rafaelartacho.es\/wp-content\/uploads\/2021\/02\/Imagen-del-pozo-scaled-1.jpg 1920w, https:\/\/rafaelartacho.es\/wp-content\/uploads\/2021\/02\/Imagen-del-pozo-scaled-1-225x300.jpg 225w, https:\/\/rafaelartacho.es\/wp-content\/uploads\/2021\/02\/Imagen-del-pozo-scaled-1-768x1024.jpg 768w, https:\/\/rafaelartacho.es\/wp-content\/uploads\/2021\/02\/Imagen-del-pozo-scaled-1-1152x1536.jpg 1152w, https:\/\/rafaelartacho.es\/wp-content\/uploads\/2021\/02\/Imagen-del-pozo-scaled-1-1536x2048.jpg 1536w\" sizes=\"auto, (max-width: 709px) 85vw, (max-width: 909px) 67vw, (max-width: 1362px) 62vw, 840px\" \/><figcaption>Imagen del pozo que se encuentra en el Museo de San Isidro de Madrid<\/figcaption><\/figure>\n\n\n\n<p>En aquellos momentos nos hubiera venido bien un milagro pero no nos dio por rezar, San Isidro no estaba cerca y era poco probable conseguir que el agua subiera hasta el brocal para que pudi\u00e9ramos coger el gato con facilidad.<\/p>\n\n\n\n<p><em>\u201cHay que sacarlo porque si se ahoga se corrompe el agua y ya no vamos a poder usarla<\/em>\u201d, dec\u00eda mi padre.<\/p>\n\n\n\n<p>Tras varios intentos infructuosos para que el gato se metiera en el cubo que le acerc\u00e1bamos soltando la cuerda, mi hermano Manolo dijo que la mejor soluci\u00f3n era meter a un ni\u00f1o, que pesa menos, bien atado para que saque el gato. Pensaron en mi hermano Pepe que era el m\u00e1s peque\u00f1o pero mi madre se neg\u00f3 porque era demasiado peque\u00f1o. Entonces todas las miradas se dirigieron a m\u00ed pregunt\u00e1ndome si me atrev\u00eda a meterme en el pozo. Yo tendr\u00eda 8 \u00f3 9 a\u00f1os y tras unos instantes de duda dije que s\u00ed. Recuerdo c\u00f3mo se aceler\u00f3 mi coraz\u00f3n, pero no pod\u00eda negarme.<\/p>\n\n\n\n<figure class=\"wp-block-image size-large\"><img loading=\"lazy\" decoding=\"async\" width=\"1019\" height=\"1622\" src=\"https:\/\/rafaelartacho.es\/wp-content\/uploads\/2021\/02\/Rafa-con-10-anos.jpg\" alt=\"\" class=\"wp-image-345\" srcset=\"https:\/\/rafaelartacho.es\/wp-content\/uploads\/2021\/02\/Rafa-con-10-anos.jpg 1019w, https:\/\/rafaelartacho.es\/wp-content\/uploads\/2021\/02\/Rafa-con-10-anos-188x300.jpg 188w, https:\/\/rafaelartacho.es\/wp-content\/uploads\/2021\/02\/Rafa-con-10-anos-643x1024.jpg 643w, https:\/\/rafaelartacho.es\/wp-content\/uploads\/2021\/02\/Rafa-con-10-anos-768x1222.jpg 768w, https:\/\/rafaelartacho.es\/wp-content\/uploads\/2021\/02\/Rafa-con-10-anos-965x1536.jpg 965w\" sizes=\"auto, (max-width: 709px) 85vw, (max-width: 909px) 67vw, (max-width: 1362px) 62vw, 840px\" \/><figcaption>En esta foto de la comuni\u00f3n de mi hermano Pepe yo ten\u00eda 10 a\u00f1os. <\/figcaption><\/figure>\n\n\n\n<p>Me qued\u00e9 descalzo y en ba\u00f1ador, ataron una cuerda gruesa a mi cuerpo y poco a poco me fueron bajando hasta el fondo del pozo. Yo confiaba en mi padre y en mi hermano Manolo que eran los que sujetaban la cuerda, ayudados tambi\u00e9n por otros vecinos. Estaba muy oscuro y s\u00f3lo cuando ya estaba cerca del agua vi al gato que se hab\u00eda resguardado en una hendidura de la pared, ligeramente por encima del nivel del agua. Lo tom\u00e9, lo apoy\u00e9 sobre mi hombro y grit\u00e9 para que nos subieran a los dos. Cuando vi la luz, sal\u00ed del pozo &nbsp;y escuch\u00e9 los aplausos de los congregados, sonre\u00ed satisfecho y <strong>APRENDI<\/strong> que vencer el miedo tiene su recompensa. Ni siquiera repar\u00e9 en los ara\u00f1azos que el gato hab\u00eda hecho sobre mi hombro desnudo.<\/p>\n\n\n\n<figure class=\"wp-block-embed is-type-video is-provider-youtube wp-block-embed-youtube wp-embed-aspect-16-9 wp-has-aspect-ratio\"><div class=\"wp-block-embed__wrapper\">\n<iframe loading=\"lazy\" title=\"Im\u00e1genes del rescate de un perro ca\u00eddo a un pozo de Fuencarral\" width=\"840\" height=\"473\" src=\"https:\/\/www.youtube.com\/embed\/-C8725CdkCg?feature=oembed\" frameborder=\"0\" allow=\"accelerometer; autoplay; clipboard-write; encrypted-media; gyroscope; picture-in-picture\" allowfullscreen><\/iframe>\n<\/div><figcaption>Los bomberos rescatando a un perro que hab\u00eda ca\u00eddo a un pozo<\/figcaption><\/figure>\n\n\n\n<p>Cuando el otro d\u00eda vi en televisi\u00f3n que los bomberos hab\u00edan rescatado a un perro que hab\u00eda ca\u00eddo a un pozo y me fij\u00e9 en la cantidad de personas que participaron, su uniforme, el casco, la gr\u00faa y las herramientas que emplearon para el rescate, pens\u00e9 que nosotros hicimos lo mismo con muchos menos medios.<\/p>\n\n\n\n<p>Y a eso me refiero cuando digo que por una vez, YO TAMBIEN FUI BOMBERO.<\/p>\n","protected":false},"excerpt":{"rendered":"<p>Hace unos d\u00edas visit\u00e9 el Museo de San Isidro en Madrid. Es una visita interesante que recomiendo, pues se aprende mucho sobre los or\u00edgenes de Madrid. Est\u00e1 ubicado en la que, seg\u00fan la tradici\u00f3n, fue la casa donde San Isidro vivi\u00f3 y muri\u00f3 y la apertura del Museo ha permitido recuperar la costumbre de la &hellip; <a href=\"https:\/\/rafaelartacho.es\/index.php\/2021\/02\/22\/yo-tambien-fui-bombero\/\" class=\"more-link\">Continuar leyendo<span class=\"screen-reader-text\"> \u00abYO TAMBIEN FUI BOMBERO\u00bb<\/span><\/a><\/p>\n","protected":false},"author":1,"featured_media":0,"comment_status":"open","ping_status":"open","sticky":false,"template":"","format":"standard","meta":{"footnotes":""},"categories":[2],"tags":[7,11,14,17,18],"class_list":["post-342","post","type-post","status-publish","format-standard","hentry","category-category0","tag-bombero","tag-manolo","tag-milagro-pozo","tag-padre-pepe","tag-san-isidro"],"_links":{"self":[{"href":"https:\/\/rafaelartacho.es\/index.php\/wp-json\/wp\/v2\/posts\/342","targetHints":{"allow":["GET"]}}],"collection":[{"href":"https:\/\/rafaelartacho.es\/index.php\/wp-json\/wp\/v2\/posts"}],"about":[{"href":"https:\/\/rafaelartacho.es\/index.php\/wp-json\/wp\/v2\/types\/post"}],"author":[{"embeddable":true,"href":"https:\/\/rafaelartacho.es\/index.php\/wp-json\/wp\/v2\/users\/1"}],"replies":[{"embeddable":true,"href":"https:\/\/rafaelartacho.es\/index.php\/wp-json\/wp\/v2\/comments?post=342"}],"version-history":[{"count":0,"href":"https:\/\/rafaelartacho.es\/index.php\/wp-json\/wp\/v2\/posts\/342\/revisions"}],"wp:attachment":[{"href":"https:\/\/rafaelartacho.es\/index.php\/wp-json\/wp\/v2\/media?parent=342"}],"wp:term":[{"taxonomy":"category","embeddable":true,"href":"https:\/\/rafaelartacho.es\/index.php\/wp-json\/wp\/v2\/categories?post=342"},{"taxonomy":"post_tag","embeddable":true,"href":"https:\/\/rafaelartacho.es\/index.php\/wp-json\/wp\/v2\/tags?post=342"}],"curies":[{"name":"wp","href":"https:\/\/api.w.org\/{rel}","templated":true}]}}