{"id":272,"date":"2021-02-08T23:04:33","date_gmt":"2021-02-08T22:04:33","guid":{"rendered":"https:\/\/aprendizdetodo.rafaelartacho.es\/?p=272"},"modified":"2021-02-08T23:04:33","modified_gmt":"2021-02-08T22:04:33","slug":"artacho-y-adjuntos","status":"publish","type":"post","link":"https:\/\/rafaelartacho.es\/index.php\/2021\/02\/08\/artacho-y-adjuntos\/","title":{"rendered":"ARTACHO Y ADJUNTOS"},"content":{"rendered":"\n<figure class=\"wp-block-image size-large\"><img loading=\"lazy\" decoding=\"async\" width=\"659\" height=\"489\" src=\"https:\/\/rafaelartacho.es\/wp-content\/uploads\/2021\/02\/Significado-de-Artacho.jpg\" alt=\"\" class=\"wp-image-273\" srcset=\"https:\/\/rafaelartacho.es\/wp-content\/uploads\/2021\/02\/Significado-de-Artacho.jpg 659w, https:\/\/rafaelartacho.es\/wp-content\/uploads\/2021\/02\/Significado-de-Artacho-300x223.jpg 300w\" sizes=\"auto, (max-width: 709px) 85vw, (max-width: 909px) 67vw, (max-width: 984px) 61vw, (max-width: 1362px) 45vw, 600px\" \/><figcaption>Imagen obtenida en <a href=\"https:\/\/www.misapellidos.com\/significado-de-artacho-52305.html\" target=\"_blank\" rel=\"noreferrer noopener\">www.misapellidos.com<\/a><\/figcaption><\/figure>\n\n\n\n<p>A los Artacho nos gusta nuestro apellido. Suena bien, no es frecuente, y nos hace sentir diferentes. Es m\u00e1s f\u00e1cil que nos recuerden y \u201c<em>seg\u00fan concluye un estudio realizado por cient\u00edficos de las Universidades de Alicante, Murcia y la Carlos III de Madrid, las personas con apellidos poco comunes tienen m\u00e1s posibilidades de tener \u00e9xito social que las que tienen nombres de familia usuales\u201d.<\/em><\/p>\n\n\n\n<p>Y eso que a veces nos encontramos en situaciones inc\u00f3modas, como cuando nos cambian el apellido en comercios, agencias o al realizar tr\u00e1mites de cualquier tipo. Yo me he encontrado en albaranes, facturas y hasta en alg\u00fan documento oficial Altacho, Artucho, Arteche, Arpacho y un sinf\u00edn de palabras m\u00e1s que ser\u00eda largo enumerar. Por m\u00e1s intentos que hago de deletrear bien el apellido, sobre todo por tel\u00e9fono, en muchas ocasiones me encuentro con el apellido alterado.<\/p>\n\n\n\n<figure class=\"wp-block-image size-large\"><img loading=\"lazy\" decoding=\"async\" width=\"612\" height=\"816\" src=\"https:\/\/rafaelartacho.es\/wp-content\/uploads\/2021\/02\/fotos-movil-a-marzo-2014-338.jpg\" alt=\"\" class=\"wp-image-285\" srcset=\"https:\/\/rafaelartacho.es\/wp-content\/uploads\/2021\/02\/fotos-movil-a-marzo-2014-338.jpg 612w, https:\/\/rafaelartacho.es\/wp-content\/uploads\/2021\/02\/fotos-movil-a-marzo-2014-338-225x300.jpg 225w\" sizes=\"auto, (max-width: 709px) 85vw, (max-width: 909px) 67vw, (max-width: 984px) 61vw, (max-width: 1362px) 45vw, 600px\" \/><\/figure>\n\n\n\n<p>Tambi\u00e9n es frecuente que te pidan explicaciones sobre su origen y en mi caso como soy Artacho Artacho algunas personas me comentan \u201c<strong><em>qu\u00e9 casualidad, un apellido tan raro y encima repetido<\/em><\/strong>\u201d y se quedan mirando esperando una explicaci\u00f3n. Yo les sonr\u00edo con mi mejor falsa sonrisa y les digo <strong><em>\u201cya ve<\/em><\/strong>\u201d.<\/p>\n\n\n\n<p>Claro que si me preguntan si se escribe con hache o sin hache, vuelvo a sonre\u00edr y les contesto: \u201c<strong><em>con hache porque si no, ser\u00eda ARTACO<\/em><\/strong>\u201d.<\/p>\n\n\n\n<p>El mejor exponente de lo orgullosos que nos sentimos de nuestro apellido es sin duda el primo Pepe de la T\u00eda Vitoria de Gerona. Todav\u00eda recuerdo con simpat\u00eda la \u00faltima vez que nos vimos, que no se cansaba de repetir \u00a1\u00a1\u00a1Artachos, bien!!!,&nbsp; \u00a1\u00a1\u00a1Artachos, bien!!!, \u00a1\u00a1\u00a1Artachos, bien!!!.<\/p>\n\n\n\n<figure class=\"wp-block-image size-large\"><img loading=\"lazy\" decoding=\"async\" width=\"733\" height=\"960\" src=\"https:\/\/rafaelartacho.es\/wp-content\/uploads\/2021\/02\/primo-Pepe.jpg\" alt=\"\" class=\"wp-image-276\" srcset=\"https:\/\/rafaelartacho.es\/wp-content\/uploads\/2021\/02\/primo-Pepe.jpg 733w, https:\/\/rafaelartacho.es\/wp-content\/uploads\/2021\/02\/primo-Pepe-229x300.jpg 229w\" sizes=\"auto, (max-width: 709px) 85vw, (max-width: 909px) 67vw, (max-width: 984px) 61vw, (max-width: 1362px) 45vw, 600px\" \/><\/figure>\n\n\n\n<p>En un viaje a Munich para celebrar el 60 cumplea\u00f1os de mi hermano Pepe, nos juntamos un nutrido grupo de Artacho, acompa\u00f1ados de sus parejas. All\u00ed escuch\u00e9 en varias ocasiones como Domingo, el marido de mi sobrina Irene, acu\u00f1o la palabra ADJUNTOS, cuando quer\u00eda referirse a los que no eran Artacho.<\/p>\n\n\n\n<p>A veces cuando se creaban corrillos en el que los hermanos cont\u00e1bamos nuestras batallitas y los que no eran Artacho corr\u00edan el riesgo de bostezar, Domingo, con el buen humor que le caracteriza dec\u00eda: \u201c<strong><em>Los Adjuntos que se vengan para ac\u00e1\u201d, <\/em><\/strong>y formaban un nuevo corrillo, sin duda m\u00e1s divertido para ellos.<\/p>\n\n\n\n<figure class=\"wp-block-image size-large\"><img loading=\"lazy\" decoding=\"async\" width=\"1903\" height=\"2560\" src=\"https:\/\/rafaelartacho.es\/wp-content\/uploads\/2021\/02\/IRENE-Y-DOMINGO-scaled-1.jpg\" alt=\"\" class=\"wp-image-277\" srcset=\"https:\/\/rafaelartacho.es\/wp-content\/uploads\/2021\/02\/IRENE-Y-DOMINGO-scaled-1.jpg 1903w, https:\/\/rafaelartacho.es\/wp-content\/uploads\/2021\/02\/IRENE-Y-DOMINGO-scaled-1-223x300.jpg 223w, https:\/\/rafaelartacho.es\/wp-content\/uploads\/2021\/02\/IRENE-Y-DOMINGO-scaled-1-761x1024.jpg 761w, https:\/\/rafaelartacho.es\/wp-content\/uploads\/2021\/02\/IRENE-Y-DOMINGO-scaled-1-768x1033.jpg 768w, https:\/\/rafaelartacho.es\/wp-content\/uploads\/2021\/02\/IRENE-Y-DOMINGO-scaled-1-1142x1536.jpg 1142w, https:\/\/rafaelartacho.es\/wp-content\/uploads\/2021\/02\/IRENE-Y-DOMINGO-scaled-1-1522x2048.jpg 1522w\" sizes=\"auto, (max-width: 709px) 85vw, (max-width: 909px) 67vw, (max-width: 1362px) 62vw, 840px\" \/><\/figure>\n\n\n\n<p>Pero no quiero que este sentimiento de aprecio a nuestro apellido se pueda malinterpretar y que alguien pueda pensar que nos consideramos mejores.<\/p>\n\n\n\n<p>Por eso hoy quiero destacar a esas personas que acompa\u00f1an a los ARTACHO. Son mujeres y hombres que en la mayor\u00eda de los casos han sabido complementar con sus parejas. Que han apreciado las capacidades de los ARTACHO, pero tambi\u00e9n han aceptado nuestras carencias. Son personas que cuando es necesario hablan por nosotros favoreciendo la comunicaci\u00f3n, que preguntan cuando no preguntamos, que nos comprenden, que est\u00e1n pendientes de aquello que se nos olvida, que alegran nuestras fiestas y reuniones, en definitiva que los ARTACHO ser\u00edamos peores personas sin ellas.<\/p>\n\n\n\n<p>Es por lo que termino este escrito diciendo: <strong>VIVAN LOS ADJUNTOS<\/strong><\/p>\n","protected":false},"excerpt":{"rendered":"<p>A los Artacho nos gusta nuestro apellido. Suena bien, no es frecuente, y nos hace sentir diferentes. Es m\u00e1s f\u00e1cil que nos recuerden y \u201cseg\u00fan concluye un estudio realizado por cient\u00edficos de las Universidades de Alicante, Murcia y la Carlos III de Madrid, las personas con apellidos poco comunes tienen m\u00e1s posibilidades de tener \u00e9xito &hellip; <a href=\"https:\/\/rafaelartacho.es\/index.php\/2021\/02\/08\/artacho-y-adjuntos\/\" class=\"more-link\">Continuar leyendo<span class=\"screen-reader-text\"> \u00abARTACHO Y ADJUNTOS\u00bb<\/span><\/a><\/p>\n","protected":false},"author":1,"featured_media":0,"comment_status":"open","ping_status":"open","sticky":false,"template":"","format":"standard","meta":{"footnotes":""},"categories":[2],"tags":[],"class_list":["post-272","post","type-post","status-publish","format-standard","hentry","category-category0"],"_links":{"self":[{"href":"https:\/\/rafaelartacho.es\/index.php\/wp-json\/wp\/v2\/posts\/272","targetHints":{"allow":["GET"]}}],"collection":[{"href":"https:\/\/rafaelartacho.es\/index.php\/wp-json\/wp\/v2\/posts"}],"about":[{"href":"https:\/\/rafaelartacho.es\/index.php\/wp-json\/wp\/v2\/types\/post"}],"author":[{"embeddable":true,"href":"https:\/\/rafaelartacho.es\/index.php\/wp-json\/wp\/v2\/users\/1"}],"replies":[{"embeddable":true,"href":"https:\/\/rafaelartacho.es\/index.php\/wp-json\/wp\/v2\/comments?post=272"}],"version-history":[{"count":0,"href":"https:\/\/rafaelartacho.es\/index.php\/wp-json\/wp\/v2\/posts\/272\/revisions"}],"wp:attachment":[{"href":"https:\/\/rafaelartacho.es\/index.php\/wp-json\/wp\/v2\/media?parent=272"}],"wp:term":[{"taxonomy":"category","embeddable":true,"href":"https:\/\/rafaelartacho.es\/index.php\/wp-json\/wp\/v2\/categories?post=272"},{"taxonomy":"post_tag","embeddable":true,"href":"https:\/\/rafaelartacho.es\/index.php\/wp-json\/wp\/v2\/tags?post=272"}],"curies":[{"name":"wp","href":"https:\/\/api.w.org\/{rel}","templated":true}]}}