{"id":259,"date":"2021-02-05T00:29:12","date_gmt":"2021-02-04T23:29:12","guid":{"rendered":"https:\/\/aprendizdetodo.rafaelartacho.es\/?p=259"},"modified":"2021-02-05T00:29:12","modified_gmt":"2021-02-04T23:29:12","slug":"cuatro-bodas-de-un-funeral","status":"publish","type":"post","link":"https:\/\/rafaelartacho.es\/index.php\/2021\/02\/05\/cuatro-bodas-de-un-funeral\/","title":{"rendered":"CUATRO BODAS DE UN FUNERAL"},"content":{"rendered":"\n<figure class=\"wp-block-image size-large\"><img loading=\"lazy\" decoding=\"async\" width=\"960\" height=\"720\" src=\"https:\/\/rafaelartacho.es\/wp-content\/uploads\/2021\/02\/HERMANOS.jpg\" alt=\"\" class=\"wp-image-260\" srcset=\"https:\/\/rafaelartacho.es\/wp-content\/uploads\/2021\/02\/HERMANOS.jpg 960w, https:\/\/rafaelartacho.es\/wp-content\/uploads\/2021\/02\/HERMANOS-300x225.jpg 300w, https:\/\/rafaelartacho.es\/wp-content\/uploads\/2021\/02\/HERMANOS-768x576.jpg 768w\" sizes=\"auto, (max-width: 709px) 85vw, (max-width: 909px) 67vw, (max-width: 1362px) 62vw, 840px\" \/><\/figure>\n\n\n\n<p>Mi madre falleci\u00f3 en 2010 y mi padre en 2012. Tras el fallecimiento de mi padre algunos pens\u00e1bamos que, al desaparecer el nexo que nos un\u00eda a todos, podr\u00eda llegar a enfriarse la relaci\u00f3n familiar, sobre todo entre los que viv\u00edamos m\u00e1s alejados. &nbsp;<\/p>\n\n\n\n<p>Adem\u00e1s no ve\u00edamos en el horizonte pr\u00f3ximo ning\u00fan acontecimiento extraordinario como una boda o similar que pudiera volver a reunirnos a todos juntos. La \u00faltima boda hab\u00eda sido la de Susana en 2002 y de eso ya hac\u00eda diez a\u00f1os. Los candidatos que la segu\u00edan no mostraban ning\u00fan inter\u00e9s por dar ese paso y cada vez que se les preguntaba dec\u00edan: \u00bfeh?, \u00a1uf!<\/p>\n\n\n\n<figure class=\"wp-block-image size-large\"><img loading=\"lazy\" decoding=\"async\" width=\"960\" height=\"540\" src=\"https:\/\/rafaelartacho.es\/wp-content\/uploads\/2021\/02\/BODA-MARI-PAZ.jpg\" alt=\"\" class=\"wp-image-261\" srcset=\"https:\/\/rafaelartacho.es\/wp-content\/uploads\/2021\/02\/BODA-MARI-PAZ.jpg 960w, https:\/\/rafaelartacho.es\/wp-content\/uploads\/2021\/02\/BODA-MARI-PAZ-300x169.jpg 300w, https:\/\/rafaelartacho.es\/wp-content\/uploads\/2021\/02\/BODA-MARI-PAZ-768x432.jpg 768w\" sizes=\"auto, (max-width: 709px) 85vw, (max-width: 909px) 67vw, (max-width: 1362px) 62vw, 840px\" \/><\/figure>\n\n\n\n<p>Por eso durante los tr\u00e1mites legales para el reparto de la herencia, todos los hermanos acordamos reservar&nbsp; un dinero para juntarnos todos los miembros de la familia (hijos, nietos, biznietos y adjuntos),&nbsp; compartiendo una comida. Est\u00e1bamos seguros que los abuelos lo hubieran aprobado y estar\u00edan felices, &nbsp;pues siempre disfrutaban mucho cuando nos reun\u00edamos todos.<\/p>\n\n\n\n<p>La comida se celebr\u00f3 y a ella asistieron casi todos los invitados. (Creo recordar que s\u00f3lo falt\u00f3 Domingo, el novio de Irene que se encontraba trabajando fuera de Espa\u00f1a). Si no he errado en la cuenta asistimos 33 personas y la comida transcurri\u00f3 en un ambiente alegre y festivo. A los postres hicimos un brindis y una breve alocuci\u00f3n recordando a los abuelos fallecidos y la emoci\u00f3n puso un nudo en la garganta de algunos.<\/p>\n\n\n\n<figure class=\"wp-block-image size-large\"><img loading=\"lazy\" decoding=\"async\" width=\"2144\" height=\"1424\" src=\"https:\/\/rafaelartacho.es\/wp-content\/uploads\/2021\/02\/BODA-VANESA.jpg\" alt=\"\" class=\"wp-image-262\" srcset=\"https:\/\/rafaelartacho.es\/wp-content\/uploads\/2021\/02\/BODA-VANESA.jpg 2144w, https:\/\/rafaelartacho.es\/wp-content\/uploads\/2021\/02\/BODA-VANESA-300x199.jpg 300w, https:\/\/rafaelartacho.es\/wp-content\/uploads\/2021\/02\/BODA-VANESA-1024x680.jpg 1024w, https:\/\/rafaelartacho.es\/wp-content\/uploads\/2021\/02\/BODA-VANESA-768x510.jpg 768w, https:\/\/rafaelartacho.es\/wp-content\/uploads\/2021\/02\/BODA-VANESA-1536x1020.jpg 1536w, https:\/\/rafaelartacho.es\/wp-content\/uploads\/2021\/02\/BODA-VANESA-2048x1360.jpg 2048w\" sizes=\"auto, (max-width: 709px) 85vw, (max-width: 909px) 67vw, (max-width: 1362px) 62vw, 840px\" \/><\/figure>\n\n\n\n<p>Tras el brindis, pidi\u00f3 la palabra mi sobrina Mari Paz y nos anunci\u00f3 de forma solemne pero con una gran sonrisa que al a\u00f1o siguiente se casaba. Aplausos y gritos de j\u00fabilo fue la reacci\u00f3n que provoc\u00f3 dicho anuncio. Por fin una boda en la familia.<\/p>\n\n\n\n<p>A continuaci\u00f3n mi hija Vanesa pidi\u00f3 la palabra y, sin dar tiempo a las se\u00f1oras para que fueran pensando qu\u00e9 traje se iban a poner, anunci\u00f3 que ella tambi\u00e9n se casaba al a\u00f1o siguiente. Nuevamente los aplausos, los gritos de j\u00fabilo y las risas se adue\u00f1aron del local. Si est\u00e1bamos penando por bodas pues ya ten\u00edamos dos.<\/p>\n\n\n\n<figure class=\"wp-block-image size-large\"><img loading=\"lazy\" decoding=\"async\" width=\"1421\" height=\"1220\" src=\"https:\/\/rafaelartacho.es\/wp-content\/uploads\/2021\/02\/BODA-JUAN-CARLOS-2.jpg\" alt=\"\" class=\"wp-image-265\" srcset=\"https:\/\/rafaelartacho.es\/wp-content\/uploads\/2021\/02\/BODA-JUAN-CARLOS-2.jpg 1421w, https:\/\/rafaelartacho.es\/wp-content\/uploads\/2021\/02\/BODA-JUAN-CARLOS-2-300x258.jpg 300w, https:\/\/rafaelartacho.es\/wp-content\/uploads\/2021\/02\/BODA-JUAN-CARLOS-2-1024x879.jpg 1024w, https:\/\/rafaelartacho.es\/wp-content\/uploads\/2021\/02\/BODA-JUAN-CARLOS-2-768x659.jpg 768w\" sizes=\"auto, (max-width: 709px) 85vw, (max-width: 909px) 67vw, (max-width: 1362px) 62vw, 840px\" \/><\/figure>\n\n\n\n<p>Pero aqu\u00ed no acaba la historia, cuando est\u00e1bamos asimilando que se nos presentaba un a\u00f1o \u201cmovidito\u201d con dos bodas a la vista, mi hijo Juan Carlos anuncia que \u00e9l tambi\u00e9n se casaba al a\u00f1o siguiente.&nbsp; Tras la sorpresa inicial otra vez las risas, los aplausos, los parabienes y alguna cara de incredulidad. \u201d<em>Esto ya es demasiado. Si me lo cuentan no me lo creo, tres bodas en el mismo a\u00f1o\u201d, <\/em>se o\u00eda decir.<\/p>\n\n\n\n<p>Es f\u00e1cil imaginarse el ambiente tras estos anuncios, todos en corrillos, hablando y riendo. De repente se oyen gritos de nuevo y voces pidiendo silencio. Entonces mi hermano Manolo anuncia que \u00e9l tambi\u00e9n se casaba el a\u00f1o que viene.<\/p>\n\n\n\n<figure class=\"wp-block-image size-large\"><img loading=\"lazy\" decoding=\"async\" width=\"2560\" height=\"1688\" src=\"https:\/\/rafaelartacho.es\/wp-content\/uploads\/2021\/02\/IMG_2704-2-scaled-1.jpg\" alt=\"\" class=\"wp-image-266\" srcset=\"https:\/\/rafaelartacho.es\/wp-content\/uploads\/2021\/02\/IMG_2704-2-scaled-1.jpg 2560w, https:\/\/rafaelartacho.es\/wp-content\/uploads\/2021\/02\/IMG_2704-2-scaled-1-300x198.jpg 300w, https:\/\/rafaelartacho.es\/wp-content\/uploads\/2021\/02\/IMG_2704-2-scaled-1-1024x675.jpg 1024w, https:\/\/rafaelartacho.es\/wp-content\/uploads\/2021\/02\/IMG_2704-2-scaled-1-768x506.jpg 768w, https:\/\/rafaelartacho.es\/wp-content\/uploads\/2021\/02\/IMG_2704-2-scaled-1-1536x1013.jpg 1536w, https:\/\/rafaelartacho.es\/wp-content\/uploads\/2021\/02\/IMG_2704-2-scaled-1-2048x1350.jpg 2048w\" sizes=\"auto, (max-width: 709px) 85vw, (max-width: 909px) 67vw, (max-width: 1362px) 62vw, 840px\" \/><\/figure>\n\n\n\n<p>Dejo a la imaginaci\u00f3n del lector que se haga una idea de la situaci\u00f3n, pues ya no encuentro palabras para describirla. CUATRO BODAS,&nbsp; CUATRO BODAS, CUATRO BODAS, CUATRO BODAS.<\/p>\n\n\n\n<p>En efecto en 2013 se celebraron las cuatro bodas y pudimos contarlo. Bueno yo lo cuento ahora y todav\u00eda me sonr\u00edo.<\/p>\n","protected":false},"excerpt":{"rendered":"<p>Mi madre falleci\u00f3 en 2010 y mi padre en 2012. Tras el fallecimiento de mi padre algunos pens\u00e1bamos que, al desaparecer el nexo que nos un\u00eda a todos, podr\u00eda llegar a enfriarse la relaci\u00f3n familiar, sobre todo entre los que viv\u00edamos m\u00e1s alejados. &nbsp; Adem\u00e1s no ve\u00edamos en el horizonte pr\u00f3ximo ning\u00fan acontecimiento extraordinario como &hellip; <a href=\"https:\/\/rafaelartacho.es\/index.php\/2021\/02\/05\/cuatro-bodas-de-un-funeral\/\" class=\"more-link\">Continuar leyendo<span class=\"screen-reader-text\"> \u00abCUATRO BODAS DE UN FUNERAL\u00bb<\/span><\/a><\/p>\n","protected":false},"author":1,"featured_media":0,"comment_status":"open","ping_status":"open","sticky":false,"template":"","format":"standard","meta":{"footnotes":""},"categories":[2],"tags":[],"class_list":["post-259","post","type-post","status-publish","format-standard","hentry","category-category0"],"_links":{"self":[{"href":"https:\/\/rafaelartacho.es\/index.php\/wp-json\/wp\/v2\/posts\/259","targetHints":{"allow":["GET"]}}],"collection":[{"href":"https:\/\/rafaelartacho.es\/index.php\/wp-json\/wp\/v2\/posts"}],"about":[{"href":"https:\/\/rafaelartacho.es\/index.php\/wp-json\/wp\/v2\/types\/post"}],"author":[{"embeddable":true,"href":"https:\/\/rafaelartacho.es\/index.php\/wp-json\/wp\/v2\/users\/1"}],"replies":[{"embeddable":true,"href":"https:\/\/rafaelartacho.es\/index.php\/wp-json\/wp\/v2\/comments?post=259"}],"version-history":[{"count":0,"href":"https:\/\/rafaelartacho.es\/index.php\/wp-json\/wp\/v2\/posts\/259\/revisions"}],"wp:attachment":[{"href":"https:\/\/rafaelartacho.es\/index.php\/wp-json\/wp\/v2\/media?parent=259"}],"wp:term":[{"taxonomy":"category","embeddable":true,"href":"https:\/\/rafaelartacho.es\/index.php\/wp-json\/wp\/v2\/categories?post=259"},{"taxonomy":"post_tag","embeddable":true,"href":"https:\/\/rafaelartacho.es\/index.php\/wp-json\/wp\/v2\/tags?post=259"}],"curies":[{"name":"wp","href":"https:\/\/api.w.org\/{rel}","templated":true}]}}