{"id":224,"date":"2021-01-31T01:25:20","date_gmt":"2021-01-31T00:25:20","guid":{"rendered":"https:\/\/aprendizdetodo.rafaelartacho.es\/?p=224"},"modified":"2021-01-31T01:25:20","modified_gmt":"2021-01-31T00:25:20","slug":"mi-hermano-manolo","status":"publish","type":"post","link":"https:\/\/rafaelartacho.es\/index.php\/2021\/01\/31\/mi-hermano-manolo\/","title":{"rendered":"MI HERMANO MANOLO"},"content":{"rendered":"\n<figure class=\"wp-block-gallery columns-2 is-cropped wp-block-gallery-1 is-layout-flex wp-block-gallery-is-layout-flex\"><ul class=\"blocks-gallery-grid\"><li class=\"blocks-gallery-item\"><figure><img loading=\"lazy\" decoding=\"async\" width=\"801\" height=\"1379\" src=\"https:\/\/rafaelartacho.es\/wp-content\/uploads\/2021\/01\/1-Manuel-Artacho-Artacho.jpg\" alt=\"\" data-id=\"225\" data-link=\"https:\/\/aprendizdetodo.rafaelartacho.es\/?attachment_id=225\" class=\"wp-image-225\" srcset=\"https:\/\/rafaelartacho.es\/wp-content\/uploads\/2021\/01\/1-Manuel-Artacho-Artacho.jpg 801w, https:\/\/rafaelartacho.es\/wp-content\/uploads\/2021\/01\/1-Manuel-Artacho-Artacho-174x300.jpg 174w, https:\/\/rafaelartacho.es\/wp-content\/uploads\/2021\/01\/1-Manuel-Artacho-Artacho-595x1024.jpg 595w, https:\/\/rafaelartacho.es\/wp-content\/uploads\/2021\/01\/1-Manuel-Artacho-Artacho-768x1322.jpg 768w\" sizes=\"auto, (max-width: 709px) 85vw, (max-width: 909px) 67vw, (max-width: 984px) 61vw, (max-width: 1362px) 45vw, 600px\" \/><\/figure><\/li><li class=\"blocks-gallery-item\"><figure><img loading=\"lazy\" decoding=\"async\" width=\"763\" height=\"960\" src=\"https:\/\/rafaelartacho.es\/wp-content\/uploads\/2021\/01\/2-423413_266529340094674_1266297647_n.jpg\" alt=\"\" data-id=\"226\" data-link=\"https:\/\/aprendizdetodo.rafaelartacho.es\/?attachment_id=226\" class=\"wp-image-226\" srcset=\"https:\/\/rafaelartacho.es\/wp-content\/uploads\/2021\/01\/2-423413_266529340094674_1266297647_n.jpg 763w, https:\/\/rafaelartacho.es\/wp-content\/uploads\/2021\/01\/2-423413_266529340094674_1266297647_n-238x300.jpg 238w\" sizes=\"auto, (max-width: 709px) 85vw, (max-width: 909px) 67vw, (max-width: 984px) 61vw, (max-width: 1362px) 45vw, 600px\" \/><\/figure><\/li><\/ul><\/figure>\n\n\n\n<p>Naci\u00f3 en Antequera (M\u00e1laga), el 22 de Febrero de 1939, aunque en su DNI aparec\u00eda como fecha de nacimiento el 2 de Marzo. Naci\u00f3 en la casa familiar, como nac\u00edan en aquella \u00e9poca la mayor\u00eda de los ni\u00f1os y tardaron m\u00e1s de la cuenta en inscribirlo en el Registro Civil. Para librarse de la multa le cambiaron su fecha de nacimiento.<\/p>\n\n\n\n<figure class=\"wp-block-gallery columns-1 is-cropped wp-block-gallery-2 is-layout-flex wp-block-gallery-is-layout-flex\"><ul class=\"blocks-gallery-grid\"><li class=\"blocks-gallery-item\"><figure><img loading=\"lazy\" decoding=\"async\" width=\"888\" height=\"666\" src=\"https:\/\/rafaelartacho.es\/wp-content\/uploads\/2021\/01\/3-Manolo-y-la-Carmela.jpg\" alt=\"\" data-id=\"243\" data-full-url=\"https:\/\/rafaelartacho.es\/wp-content\/uploads\/2021\/01\/3-Manolo-y-la-Carmela.jpg\" data-link=\"https:\/\/aprendizdetodo.rafaelartacho.es\/archivos\/224\/3-manolo-y-la-carmela\" class=\"wp-image-243\" srcset=\"https:\/\/rafaelartacho.es\/wp-content\/uploads\/2021\/01\/3-Manolo-y-la-Carmela.jpg 888w, https:\/\/rafaelartacho.es\/wp-content\/uploads\/2021\/01\/3-Manolo-y-la-Carmela-300x225.jpg 300w, https:\/\/rafaelartacho.es\/wp-content\/uploads\/2021\/01\/3-Manolo-y-la-Carmela-768x576.jpg 768w\" sizes=\"auto, (max-width: 709px) 85vw, (max-width: 909px) 67vw, (max-width: 1362px) 62vw, 840px\" \/><\/figure><\/li><\/ul><\/figure>\n\n\n\n<p>Su infancia y adolescencia fue muy dura. Como se suele decir, si duras son las guerras m\u00e1s duras son las posguerras. Adem\u00e1s fue el primer hijo y en aquellos a\u00f1os a los padres noveles se les dec\u00eda que a los ni\u00f1os hab\u00eda que criarlos con el pan en una mano y la vara en la otra.<\/p>\n\n\n\n<p>Mi hermana Mari todav\u00eda recuerda los golpes que le daban por hacer las travesuras propias de la ni\u00f1ez. Con 10 a\u00f1os el padre se lo llev\u00f3 al cortijo para que echara una mano, pues faltaba demasiadas veces al colegio y eso no pod\u00eda ser. All\u00ed aprendi\u00f3 a leer y a escribir de la mano de un cortijero de Mollina que sent\u00eda compasi\u00f3n por \u00e9l.<\/p>\n\n\n\n<p>La gran diferencia de edad con sus hermanos menores varones le impidi\u00f3 compartir con nosotros vivencias y aficiones. Le ve\u00edamos como un segundo padre y en algunas \u00a0ocasiones pretendi\u00f3 ejercer ese rol.<\/p>\n\n\n\n<figure class=\"wp-block-gallery columns-1 is-cropped wp-block-gallery-3 is-layout-flex wp-block-gallery-is-layout-flex\"><ul class=\"blocks-gallery-grid\"><li class=\"blocks-gallery-item\"><figure><img loading=\"lazy\" decoding=\"async\" width=\"2076\" height=\"1344\" src=\"https:\/\/rafaelartacho.es\/wp-content\/uploads\/2021\/01\/4-boda-manolo.jpg\" alt=\"\" data-id=\"247\" data-full-url=\"https:\/\/rafaelartacho.es\/wp-content\/uploads\/2021\/01\/4-boda-manolo.jpg\" data-link=\"https:\/\/aprendizdetodo.rafaelartacho.es\/archivos\/224\/4-boda-manolo\" class=\"wp-image-247\" srcset=\"https:\/\/rafaelartacho.es\/wp-content\/uploads\/2021\/01\/4-boda-manolo.jpg 2076w, https:\/\/rafaelartacho.es\/wp-content\/uploads\/2021\/01\/4-boda-manolo-300x194.jpg 300w, https:\/\/rafaelartacho.es\/wp-content\/uploads\/2021\/01\/4-boda-manolo-1024x663.jpg 1024w, https:\/\/rafaelartacho.es\/wp-content\/uploads\/2021\/01\/4-boda-manolo-768x497.jpg 768w, https:\/\/rafaelartacho.es\/wp-content\/uploads\/2021\/01\/4-boda-manolo-1536x994.jpg 1536w, https:\/\/rafaelartacho.es\/wp-content\/uploads\/2021\/01\/4-boda-manolo-2048x1326.jpg 2048w\" sizes=\"auto, (max-width: 709px) 85vw, (max-width: 909px) 67vw, (max-width: 1362px) 62vw, 840px\" \/><\/figure><\/li><\/ul><\/figure>\n\n\n\n<p>Cuando se enter\u00f3 que iba a nacer Carlos, el benjam\u00edn de la familia, se llev\u00f3 un gran disgusto porque sent\u00eda verg\u00fcenza. Su novia Antonia, la que ser\u00eda su mujer, &nbsp;contaba que le dio la noticia en estos t\u00e9rminos:<\/p>\n\n\n\n<p>&nbsp;\u2014Tengo que darte una terrible noticia de mis padres\u2014dijo en tono apesadumbrado.<\/p>\n\n\n\n<p>\u2014 Mi madre est\u00e1 embarazada\u2014 a\u00f1adi\u00f3 tras una pausa<\/p>\n\n\n\n<p>\u2014\u00bfY cu\u00e1l es el problema?\u00bfAcaso no es de tu padre?\u2014le respondi\u00f3 ella<\/p>\n\n\n\n<p>\u2014Pues claro que es de mi padre. \u00bfPero t\u00fa ves normal que con la edad que tiene mi madre se haya quedado embarazada?<\/p>\n\n\n\n<p>\u2014Pues tener hijos en el matrimonio yo lo veo normal\u2014le contest\u00f3, zanjando la conversaci\u00f3n.<\/p>\n\n\n\n<p>Corr\u00eda 1963, mi madre ten\u00eda entonces 45 a\u00f1os y mi hermano 24. La educaci\u00f3n sexual que hab\u00eda recibido hasta entonces era nula y todo lo relacionado con el sexo era pecaminoso.<\/p>\n\n\n\n<figure class=\"wp-block-gallery columns-2 is-cropped wp-block-gallery-4 is-layout-flex wp-block-gallery-is-layout-flex\"><ul class=\"blocks-gallery-grid\"><li class=\"blocks-gallery-item\"><figure><img loading=\"lazy\" decoding=\"async\" width=\"612\" height=\"816\" src=\"https:\/\/rafaelartacho.es\/wp-content\/uploads\/2021\/01\/5-fotos-movil-a-marzo-2014-449.jpg\" alt=\"\" data-id=\"230\" data-link=\"https:\/\/aprendizdetodo.rafaelartacho.es\/?attachment_id=230\" class=\"wp-image-230\" srcset=\"https:\/\/rafaelartacho.es\/wp-content\/uploads\/2021\/01\/5-fotos-movil-a-marzo-2014-449.jpg 612w, https:\/\/rafaelartacho.es\/wp-content\/uploads\/2021\/01\/5-fotos-movil-a-marzo-2014-449-225x300.jpg 225w\" sizes=\"auto, (max-width: 709px) 85vw, (max-width: 909px) 67vw, (max-width: 984px) 61vw, (max-width: 1362px) 45vw, 600px\" \/><\/figure><\/li><li class=\"blocks-gallery-item\"><figure><img loading=\"lazy\" decoding=\"async\" width=\"510\" height=\"768\" src=\"https:\/\/rafaelartacho.es\/wp-content\/uploads\/2021\/01\/6-DSC03719.jpg\" alt=\"\" data-id=\"231\" data-full-url=\"https:\/\/rafaelartacho.es\/wp-content\/uploads\/2021\/01\/6-DSC03719.jpg\" data-link=\"https:\/\/aprendizdetodo.rafaelartacho.es\/?attachment_id=231\" class=\"wp-image-231\" srcset=\"https:\/\/rafaelartacho.es\/wp-content\/uploads\/2021\/01\/6-DSC03719.jpg 510w, https:\/\/rafaelartacho.es\/wp-content\/uploads\/2021\/01\/6-DSC03719-199x300.jpg 199w\" sizes=\"auto, (max-width: 510px) 85vw, 510px\" \/><\/figure><\/li><\/ul><\/figure>\n\n\n\n<p>Cuando pienso en \u00e9l veo a un hombre luchador y sufridor. Luch\u00f3 para superarse en la vida y conseguir lo mejor para que no les faltara nada a su mujer y sus hijos. Y lo logr\u00f3.<\/p>\n\n\n\n<p>Pero tambi\u00e9n sufri\u00f3 mucho. Se sent\u00eda menos querido por sus padres y hermanos y ese sentimiento le alejaba de los hermanos. Su mujer estaba delicada de salud y con demasiada frecuencia deb\u00edan acudir a m\u00e9dicos y hospitales. <\/p>\n\n\n\n<p>Cuando se jubil\u00f3 se le ve\u00eda feliz, dedicaba parte del tiempo a sus aficiones y nos ense\u00f1aba con orgullo sus creaciones de marqueter\u00eda. Fue un magn\u00edfico abuelo y sus nietos le adoraban. <\/p>\n\n\n\n<figure class=\"wp-block-gallery columns-1 is-cropped wp-block-gallery-5 is-layout-flex wp-block-gallery-is-layout-flex\"><ul class=\"blocks-gallery-grid\"><li class=\"blocks-gallery-item\"><figure><img loading=\"lazy\" decoding=\"async\" width=\"2560\" height=\"1707\" src=\"https:\/\/rafaelartacho.es\/wp-content\/uploads\/2021\/01\/9-IMG_2659-scaled-1.jpg\" alt=\"\" data-id=\"244\" data-full-url=\"https:\/\/rafaelartacho.es\/wp-content\/uploads\/2021\/01\/9-IMG_2659-scaled-1.jpg\" data-link=\"https:\/\/aprendizdetodo.rafaelartacho.es\/archivos\/224\/9-img_2659\" class=\"wp-image-244\" srcset=\"https:\/\/rafaelartacho.es\/wp-content\/uploads\/2021\/01\/9-IMG_2659-scaled-1.jpg 2560w, https:\/\/rafaelartacho.es\/wp-content\/uploads\/2021\/01\/9-IMG_2659-scaled-1-300x200.jpg 300w, https:\/\/rafaelartacho.es\/wp-content\/uploads\/2021\/01\/9-IMG_2659-scaled-1-1024x683.jpg 1024w, https:\/\/rafaelartacho.es\/wp-content\/uploads\/2021\/01\/9-IMG_2659-scaled-1-768x512.jpg 768w, https:\/\/rafaelartacho.es\/wp-content\/uploads\/2021\/01\/9-IMG_2659-scaled-1-1536x1024.jpg 1536w, https:\/\/rafaelartacho.es\/wp-content\/uploads\/2021\/01\/9-IMG_2659-scaled-1-2048x1366.jpg 2048w\" sizes=\"auto, (max-width: 709px) 85vw, (max-width: 909px) 67vw, (max-width: 1362px) 62vw, 840px\" \/><\/figure><\/li><\/ul><\/figure>\n\n\n\n<p>Pero la vida fue cruel con \u00e9l. Cuando enviud\u00f3 lleg\u00f3 el c\u00e1ncer. Y sigui\u00f3 luchando. \u201cNo voy a permitir que me lleve sin luchar\u201d, me dec\u00eda. Y as\u00ed estuvo 5 a\u00f1os. Luchando y sufriendo hasta el \u00faltimo minuto. Menos mal que tuvo a su lado a Agueda , una mujer valiente que fue su sost\u00e9n en esos duros a\u00f1os. \u201c<em>Sin ella no hubiera aguantado tanto<\/em>\u201d nos dec\u00eda a los hermanos.<\/p>\n\n\n\n<p>Hace seis a\u00f1os que se fue y sirvan estas l\u00edneas para recordarle con cari\u00f1o.<\/p>\n\n\n\n<p>P.D. El pasado 5 de Diciembre de 2020 falleci\u00f3 Agueda, la que fue su compa\u00f1era durante los cinco \u00faltimos a\u00f1os de su vida. Descanse en paz.<\/p>\n","protected":false},"excerpt":{"rendered":"<p>Naci\u00f3 en Antequera (M\u00e1laga), el 22 de Febrero de 1939, aunque en su DNI aparec\u00eda como fecha de nacimiento el 2 de Marzo. Naci\u00f3 en la casa familiar, como nac\u00edan en aquella \u00e9poca la mayor\u00eda de los ni\u00f1os y tardaron m\u00e1s de la cuenta en inscribirlo en el Registro Civil. Para librarse de la multa &hellip; <a href=\"https:\/\/rafaelartacho.es\/index.php\/2021\/01\/31\/mi-hermano-manolo\/\" class=\"more-link\">Continuar leyendo<span class=\"screen-reader-text\"> \u00abMI HERMANO MANOLO\u00bb<\/span><\/a><\/p>\n","protected":false},"author":1,"featured_media":0,"comment_status":"open","ping_status":"open","sticky":false,"template":"","format":"standard","meta":{"footnotes":""},"categories":[2],"tags":[],"class_list":["post-224","post","type-post","status-publish","format-standard","hentry","category-category0"],"_links":{"self":[{"href":"https:\/\/rafaelartacho.es\/index.php\/wp-json\/wp\/v2\/posts\/224","targetHints":{"allow":["GET"]}}],"collection":[{"href":"https:\/\/rafaelartacho.es\/index.php\/wp-json\/wp\/v2\/posts"}],"about":[{"href":"https:\/\/rafaelartacho.es\/index.php\/wp-json\/wp\/v2\/types\/post"}],"author":[{"embeddable":true,"href":"https:\/\/rafaelartacho.es\/index.php\/wp-json\/wp\/v2\/users\/1"}],"replies":[{"embeddable":true,"href":"https:\/\/rafaelartacho.es\/index.php\/wp-json\/wp\/v2\/comments?post=224"}],"version-history":[{"count":0,"href":"https:\/\/rafaelartacho.es\/index.php\/wp-json\/wp\/v2\/posts\/224\/revisions"}],"wp:attachment":[{"href":"https:\/\/rafaelartacho.es\/index.php\/wp-json\/wp\/v2\/media?parent=224"}],"wp:term":[{"taxonomy":"category","embeddable":true,"href":"https:\/\/rafaelartacho.es\/index.php\/wp-json\/wp\/v2\/categories?post=224"},{"taxonomy":"post_tag","embeddable":true,"href":"https:\/\/rafaelartacho.es\/index.php\/wp-json\/wp\/v2\/tags?post=224"}],"curies":[{"name":"wp","href":"https:\/\/api.w.org\/{rel}","templated":true}]}}