{"id":199,"date":"2021-01-29T16:35:39","date_gmt":"2021-01-29T16:35:39","guid":{"rendered":"https:\/\/aprendizdetodo.rafaelartacho.es\/?p=199"},"modified":"2023-02-10T00:15:44","modified_gmt":"2023-02-10T00:15:44","slug":"como-cambian-los-tiempos","status":"publish","type":"post","link":"https:\/\/rafaelartacho.es\/index.php\/2021\/01\/29\/como-cambian-los-tiempos\/","title":{"rendered":"COMO CAMBIAN LOS TIEMPOS"},"content":{"rendered":"\n<figure class=\"wp-block-image size-large\"><img loading=\"lazy\" decoding=\"async\" width=\"1459\" height=\"1017\" src=\"https:\/\/rafaelartacho.es\/wp-content\/uploads\/2021\/01\/Familia-en-casa-baja.jpg\" alt=\"\" class=\"wp-image-200\" srcset=\"https:\/\/rafaelartacho.es\/wp-content\/uploads\/2021\/01\/Familia-en-casa-baja.jpg 1459w, https:\/\/rafaelartacho.es\/wp-content\/uploads\/2021\/01\/Familia-en-casa-baja-300x209.jpg 300w, https:\/\/rafaelartacho.es\/wp-content\/uploads\/2021\/01\/Familia-en-casa-baja-1024x714.jpg 1024w, https:\/\/rafaelartacho.es\/wp-content\/uploads\/2021\/01\/Familia-en-casa-baja-768x535.jpg 768w\" sizes=\"auto, (max-width: 709px) 85vw, (max-width: 909px) 67vw, (max-width: 1362px) 62vw, 840px\" \/><figcaption>En esta foto del 7 de Octubre de 1967 el \u00fanico que falta soy yo que ya me hab\u00eda ido a estudiar a C\u00f3rdoba<\/figcaption><\/figure>\n\n\n\n<p>Desde que Levi Hutchins, relojero norteamericano, invent\u00f3 el despertador en 1787 ha llovido mucho. Hasta entonces la luz del sol o el gallo madrugador eran el m\u00e9todo m\u00e1s usado para pasar del dulce sue\u00f1o a la dura realidad.<\/p>\n\n\n\n<p>Ahora simplemente con decir buenas noches los altavoces inteligentes te dicen el tiempo, te recuerdan tu agenda, te preguntan a qu\u00e9 hora quieres que te despierten y te desean buenas noches.<\/p>\n\n\n\n<figure class=\"wp-block-embed is-type-video is-provider-youtube wp-block-embed-youtube wp-embed-aspect-16-9 wp-has-aspect-ratio\"><div class=\"wp-block-embed__wrapper\">\n<iframe loading=\"lazy\" title=\"ALTAVOZ GOOGLE\" width=\"840\" height=\"473\" src=\"https:\/\/www.youtube.com\/embed\/COK1Gcy1bRM?feature=oembed\" frameborder=\"0\" allow=\"accelerometer; autoplay; clipboard-write; encrypted-media; gyroscope; picture-in-picture\" allowfullscreen><\/iframe>\n<\/div><figcaption>Con s\u00f3lo decir buenas noches te ayuda a organizar tu vida.<\/figcaption><\/figure>\n\n\n\n<p>Recuerdo cuando era ni\u00f1o que en mi casa para despertar por la ma\u00f1ana hab\u00eda un reloj con una potente campana. Todas las noches era el\u00a0 mismo ritual; mi padre le daba cuerda al reloj y actualizaba, si era necesario, la hora a la que deb\u00eda sonar. Por la ma\u00f1ana el ruido infernal de la campana sonaba de forma interminable y mi padre no lo paraba hasta que se levantaban los que ten\u00edan que ir a trabajar. <em>(Si no me crees que el sonido era infernal visualiza el video y ver\u00e1s y oir\u00e1s que no miento).<\/em><\/p>\n\n\n\n<figure class=\"wp-block-embed is-type-video is-provider-youtube wp-block-embed-youtube wp-embed-aspect-16-9 wp-has-aspect-ratio\"><div class=\"wp-block-embed__wrapper\">\n<iframe loading=\"lazy\" title=\"RELOJ CON CAMPANA\" width=\"840\" height=\"473\" src=\"https:\/\/www.youtube.com\/embed\/80KuoqjYDu4?feature=oembed\" frameborder=\"0\" allow=\"accelerometer; autoplay; clipboard-write; encrypted-media; gyroscope; picture-in-picture\" allowfullscreen><\/iframe>\n<\/div><figcaption>Comprueba el sonido de la campana y entender\u00e1s por qu\u00e9 el reloj es inolvidable.<\/figcaption><\/figure>\n\n\n\n<p>Cuando llegaron los primeros despertadores a pilas, el reloj fue quedando en desuso y se qued\u00f3 como un elemento m\u00e1s de decoraci\u00f3n en aquel mueble lleno de fotos y de recuerdos.<\/p>\n\n\n\n<p>Con el paso del tiempo mi odio al reloj se transform\u00f3 en apego y recuerdo que le dije a mi madre que no se desprendiera del reloj, que lo quer\u00eda para m\u00ed y que era la \u00fanica herencia que deseaba. Mi madre me cont\u00f3 que ese reloj fue un regalo de su padrino Enrique Campos que lo hab\u00eda montado en 1925 y con los datos que me dio escrib\u00ed una nota que pegu\u00e9 en la base del reloj. Cuando me fui de casa mis padres me entregaron el reloj y todav\u00eda permanece expuesto en un rinc\u00f3n de mi casa.<\/p>\n\n\n\n<figure class=\"wp-block-image size-large\"><img loading=\"lazy\" decoding=\"async\" width=\"2560\" height=\"1920\" src=\"https:\/\/rafaelartacho.es\/wp-content\/uploads\/2021\/01\/Reloj-de-Campana-rec-scaled-1.jpg\" alt=\"\" class=\"wp-image-202\" srcset=\"https:\/\/rafaelartacho.es\/wp-content\/uploads\/2021\/01\/Reloj-de-Campana-rec-scaled-1.jpg 2560w, https:\/\/rafaelartacho.es\/wp-content\/uploads\/2021\/01\/Reloj-de-Campana-rec-scaled-1-300x225.jpg 300w, https:\/\/rafaelartacho.es\/wp-content\/uploads\/2021\/01\/Reloj-de-Campana-rec-scaled-1-1024x768.jpg 1024w, https:\/\/rafaelartacho.es\/wp-content\/uploads\/2021\/01\/Reloj-de-Campana-rec-scaled-1-768x576.jpg 768w, https:\/\/rafaelartacho.es\/wp-content\/uploads\/2021\/01\/Reloj-de-Campana-rec-scaled-1-1536x1152.jpg 1536w, https:\/\/rafaelartacho.es\/wp-content\/uploads\/2021\/01\/Reloj-de-Campana-rec-scaled-1-2048x1536.jpg 2048w\" sizes=\"auto, (max-width: 709px) 85vw, (max-width: 909px) 67vw, (max-width: 1362px) 62vw, 840px\" \/><\/figure>\n\n\n\n<figure class=\"wp-block-image size-large\"><img loading=\"lazy\" decoding=\"async\" width=\"2560\" height=\"1920\" src=\"https:\/\/rafaelartacho.es\/wp-content\/uploads\/2021\/01\/Escrito-base-reloj-scaled-1.jpg\" alt=\"\" class=\"wp-image-203\" srcset=\"https:\/\/rafaelartacho.es\/wp-content\/uploads\/2021\/01\/Escrito-base-reloj-scaled-1.jpg 2560w, https:\/\/rafaelartacho.es\/wp-content\/uploads\/2021\/01\/Escrito-base-reloj-scaled-1-300x225.jpg 300w, https:\/\/rafaelartacho.es\/wp-content\/uploads\/2021\/01\/Escrito-base-reloj-scaled-1-1024x768.jpg 1024w, https:\/\/rafaelartacho.es\/wp-content\/uploads\/2021\/01\/Escrito-base-reloj-scaled-1-768x576.jpg 768w, https:\/\/rafaelartacho.es\/wp-content\/uploads\/2021\/01\/Escrito-base-reloj-scaled-1-1536x1152.jpg 1536w, https:\/\/rafaelartacho.es\/wp-content\/uploads\/2021\/01\/Escrito-base-reloj-scaled-1-2048x1536.jpg 2048w\" sizes=\"auto, (max-width: 709px) 85vw, (max-width: 909px) 67vw, (max-width: 1362px) 62vw, 840px\" \/><\/figure>\n\n\n\n<p>El otro d\u00eda me fij\u00e9 en el reloj y al levantarlo descubr\u00ed la nota que ten\u00eda pegada en la base y que ya no recordaba, la despegu\u00e9, la desdobl\u00e9 y al leerla me vinieron estos recuerdos que he relatado y pens\u00e9, como dec\u00edan nuestros mayores <strong><em>\u201cC\u00f3mo cambian los tiempos\u201d<\/em><\/strong><\/p>\n","protected":false},"excerpt":{"rendered":"<p>Desde que Levi Hutchins, relojero norteamericano, invent\u00f3 el despertador en 1787 ha llovido mucho. Hasta entonces la luz del sol o el gallo madrugador eran el m\u00e9todo m\u00e1s usado para pasar del dulce sue\u00f1o a la dura realidad. Ahora simplemente con decir buenas noches los altavoces inteligentes te dicen el tiempo, te recuerdan tu agenda, &hellip; <a href=\"https:\/\/rafaelartacho.es\/index.php\/2021\/01\/29\/como-cambian-los-tiempos\/\" class=\"more-link\">Continuar leyendo<span class=\"screen-reader-text\"> \u00abCOMO CAMBIAN LOS TIEMPOS\u00bb<\/span><\/a><\/p>\n","protected":false},"author":1,"featured_media":0,"comment_status":"open","ping_status":"open","sticky":false,"template":"","format":"standard","meta":{"footnotes":""},"categories":[5],"tags":[],"class_list":["post-199","post","type-post","status-publish","format-standard","hentry","category-uncategorised"],"_links":{"self":[{"href":"https:\/\/rafaelartacho.es\/index.php\/wp-json\/wp\/v2\/posts\/199","targetHints":{"allow":["GET"]}}],"collection":[{"href":"https:\/\/rafaelartacho.es\/index.php\/wp-json\/wp\/v2\/posts"}],"about":[{"href":"https:\/\/rafaelartacho.es\/index.php\/wp-json\/wp\/v2\/types\/post"}],"author":[{"embeddable":true,"href":"https:\/\/rafaelartacho.es\/index.php\/wp-json\/wp\/v2\/users\/1"}],"replies":[{"embeddable":true,"href":"https:\/\/rafaelartacho.es\/index.php\/wp-json\/wp\/v2\/comments?post=199"}],"version-history":[{"count":1,"href":"https:\/\/rafaelartacho.es\/index.php\/wp-json\/wp\/v2\/posts\/199\/revisions"}],"predecessor-version":[{"id":818,"href":"https:\/\/rafaelartacho.es\/index.php\/wp-json\/wp\/v2\/posts\/199\/revisions\/818"}],"wp:attachment":[{"href":"https:\/\/rafaelartacho.es\/index.php\/wp-json\/wp\/v2\/media?parent=199"}],"wp:term":[{"taxonomy":"category","embeddable":true,"href":"https:\/\/rafaelartacho.es\/index.php\/wp-json\/wp\/v2\/categories?post=199"},{"taxonomy":"post_tag","embeddable":true,"href":"https:\/\/rafaelartacho.es\/index.php\/wp-json\/wp\/v2\/tags?post=199"}],"curies":[{"name":"wp","href":"https:\/\/api.w.org\/{rel}","templated":true}]}}