{"id":1695,"date":"2026-01-26T23:35:02","date_gmt":"2026-01-26T23:35:02","guid":{"rendered":"https:\/\/rafaelartacho.es\/?p=1695"},"modified":"2026-02-03T19:20:08","modified_gmt":"2026-02-03T19:20:08","slug":"noche-de-reyes-y-efecto-mariposa","status":"publish","type":"post","link":"https:\/\/rafaelartacho.es\/index.php\/2026\/01\/26\/noche-de-reyes-y-efecto-mariposa\/","title":{"rendered":"NOCHE DE REYES: El despertar de una tradici\u00f3n."},"content":{"rendered":"\n<div class=\"wp-block-buttons is-layout-flex wp-block-buttons-is-layout-flex\">\n<div class=\"wp-block-button\"><a class=\"wp-block-button__link wp-element-button\">PINCHA DEBAJO PARA ESCUCHAR <\/a><\/div>\n<\/div>\n\n\n\n<figure class=\"wp-block-audio\"><audio controls src=\"https:\/\/rafaelartacho.es\/wp-content\/uploads\/2026\/01\/NOCHE-DE-REYES-El-despertar-de-una-tradicion.wav\"><\/audio><\/figure>\n\n\n\n<figure class=\"wp-block-image size-large\"><img loading=\"lazy\" decoding=\"async\" width=\"1024\" height=\"684\" src=\"https:\/\/rafaelartacho.es\/wp-content\/uploads\/2026\/01\/img965-1024x684.jpg\" alt=\"\" class=\"wp-image-1746\" srcset=\"https:\/\/rafaelartacho.es\/wp-content\/uploads\/2026\/01\/img965-1024x684.jpg 1024w, https:\/\/rafaelartacho.es\/wp-content\/uploads\/2026\/01\/img965-300x200.jpg 300w, https:\/\/rafaelartacho.es\/wp-content\/uploads\/2026\/01\/img965-768x513.jpg 768w, https:\/\/rafaelartacho.es\/wp-content\/uploads\/2026\/01\/img965-1536x1026.jpg 1536w, https:\/\/rafaelartacho.es\/wp-content\/uploads\/2026\/01\/img965-1200x802.jpg 1200w, https:\/\/rafaelartacho.es\/wp-content\/uploads\/2026\/01\/img965.jpg 1733w\" sizes=\"auto, (max-width: 709px) 85vw, (max-width: 909px) 67vw, (max-width: 1362px) 62vw, 840px\" \/><figcaption class=\"wp-element-caption\">5 DE ENERO DE 1996. Ese a\u00f1o hicieron de Reyes los tres nietos menores (varones) hasta entonces.<\/figcaption><\/figure>\n\n\n\n<blockquote class=\"wp-block-quote is-layout-flow wp-block-quote-is-layout-flow\">\n<blockquote class=\"wp-block-quote is-layout-flow wp-block-quote-is-layout-flow\">\n<p>Dec\u00eda Gabriel Garc\u00eda M\u00e1rquez que \u201cla vida no es la que uno vivi\u00f3, sino la que uno recuerda y c\u00f3mo la recuerda para contarla\u201d.<\/p>\n<\/blockquote>\n<\/blockquote>\n\n\n\n<p>Por eso, cuando el paso de los a\u00f1os difumina la memoria, resulta sumamente gratificante rescatar lo que, durante casi un cuarto de siglo, ocurr\u00eda cada 5 de enero en casa de Manuel y Mar\u00eda: el hogar de la familia Artacho Artacho.<\/p>\n\n\n\n<figure class=\"wp-block-gallery has-nested-images columns-default is-cropped wp-block-gallery-1 is-layout-flex wp-block-gallery-is-layout-flex\">\n<figure class=\"wp-block-image size-large\"><img loading=\"lazy\" decoding=\"async\" width=\"909\" height=\"1024\" data-id=\"1701\" src=\"https:\/\/rafaelartacho.es\/wp-content\/uploads\/2026\/01\/PEPE-SOLO-RECORTADA20250104_2354562-909x1024.jpg\" alt=\"\" class=\"wp-image-1701\" srcset=\"https:\/\/rafaelartacho.es\/wp-content\/uploads\/2026\/01\/PEPE-SOLO-RECORTADA20250104_2354562-909x1024.jpg 909w, https:\/\/rafaelartacho.es\/wp-content\/uploads\/2026\/01\/PEPE-SOLO-RECORTADA20250104_2354562-266x300.jpg 266w, https:\/\/rafaelartacho.es\/wp-content\/uploads\/2026\/01\/PEPE-SOLO-RECORTADA20250104_2354562-768x865.jpg 768w, https:\/\/rafaelartacho.es\/wp-content\/uploads\/2026\/01\/PEPE-SOLO-RECORTADA20250104_2354562-1363x1536.jpg 1363w, https:\/\/rafaelartacho.es\/wp-content\/uploads\/2026\/01\/PEPE-SOLO-RECORTADA20250104_2354562-1200x1352.jpg 1200w, https:\/\/rafaelartacho.es\/wp-content\/uploads\/2026\/01\/PEPE-SOLO-RECORTADA20250104_2354562.jpg 1489w\" sizes=\"auto, (max-width: 709px) 85vw, (max-width: 909px) 67vw, (max-width: 1362px) 62vw, 840px\" \/><\/figure>\n\n\n\n<figure class=\"wp-block-image size-large\"><img loading=\"lazy\" decoding=\"async\" width=\"609\" height=\"738\" data-id=\"1702\" src=\"https:\/\/rafaelartacho.es\/wp-content\/uploads\/2026\/01\/PETRA-SOLA-RECORTADA-20250104_214039.jpg\" alt=\"\" class=\"wp-image-1702\" srcset=\"https:\/\/rafaelartacho.es\/wp-content\/uploads\/2026\/01\/PETRA-SOLA-RECORTADA-20250104_214039.jpg 609w, https:\/\/rafaelartacho.es\/wp-content\/uploads\/2026\/01\/PETRA-SOLA-RECORTADA-20250104_214039-248x300.jpg 248w\" sizes=\"auto, (max-width: 709px) 85vw, (max-width: 909px) 67vw, (max-width: 984px) 61vw, (max-width: 1362px) 45vw, 600px\" \/><\/figure>\n<figcaption class=\"blocks-gallery-caption wp-element-caption\">Los anfitriones: Pepe y Petra<\/figcaption><\/figure>\n\n\n\n<h2 class=\"wp-block-heading has-medium-font-size\">El reencuentro de 2025: El efecto mariposa<\/h2>\n\n\n\n<p>Todo comenz\u00f3 con la iniciativa de mi hermano Pepe y Petra, quienes decidieron inaugurar su nueva casa en Madrid recuperando aquellas celebraciones que hac\u00edamos en casa de nuestros padres. Ese gesto provoc\u00f3 una reacci\u00f3n en cadena, un aut\u00e9ntico \u00abefecto mariposa\u00bb de nostalgia y alegr\u00eda.<\/p>\n\n\n\n<figure class=\"wp-block-gallery has-nested-images columns-default is-cropped wp-block-gallery-2 is-layout-flex wp-block-gallery-is-layout-flex\">\n<figure class=\"wp-block-image size-large\"><img loading=\"lazy\" decoding=\"async\" width=\"669\" height=\"854\" data-id=\"1805\" src=\"https:\/\/rafaelartacho.es\/wp-content\/uploads\/2026\/01\/PEDRO-SOLO-RECORTADO.jpg\" alt=\"\" class=\"wp-image-1805\" srcset=\"https:\/\/rafaelartacho.es\/wp-content\/uploads\/2026\/01\/PEDRO-SOLO-RECORTADO.jpg 669w, https:\/\/rafaelartacho.es\/wp-content\/uploads\/2026\/01\/PEDRO-SOLO-RECORTADO-235x300.jpg 235w\" sizes=\"auto, (max-width: 709px) 85vw, (max-width: 909px) 67vw, (max-width: 984px) 61vw, (max-width: 1362px) 45vw, 600px\" \/><\/figure>\n\n\n\n<figure class=\"wp-block-image size-full\"><img loading=\"lazy\" decoding=\"async\" width=\"625\" height=\"753\" data-id=\"1704\" src=\"https:\/\/rafaelartacho.es\/wp-content\/uploads\/2026\/01\/MARI-PAZ-SOLA-RECORTADA-IMG-20250105-WA0015.jpg\" alt=\"\" class=\"wp-image-1704\" srcset=\"https:\/\/rafaelartacho.es\/wp-content\/uploads\/2026\/01\/MARI-PAZ-SOLA-RECORTADA-IMG-20250105-WA0015.jpg 625w, https:\/\/rafaelartacho.es\/wp-content\/uploads\/2026\/01\/MARI-PAZ-SOLA-RECORTADA-IMG-20250105-WA0015-249x300.jpg 249w\" sizes=\"auto, (max-width: 709px) 85vw, (max-width: 909px) 67vw, (max-width: 984px) 61vw, (max-width: 1362px) 45vw, 600px\" \/><\/figure>\n\n\n\n<figure class=\"wp-block-image size-full\"><img loading=\"lazy\" decoding=\"async\" width=\"703\" height=\"830\" data-id=\"1703\" src=\"https:\/\/rafaelartacho.es\/wp-content\/uploads\/2026\/01\/CARMEN-SOLA-RECORTADA-2140392.jpg\" alt=\"\" class=\"wp-image-1703\" srcset=\"https:\/\/rafaelartacho.es\/wp-content\/uploads\/2026\/01\/CARMEN-SOLA-RECORTADA-2140392.jpg 703w, https:\/\/rafaelartacho.es\/wp-content\/uploads\/2026\/01\/CARMEN-SOLA-RECORTADA-2140392-254x300.jpg 254w\" sizes=\"auto, (max-width: 709px) 85vw, (max-width: 909px) 67vw, (max-width: 984px) 61vw, (max-width: 1362px) 45vw, 600px\" \/><\/figure>\n<figcaption class=\"blocks-gallery-caption wp-element-caption\">Pedro, Carmen y MariPaz<\/figcaption><\/figure>\n\n\n\n<p>Las ideas no tardaron en surgir: mi sobrino Pedro  propuso que cada nieto escribiera sus recuerdos para crear un libro conmemorativo con fotos antiguas; un regalo \u00fanico para los anfitriones. Mi sobrina Mari Paz se ofreci\u00f3 para recoger los testimonios y se encarg\u00f3 de realizarlo. Mi hermana Carmen se ofreci\u00f3 a preparar la sopa de picadillo que, durante d\u00e9cadas, fue el sello de aquellas cenas. Por mi parte, me encargu\u00e9 de llevar el Rosc\u00f3n para cerrar la fiesta, mientras Pepe anunciaba que \u00e9l preparar\u00eda el chocolate de acompa\u00f1amiento.<\/p>\n\n\n\n<figure class=\"wp-block-image size-large\"><img loading=\"lazy\" decoding=\"async\" width=\"1024\" height=\"461\" src=\"https:\/\/rafaelartacho.es\/wp-content\/uploads\/2026\/01\/20250105_011301-1024x461.jpg\" alt=\"\" class=\"wp-image-1697\" srcset=\"https:\/\/rafaelartacho.es\/wp-content\/uploads\/2026\/01\/20250105_011301-1024x461.jpg 1024w, https:\/\/rafaelartacho.es\/wp-content\/uploads\/2026\/01\/20250105_011301-300x135.jpg 300w, https:\/\/rafaelartacho.es\/wp-content\/uploads\/2026\/01\/20250105_011301-768x346.jpg 768w, https:\/\/rafaelartacho.es\/wp-content\/uploads\/2026\/01\/20250105_011301-1536x692.jpg 1536w, https:\/\/rafaelartacho.es\/wp-content\/uploads\/2026\/01\/20250105_011301-1200x540.jpg 1200w, https:\/\/rafaelartacho.es\/wp-content\/uploads\/2026\/01\/20250105_011301.jpg 2016w\" sizes=\"auto, (max-width: 709px) 85vw, (max-width: 909px) 67vw, (max-width: 1362px) 62vw, 840px\" \/><figcaption class=\"wp-element-caption\">Los 34 asistentes<\/figcaption><\/figure>\n\n\n\n<p>El resultado fue una reuni\u00f3n espectacular con 34 asistentes el 4 de Enero de 2025. No solo rememoramos el pasado, sino que, sobre todo, reforzamos los v\u00ednculos con las nuevas generaciones, gracias a la calidez de los anfitriones, quienes adem\u00e1s de ricos manjares, prepararon momentos inolvidables:<\/p>\n\n\n\n<ul class=\"wp-block-list\">\n<li><strong>C\u00e1psulas del tiempo:<\/strong> Proyectaron fotos antiguas y el video reviviendo el momento m\u00e1s esperado: la entrega de regalos.<\/li>\n\n\n\n<li><strong>Conexi\u00f3n profunda:<\/strong> Organizaron din\u00e1micas rompehielos que fomentaron una interacci\u00f3n real. Fue brillante la idea de emparejarnos por azar para escucharnos en silencio durante diez minutos; un contacto \u00edntimo que rara vez se logra en reuniones tan masivas.<\/li>\n<\/ul>\n\n\n\n<figure class=\"wp-block-embed is-type-video is-provider-youtube wp-block-embed-youtube wp-embed-aspect-16-9 wp-has-aspect-ratio\"><div class=\"wp-block-embed__wrapper\">\n<iframe loading=\"lazy\" title=\"CENA DE REYES COMPLETA\" width=\"840\" height=\"473\" src=\"https:\/\/www.youtube.com\/embed\/ldP7WcEN4uU?feature=oembed\" frameborder=\"0\" allow=\"accelerometer; autoplay; clipboard-write; encrypted-media; gyroscope; picture-in-picture; web-share\" referrerpolicy=\"strict-origin-when-cross-origin\" allowfullscreen><\/iframe>\n<\/div><figcaption class=\"wp-element-caption\">Uno de los v\u00eddeos que se grabaron una de aquellas noches m\u00e1gicas.<\/figcaption><\/figure>\n\n\n\n<p>Pero mejor que yo lo explican las im\u00e1genes de ese acto y si quieres verlas pincha en el enlace que indico a continuaci\u00f3n donde se pueden ver.<\/p>\n\n\n\n<div class=\"wp-block-buttons is-layout-flex wp-block-buttons-is-layout-flex\">\n<div class=\"wp-block-button\"><a class=\"wp-block-button__link wp-element-button\" href=\"https:\/\/www.amazon.es\/photos\/share\/yorPzD3ZHBQ5T7C593FRKnK5erQwmd8KKFSJhdgpEpz\">PULSA AQUI PARA VER LAS IMAGENES De 2025<\/a><\/div>\n<\/div>\n\n\n\n<hr class=\"wp-block-separator has-alpha-channel-opacity\"\/>\n\n\n\n<p class=\"has-medium-font-size\"><strong>2026: Una tradici\u00f3n que echa ra\u00edces<\/strong><\/p>\n\n\n\n<p>Este pasado enero de 2026 la fiesta se repiti\u00f3 con la misma vocaci\u00f3n de permanencia. El \u00e9xito de convocatoria y la energ\u00eda compartida pronostican que habr\u00e1 \u00abFiesta de Reyes\u00bb mientras nuestros anfitriones sigan abri\u00e9ndonos su casa.<\/p>\n\n\n\n<figure class=\"wp-block-image size-large\"><img loading=\"lazy\" decoding=\"async\" width=\"1024\" height=\"461\" src=\"https:\/\/rafaelartacho.es\/wp-content\/uploads\/2026\/01\/20260104_204023-1024x461.jpg\" alt=\"\" class=\"wp-image-1795\" srcset=\"https:\/\/rafaelartacho.es\/wp-content\/uploads\/2026\/01\/20260104_204023-1024x461.jpg 1024w, https:\/\/rafaelartacho.es\/wp-content\/uploads\/2026\/01\/20260104_204023-300x135.jpg 300w, https:\/\/rafaelartacho.es\/wp-content\/uploads\/2026\/01\/20260104_204023-768x346.jpg 768w, https:\/\/rafaelartacho.es\/wp-content\/uploads\/2026\/01\/20260104_204023-1536x692.jpg 1536w, https:\/\/rafaelartacho.es\/wp-content\/uploads\/2026\/01\/20260104_204023-2048x922.jpg 2048w, https:\/\/rafaelartacho.es\/wp-content\/uploads\/2026\/01\/20260104_204023-1200x540.jpg 1200w\" sizes=\"auto, (max-width: 709px) 85vw, (max-width: 909px) 67vw, (max-width: 1362px) 62vw, 840px\" \/><\/figure>\n\n\n\n<p>Por segundo a\u00f1o, disfrutamos de los manjares preparados por los anfitriones y  las viandas de siempre \u2014sopa, chocolate y rosc\u00f3n\u2014, pero, sobre todo, de la alegr\u00eda de estar juntos. En esta ocasi\u00f3n, el ejercicio de reflexi\u00f3n consisti\u00f3 en compartir con nuestro \u00abcompa\u00f1ero de fecha de nacimiento\u00bb lo mejor y lo peor del a\u00f1o anterior. Diez minutos de escucha que nos invitaron a la reflexi\u00f3n y al cari\u00f1o.<\/p>\n\n\n\n<div class=\"wp-block-buttons is-layout-flex wp-block-buttons-is-layout-flex\">\n<div class=\"wp-block-button\"><a class=\"wp-block-button__link wp-element-button\" href=\"https:\/\/www.amazon.es\/photos\/share\/JAvcWJ33tW6bVnfDDLNsrGKA9aDBfSnvjlC10tMgsiE\">PULSA AQU\u00cd PARA VER LAS IMAGENES DE 2026<\/a><\/div>\n<\/div>\n\n\n\n<p>Por \u00faltimo comparto el libro de recuerdos de los hijos y nietos de Manuel y Mar\u00eda sobre las noches de Reyes de tantos a\u00f1os. Leerlo, sin duda, mejora la vida que uno recuerda.<\/p>\n\n\n\n<div class=\"wp-block-buttons is-layout-flex wp-block-buttons-is-layout-flex\">\n<div class=\"wp-block-button\"><a class=\"wp-block-button__link wp-element-button\" href=\"https:\/\/mega.nz\/file\/bMtGXIZS#t1OO1aKlQwZfDohJNP2S5xvZqlRH00UR53l4Y1pj3_A\">PINCHA PARA ESCUCHAR EL LIBRO en una pesta\u00f1a nueva<\/a><\/div>\n<\/div>\n\n\n\n<p><\/p>\n\n\n\n<div class=\"wp-block-cover\"><span aria-hidden=\"true\" class=\"wp-block-cover__background has-medium-gray-background-color has-background-dim-100 has-background-dim\"><\/span><div class=\"wp-block-cover__inner-container is-layout-constrained wp-block-cover-is-layout-constrained\">\n<p class=\"has-text-align-center has-white-color has-text-color has-link-color has-large-font-size wp-elements-c2f53ad693ec5d7ffdc6d03a4e60d59e\"><strong><em>LA NOCHE DE LOS REYES MAGOS<\/em><\/strong><\/p>\n\n\n\n<p class=\"has-text-align-center has-white-color has-text-color has-link-color has-large-font-size wp-elements-d2cc95a96797362d97593c4fb5db03ac\"><em>Un gran d\u00eda en la vida de la familia Artacho.<\/em><\/p>\n\n\n\n<figure class=\"wp-block-image size-large\"><img loading=\"lazy\" decoding=\"async\" width=\"1024\" height=\"727\" src=\"https:\/\/rafaelartacho.es\/wp-content\/uploads\/2026\/01\/20240104-Reyes-Artacho_260123_235444_Pagina_01-1024x727.jpg\" alt=\"\" class=\"wp-image-1716\" srcset=\"https:\/\/rafaelartacho.es\/wp-content\/uploads\/2026\/01\/20240104-Reyes-Artacho_260123_235444_Pagina_01-1024x727.jpg 1024w, https:\/\/rafaelartacho.es\/wp-content\/uploads\/2026\/01\/20240104-Reyes-Artacho_260123_235444_Pagina_01-300x213.jpg 300w, https:\/\/rafaelartacho.es\/wp-content\/uploads\/2026\/01\/20240104-Reyes-Artacho_260123_235444_Pagina_01-768x545.jpg 768w, https:\/\/rafaelartacho.es\/wp-content\/uploads\/2026\/01\/20240104-Reyes-Artacho_260123_235444_Pagina_01-1536x1090.jpg 1536w, https:\/\/rafaelartacho.es\/wp-content\/uploads\/2026\/01\/20240104-Reyes-Artacho_260123_235444_Pagina_01-1200x852.jpg 1200w, https:\/\/rafaelartacho.es\/wp-content\/uploads\/2026\/01\/20240104-Reyes-Artacho_260123_235444_Pagina_01.jpg 1732w\" sizes=\"auto, (max-width: 709px) 85vw, (max-width: 909px) 67vw, (max-width: 1362px) 62vw, 840px\" \/><\/figure>\n\n\n\n<p class=\"has-text-align-left has-white-color has-text-color has-link-color has-medium-font-size wp-elements-27e42f152b3332984794955018b2972a\"><em>Hoy 4 de enero de 2025, Pepe Artacho Artacho (el se\u00f1or de la foto de abajo disfrazado de Papa Noel) y su Se\u00f1ora, Petra, que no vivi\u00f3 estos momentos, pero seguro que le hubiera encantado, han decido reunir a toda la familia Artacho Artacho que se preste a ello, para rememorar el gran d\u00eda de Reyes que esta familia siempre ha vivido.<\/em><\/p>\n\n\n\n<p class=\"has-text-align-left has-medium-font-size\"><em>Entendemos que habr\u00e1 diferencias insalvables en muchos sentidos, partiendo de los que no podr\u00e1n estar de ninguna manera y que recordamos con mucho amor en nuestro coraz\u00f3n: el abuelo Manuel. La abuela Mar\u00eda. El t\u00edo Manolo. La t\u00eda Antonia. El t\u00edo Luis. El t\u00edo Pedro.<\/em><\/p>\n\n\n\n<p class=\"has-text-align-left has-medium-font-size\"><em>Pero creemos que la gran esencia de esta gran noche no tiene por qu\u00e9 haber cambiado: el estar juntos en familia haciendo de un momento especial, un momento artachamente especial.<\/em><\/p>\n\n\n\n<p class=\"has-text-align-left has-medium-font-size\"><em>Los sobrinos de este se\u00f1or, nietos de Manuel y Mar\u00eda Artacho, fundadores de este gran momento familiar, hemos querido recopilar nuestros recuerdos en este libro, acompa\u00f1\u00e1ndolo de fotos que hemos encontrado en el ba\u00fal de los recuerdos.<\/em><\/p>\n\n\n\n<p class=\"has-medium-font-size\"><em>Pero no queremos que solo de nuestros recuerdos se llene este libro, por lo que hemos dejado unos espacios en blanco para que todo aquel que quiera, pueda dejar su sentir.<\/em><\/p>\n\n\n\n<hr class=\"wp-block-separator has-alpha-channel-opacity is-style-default\"\/>\n\n\n\n<figure class=\"wp-block-image size-large\"><img loading=\"lazy\" decoding=\"async\" width=\"814\" height=\"1024\" src=\"https:\/\/rafaelartacho.es\/wp-content\/uploads\/2026\/01\/20240104-Reyes-Artacho_260123_235444_Pagina_02-814x1024.jpg\" alt=\"\" class=\"wp-image-1717\" srcset=\"https:\/\/rafaelartacho.es\/wp-content\/uploads\/2026\/01\/20240104-Reyes-Artacho_260123_235444_Pagina_02-814x1024.jpg 814w, https:\/\/rafaelartacho.es\/wp-content\/uploads\/2026\/01\/20240104-Reyes-Artacho_260123_235444_Pagina_02-238x300.jpg 238w, https:\/\/rafaelartacho.es\/wp-content\/uploads\/2026\/01\/20240104-Reyes-Artacho_260123_235444_Pagina_02-768x967.jpg 768w, https:\/\/rafaelartacho.es\/wp-content\/uploads\/2026\/01\/20240104-Reyes-Artacho_260123_235444_Pagina_02.jpg 1001w\" sizes=\"auto, (max-width: 709px) 85vw, (max-width: 909px) 67vw, (max-width: 984px) 61vw, (max-width: 1362px) 45vw, 600px\" \/><\/figure>\n\n\n\n<h2 class=\"wp-block-heading\"><strong><em>Recuerdos de Manolo (nieto)<\/em><\/strong><\/h2>\n\n\n\n<p class=\"has-medium-font-size\"><em>No recuerdo el a\u00f1o, pero cuando lleg\u00f3 el famoso rosc\u00f3n que llevaba el t\u00edo Rafa a la mesa y el chocolate, como cada a\u00f1o, cada porci\u00f3n se compraba y el que consiguiera la sorpresa se llevaba el bote.<\/em><\/p>\n\n\n\n<p class=\"has-medium-font-size\"><em>Ese a\u00f1o, lleg\u00f3 un momento que solo quedaban dos porciones y por descarte en alguno de ellos deb\u00eda estar la sorpresa, decidieron comprarlas pagando 500 ptas. entre el T\u00edo Luis y mi padre Manolo pagando creo 500 pesetas por cada porci\u00f3n, y la sorpresa sin salir. \u00bfEntonces no hab\u00eda sorpresa ese a\u00f1o?<\/em><\/p>\n\n\n\n<p class=\"has-medium-font-size\"><em>Si la hab\u00eda, lo que pasaba que el t\u00edo Carlos se estaba comiendo su trozo alrededor de la sorpresa sin decirlo, y con toda su parsimonia se levant\u00f3 y cogi\u00f3 todo el dinero que hab\u00eda en la caja en el bote.<\/em><\/p>\n\n\n\n<p class=\"has-medium-font-size\"><em>\u00a1No recuerdo lo que paso despu\u00e9s! Pero imaginaros las caras y las risas con que nos quedamos todos los presentes.<\/em> <\/p>\n\n\n\n<p class=\"has-medium-font-size\">MANOLO<\/p>\n\n\n\n<figure class=\"wp-block-image size-full\"><img loading=\"lazy\" decoding=\"async\" width=\"948\" height=\"840\" src=\"https:\/\/rafaelartacho.es\/wp-content\/uploads\/2026\/01\/20240104-Reyes-Artacho_260123_235444_Pagina_03.jpg\" alt=\"\" class=\"wp-image-1718\" srcset=\"https:\/\/rafaelartacho.es\/wp-content\/uploads\/2026\/01\/20240104-Reyes-Artacho_260123_235444_Pagina_03.jpg 948w, https:\/\/rafaelartacho.es\/wp-content\/uploads\/2026\/01\/20240104-Reyes-Artacho_260123_235444_Pagina_03-300x266.jpg 300w, https:\/\/rafaelartacho.es\/wp-content\/uploads\/2026\/01\/20240104-Reyes-Artacho_260123_235444_Pagina_03-768x681.jpg 768w\" sizes=\"auto, (max-width: 709px) 85vw, (max-width: 909px) 67vw, (max-width: 1362px) 62vw, 840px\" \/><\/figure>\n\n\n\n<hr class=\"wp-block-separator has-alpha-channel-opacity is-style-default\"\/>\n\n\n\n<h2 class=\"wp-block-heading\"><strong><em>Recuerdos de To\u00f1i (nieta)<\/em><\/strong><\/h2>\n\n\n\n<p class=\"has-medium-font-size\"><em>La noche de Reyes \u00bfqu\u00e9 signific\u00f3 para m\u00ed?<\/em><\/p>\n\n\n\n<p class=\"has-medium-font-size\"><em>Pues nunca me lo hab\u00eda preguntado, pero la podr\u00eda definir en varias etapas:<\/em><\/p>\n\n\n\n<p class=\"has-medium-font-size\"><em>Ni\u00f1ez, en esta etapa principalmente era la ilusi\u00f3n por la llegada de los Reyes Magos, jugar con las primas, las actuaciones, los villancicos del abuelo\u2026<\/em><\/p>\n\n\n\n<p class=\"has-medium-font-size\"><em>Adolescencia: Aqu\u00ed hab\u00eda varios sentimientos contradictorios. Por un lado esa parte de rebeld\u00eda, el no entender por qu\u00e9 ten\u00eda que ir, no puedo salir con mis amigos, y por otro lado, la ilusi\u00f3n de ver a la familia, esas reuniones de las chicas en la habitaci\u00f3n de Carlos, que ya era mayor porque cenaba en la mesa de los adultos y muchas otras cosas que ya me hac\u00eda ser mayor.<\/em><\/p>\n\n\n\n<p class=\"has-medium-font-size\"><em>Adulta: Aqu\u00ed ya todo es diferente. Ya las cenas empiezan a ser fuera de casa, me relaciono m\u00e1s con los t\u00edos, empiezo a ir con Rub\u00e9n y los \u00faltimos reyes con Jes\u00fas, lo que vuelve a despertar el esp\u00edritu de la ni\u00f1ez en m\u00ed.<\/em><\/p>\n\n\n\n<p class=\"has-medium-font-size\"><em>Por tanto, hoy en d\u00eda, echando la vista atr\u00e1s, la fiesta de Reyes era una noche maravillosa que hoy en d\u00eda a\u00f1oro y que lamento enormemente que mis ni\u00f1os no lo pudieran disfrutar.<\/em><\/p>\n\n\n\n<p class=\"has-medium-font-size\"><em>Una noche en la que LOS ABUELOS eran las personas m\u00e1s felices al ver a todos los suyos juntos, desde mi padre como hijo mayor, hasta Jes\u00fas como miembro m\u00e1s peque\u00f1o de la familia en aquel momento\u2026.<\/em><\/p>\n\n\n\n<p class=\"has-medium-font-size\"><em>En resumen, la noche de Reyes era una \u201c<strong>Noche de reuni\u00f3n familiar y felicidad\u201d.<\/strong><\/em><\/p>\n\n\n\n<p class=\"has-medium-font-size\"><strong><em>TO\u00d1I<\/em><\/strong><\/p>\n\n\n\n<figure class=\"wp-block-image size-full\"><img loading=\"lazy\" decoding=\"async\" width=\"621\" height=\"494\" src=\"https:\/\/rafaelartacho.es\/wp-content\/uploads\/2026\/01\/20240104-Reyes-Artacho_260123_235444_Pagina_04.jpg\" alt=\"\" class=\"wp-image-1719\" srcset=\"https:\/\/rafaelartacho.es\/wp-content\/uploads\/2026\/01\/20240104-Reyes-Artacho_260123_235444_Pagina_04.jpg 621w, https:\/\/rafaelartacho.es\/wp-content\/uploads\/2026\/01\/20240104-Reyes-Artacho_260123_235444_Pagina_04-300x239.jpg 300w\" sizes=\"auto, (max-width: 709px) 85vw, (max-width: 909px) 67vw, (max-width: 984px) 61vw, (max-width: 1362px) 45vw, 600px\" \/><\/figure>\n\n\n\n<hr class=\"wp-block-separator has-alpha-channel-opacity\"\/>\n\n\n\n<figure class=\"wp-block-image size-large\"><img loading=\"lazy\" decoding=\"async\" width=\"1024\" height=\"587\" src=\"https:\/\/rafaelartacho.es\/wp-content\/uploads\/2026\/01\/Reyes-Artacho_Pagina_05-1-1024x587.jpg\" alt=\"\" class=\"wp-image-1750\" srcset=\"https:\/\/rafaelartacho.es\/wp-content\/uploads\/2026\/01\/Reyes-Artacho_Pagina_05-1-1024x587.jpg 1024w, https:\/\/rafaelartacho.es\/wp-content\/uploads\/2026\/01\/Reyes-Artacho_Pagina_05-1-300x172.jpg 300w, https:\/\/rafaelartacho.es\/wp-content\/uploads\/2026\/01\/Reyes-Artacho_Pagina_05-1-768x440.jpg 768w, https:\/\/rafaelartacho.es\/wp-content\/uploads\/2026\/01\/Reyes-Artacho_Pagina_05-1-1536x880.jpg 1536w, https:\/\/rafaelartacho.es\/wp-content\/uploads\/2026\/01\/Reyes-Artacho_Pagina_05-1-1200x688.jpg 1200w, https:\/\/rafaelartacho.es\/wp-content\/uploads\/2026\/01\/Reyes-Artacho_Pagina_05-1.jpg 1703w\" sizes=\"auto, (max-width: 709px) 85vw, (max-width: 909px) 67vw, (max-width: 1362px) 62vw, 840px\" \/><\/figure>\n\n\n\n<figure class=\"wp-block-gallery has-nested-images columns-default is-cropped wp-block-gallery-3 is-layout-flex wp-block-gallery-is-layout-flex\">\n<figure class=\"wp-block-image size-large\"><img loading=\"lazy\" decoding=\"async\" width=\"760\" height=\"1024\" data-id=\"1753\" src=\"https:\/\/rafaelartacho.es\/wp-content\/uploads\/2026\/01\/Pagina-5-2-760x1024.jpg\" alt=\"\" class=\"wp-image-1753\" srcset=\"https:\/\/rafaelartacho.es\/wp-content\/uploads\/2026\/01\/Pagina-5-2-760x1024.jpg 760w, https:\/\/rafaelartacho.es\/wp-content\/uploads\/2026\/01\/Pagina-5-2-223x300.jpg 223w, https:\/\/rafaelartacho.es\/wp-content\/uploads\/2026\/01\/Pagina-5-2-768x1035.jpg 768w, https:\/\/rafaelartacho.es\/wp-content\/uploads\/2026\/01\/Pagina-5-2.jpg 819w\" sizes=\"auto, (max-width: 709px) 85vw, (max-width: 909px) 67vw, (max-width: 984px) 61vw, (max-width: 1362px) 45vw, 600px\" \/><\/figure>\n\n\n\n<figure class=\"wp-block-image size-large\"><img loading=\"lazy\" decoding=\"async\" width=\"812\" height=\"792\" data-id=\"1754\" src=\"https:\/\/rafaelartacho.es\/wp-content\/uploads\/2026\/01\/pagina-5-3.jpg\" alt=\"\" class=\"wp-image-1754\" srcset=\"https:\/\/rafaelartacho.es\/wp-content\/uploads\/2026\/01\/pagina-5-3.jpg 812w, https:\/\/rafaelartacho.es\/wp-content\/uploads\/2026\/01\/pagina-5-3-300x293.jpg 300w, https:\/\/rafaelartacho.es\/wp-content\/uploads\/2026\/01\/pagina-5-3-768x749.jpg 768w\" sizes=\"auto, (max-width: 709px) 85vw, (max-width: 909px) 67vw, (max-width: 984px) 61vw, (max-width: 1362px) 45vw, 600px\" \/><\/figure>\n<\/figure>\n\n\n\n<hr class=\"wp-block-separator has-alpha-channel-opacity\"\/>\n\n\n\n<h2 class=\"wp-block-heading\"><strong><em>Recuerdos de Susana (nieta)<\/em><\/strong><\/h2>\n\n\n\n<p class=\"has-medium-font-size\"><em> RECUERDO c\u00f3mo para nosotras la fiesta de Los Reyes no empezaba el 5 de enero. Varios d\u00edas antes, \u00edbamos a la calle Pedro Laborde a comprar los regalos de los abuelos para toda la familia. Porque la abuela no se olvidaba de nadie, la noche de Reyes todos iban a tener un regalo m\u00ednimo, aunque luego nos junt\u00e1bamos con alguno m\u00e1s. Yo me sent\u00eda una mera espectadora escuchando como mi madre, la t\u00eda Mari y la abuela pensaban qu\u00e9 comprarle a cada uno y c\u00f3mo entr\u00e1bamos tienda por tienda a mirar lo que ten\u00edan y elegir cu\u00e1l era el mejor regalo. Luego lleg\u00e1bamos a casa para envolverlos y ponerles los \u201ccarteles\u201d. El d\u00eda 5 nosotras lleg\u00e1bamos antes y ayud\u00e1bamos a preparar la casa, la vajilla y el resto de cosas para la cena. Recuerdo como la abuela, como la matriarca que era, lo organizaba todo, nos dec\u00eda lo que ten\u00edamos que hacer cada una, donde estaba cada cosa dando la sensaci\u00f3n de que lo ten\u00eda todo controlado\u2026como desde luego as\u00ed era.<\/em><\/p>\n\n\n\n<p class=\"has-medium-font-size\"><em>Derrochaba energ\u00eda por todas partes, a pesar de la edad que ten\u00eda. Es m\u00e1s, yo creo que rejuvenec\u00eda con estos encuentros anuales. Luego, empezaban a llegar todos y la casa se llenaba de alegr\u00eda, besos y conversaciones en corrillos. Y yo me sent\u00eda feliz, porque llegaban mis primas y pod\u00edamos ponernos al d\u00eda y pasar tiempo juntas. Cuando \u00e9ramos m\u00e1s peque\u00f1as la casa se llenaba de mu\u00f1ecas, incluso algunas muy grandes y la abuela era feliz porque le encantaban, yo creo que se sent\u00eda afortunada de tener tantas nietas despu\u00e9s de haber tenido tantos hijos varones. El abuelo, aunque se quejaba del dinero que se gastaba la abuela y del jaleo que se montaba, en el fondo tambi\u00e9n disfrutaba mucho de esos momentos, teniendo a toda la familia reunida. Porque al final, lo que nos queda de las personas que queremos y lo m\u00e1s importante son los recuerdos. Sobre todo, si son BUENOS RECUERDOS.<\/em> <\/p>\n\n\n\n<p class=\"has-medium-font-size\"><strong><em>SUSANA<\/em><\/strong><\/p>\n\n\n\n<figure class=\"wp-block-image size-full\"><img loading=\"lazy\" decoding=\"async\" width=\"513\" height=\"594\" src=\"https:\/\/rafaelartacho.es\/wp-content\/uploads\/2026\/01\/20240104-Reyes-Artacho_260123_235444_Pagina_06.jpg\" alt=\"\" class=\"wp-image-1721\" srcset=\"https:\/\/rafaelartacho.es\/wp-content\/uploads\/2026\/01\/20240104-Reyes-Artacho_260123_235444_Pagina_06.jpg 513w, https:\/\/rafaelartacho.es\/wp-content\/uploads\/2026\/01\/20240104-Reyes-Artacho_260123_235444_Pagina_06-259x300.jpg 259w\" sizes=\"auto, (max-width: 513px) 85vw, 513px\" \/><\/figure>\n\n\n\n<hr class=\"wp-block-separator has-alpha-channel-opacity\"\/>\n\n\n\n<h2 class=\"wp-block-heading\"><strong><em>Recuerdos de Paz (nieta)<\/em><\/strong><\/h2>\n\n\n\n<p class=\"has-medium-font-size\"><em>Recuerdo la Noche de Reyes con much\u00edsima ilusi\u00f3n.<\/em><\/p>\n\n\n\n<p class=\"has-medium-font-size\"><em>De la casa baja, recuerdo haber entrado en la sala de estar y ver a mi madre con la t\u00eda pegando las estrellas en la capa blanca del rey mago, mir\u00e1ndome en silencio hasta que sal\u00ed de all\u00ed.<\/em><\/p>\n\n\n\n<p class=\"has-medium-font-size\"><em>Pero la mayor parte de los recuerdos son del piso de los abuelos.<\/em><\/p>\n\n\n\n<p class=\"has-medium-font-size\"><em>Recuerdo los preparativos de los d\u00edas anteriores: las compras en Pedro Laborde y Alcampo con la abuela, incluso cuando ya iba en silla de ruedas (que casi no pod\u00edamos empujarla cuesta arriba). Desde que tengo memoria, sab\u00eda que eran ellas quienes compraban los regalos y no recuerdo creer que los Reyes no eran otros que mis t\u00edos.<\/em><\/p>\n\n\n\n<p class=\"has-medium-font-size\"><em>Recuerdo limpiar y recoger la casa estando all\u00ed con la abuela y la t\u00eda Mari. Mi hermana y yo hac\u00edamos cadenetas para colgarlas por el techo del sal\u00f3n y decorarlo de gala. Incluso pon\u00edamos los carteles a los regalos viendo como cada vez hab\u00eda m\u00e1s sacos.<\/em><\/p>\n\n\n\n<p class=\"has-medium-font-size\"><em>Recuerdo la cocina llena de postres, cacerolas y tabletas de chocolate que luego rall\u00e1bamos para echarlos en la leche y mover, y mover, y mover hasta que espesaba el chocolate.<\/em><\/p>\n\n\n\n<p class=\"has-medium-font-size\"><em>Recuerdo la cena en la cocina todos los primos juntos, cuando \u00e9ramos ni\u00f1os y no tan ni\u00f1os, pero juntos compartiendo juegos y emoci\u00f3n porque llegara el gran momento: el de los regalos. Recuerdo comer la sopa de la abuela que, ese d\u00eda hasta me gustaba.<\/em><\/p>\n\n\n\n<p class=\"has-medium-font-size\"><em>Recuerdo todos acoplados como pod\u00edamos en el sal\u00f3n, cada vez m\u00e1s peque\u00f1o porque cada vez \u00e9ramos m\u00e1s. Hab\u00eda quienes ya ten\u00edan su sitio reservado, y hab\u00eda quienes se sentaban d\u00f3nde y c\u00f3mo pod\u00edan, pero todos acab\u00e1bamos llamando al Rey Mago de turno cantando y haciendo chistes<\/em>.<\/p>\n\n\n\n<p class=\"has-medium-font-size\"><em>El momento de venir el rey mago y repartir los regalos era \u00fanico. Lo que nunca entend\u00ed fue lo del disfraz \u00bfpor qu\u00e9 no parec\u00eda un Rey Mago? Cierto que no hab\u00eda bazares chinos a\u00fan, pero siempre cre\u00ed que se pod\u00eda haber hecho mejor, aunque al final, ese era uno de los encantos del momento, ya por tradici\u00f3n.<\/em><\/p>\n\n\n\n<p class=\"has-medium-font-size\"><em>Y llegaba el gran momento: \u201c De los abuelos para la Mari\u2026.\u201d, \u201cpero qu\u00e9 Mari?&#8230;.\u201d, \u201cqu\u00e9 pone aqu\u00ed\u2026\u201dy as\u00ed, entre regalo y regalo, el chascarrillo que a todos nos hac\u00eda re<\/em>\u00edr.<\/p>\n\n\n\n<p class=\"has-medium-font-size\"><em>Yo ya imaginaba lo que iba a pasar, casi los regalos que iba a recibir o incluso los que me iban a gustar, pero daba igual, era un momento tan divertido y especial que lo disfrutaba como si fuera el primero.<\/em><\/p>\n\n\n\n<p class=\"has-medium-font-size\"><em>Lo que m\u00e1s me gustaba de ese d\u00eda era que est\u00e1bamos todos juntos, todos los que \u00e9ramos en la gran familia Artacho, y que siempre era muy divertido.<\/em><\/p>\n\n\n\n<p class=\"has-medium-font-size\"><em>Luego quedaba recoger y volver a limpiar, pero hab\u00eda merecido la pena. Hab\u00eda vivido otra gran noche m\u00e1gica de Reyes<\/em>.<\/p>\n\n\n\n<p class=\"has-medium-font-size\"><em>Es por eso que, volver a juntarnos todos hoy 4 de enero de 2024, tiene para mi, en s\u00ed, la esencia de la Noche de Reyes.<\/em><\/p>\n\n\n\n<p class=\"has-medium-font-size\"><em>Gracias por hacerlo posible T\u00edo! Y gracias Petra por acompa\u00f1arlo y acompa\u00f1arnos.<\/em> <\/p>\n\n\n\n<p class=\"has-medium-font-size\"><strong><em>PAZ<\/em><\/strong><\/p>\n\n\n\n<figure class=\"wp-block-image size-large\"><img loading=\"lazy\" decoding=\"async\" width=\"889\" height=\"1024\" src=\"https:\/\/rafaelartacho.es\/wp-content\/uploads\/2026\/01\/20240104-Reyes-Artacho_260123_235444_Pagina_08-889x1024.jpg\" alt=\"\" class=\"wp-image-1722\" srcset=\"https:\/\/rafaelartacho.es\/wp-content\/uploads\/2026\/01\/20240104-Reyes-Artacho_260123_235444_Pagina_08-889x1024.jpg 889w, https:\/\/rafaelartacho.es\/wp-content\/uploads\/2026\/01\/20240104-Reyes-Artacho_260123_235444_Pagina_08-260x300.jpg 260w, https:\/\/rafaelartacho.es\/wp-content\/uploads\/2026\/01\/20240104-Reyes-Artacho_260123_235444_Pagina_08-768x885.jpg 768w, https:\/\/rafaelartacho.es\/wp-content\/uploads\/2026\/01\/20240104-Reyes-Artacho_260123_235444_Pagina_08.jpg 952w\" sizes=\"auto, (max-width: 709px) 85vw, (max-width: 909px) 67vw, (max-width: 1362px) 62vw, 840px\" \/><\/figure>\n\n\n\n<hr class=\"wp-block-separator has-alpha-channel-opacity\"\/>\n\n\n\n<h2 class=\"wp-block-heading\"><em><strong>Recuerdos de Vanesa (Nieta)<\/strong><\/em><\/h2>\n\n\n\n<p class=\"has-medium-font-size\"><em>C\u00f3mo olvidar esta fiesta tan significativa para m\u00ed.<\/em><\/p>\n\n\n\n<p class=\"has-medium-font-size\"><em>Las fotos muestran recuerdos de ilusi\u00f3n, de impaciencia por saber qu\u00e9 rey mago nos visitar\u00eda esa noche.<\/em><\/p>\n\n\n\n<p class=\"has-medium-font-size\"><em>Recuerdo que desde peque\u00f1a ten\u00edamos que esperar a salir de la tienda, recoger el rosc\u00f3n gigante en nuestra querida pasteler\u00eda Bl\u00e1zquez en M\u00f3stoles que a la hora que fueras ese 5 de enero hab\u00eda una cola gigante. Pero a pesar de todo cuando lleg\u00e1bamos y nos reun\u00edamos era especial.<\/em><\/p>\n\n\n\n<p class=\"has-medium-font-size\"><em>Y c\u00f3mo no recordar las actuaciones que prepar\u00e1bamos mis primas y yo para amenizar el tiempo de espera de los Reyes Magos.<\/em><\/p>\n\n\n\n<p class=\"has-medium-font-size\"><em>Felicidad, ilusi\u00f3n y alegr\u00eda son mis recuerdos que quedaran en mi memoria.<\/em><\/p>\n\n\n\n<p class=\"has-medium-font-size\">VANESA<\/p>\n\n\n\n<figure class=\"wp-block-image size-full\"><img loading=\"lazy\" decoding=\"async\" width=\"715\" height=\"566\" src=\"https:\/\/rafaelartacho.es\/wp-content\/uploads\/2026\/01\/20240104-Reyes-Artacho_260123_235444_Pagina_09.jpg\" alt=\"\" class=\"wp-image-1723\" srcset=\"https:\/\/rafaelartacho.es\/wp-content\/uploads\/2026\/01\/20240104-Reyes-Artacho_260123_235444_Pagina_09.jpg 715w, https:\/\/rafaelartacho.es\/wp-content\/uploads\/2026\/01\/20240104-Reyes-Artacho_260123_235444_Pagina_09-300x237.jpg 300w\" sizes=\"auto, (max-width: 709px) 85vw, (max-width: 909px) 67vw, (max-width: 984px) 61vw, (max-width: 1362px) 45vw, 600px\" \/><\/figure>\n\n\n\n<hr class=\"wp-block-separator has-alpha-channel-opacity\"\/>\n\n\n\n<figure class=\"wp-block-image size-large\"><img loading=\"lazy\" decoding=\"async\" width=\"1024\" height=\"747\" src=\"https:\/\/rafaelartacho.es\/wp-content\/uploads\/2026\/01\/Gemini_Generated_Image_rlh1dhrlh1dhrlh1-1024x747.png\" alt=\"\" class=\"wp-image-1757\" srcset=\"https:\/\/rafaelartacho.es\/wp-content\/uploads\/2026\/01\/Gemini_Generated_Image_rlh1dhrlh1dhrlh1-1024x747.png 1024w, https:\/\/rafaelartacho.es\/wp-content\/uploads\/2026\/01\/Gemini_Generated_Image_rlh1dhrlh1dhrlh1-300x219.png 300w, https:\/\/rafaelartacho.es\/wp-content\/uploads\/2026\/01\/Gemini_Generated_Image_rlh1dhrlh1dhrlh1-768x560.png 768w, https:\/\/rafaelartacho.es\/wp-content\/uploads\/2026\/01\/Gemini_Generated_Image_rlh1dhrlh1dhrlh1.png 1184w\" sizes=\"auto, (max-width: 709px) 85vw, (max-width: 909px) 67vw, (max-width: 1362px) 62vw, 840px\" \/><\/figure>\n\n\n\n<figure class=\"wp-block-image size-large\"><img loading=\"lazy\" decoding=\"async\" width=\"1024\" height=\"747\" src=\"https:\/\/rafaelartacho.es\/wp-content\/uploads\/2026\/01\/Gemini_Generated_Image_xte4l0xte4l0xte4-1024x747.png\" alt=\"\" class=\"wp-image-1760\" srcset=\"https:\/\/rafaelartacho.es\/wp-content\/uploads\/2026\/01\/Gemini_Generated_Image_xte4l0xte4l0xte4-1024x747.png 1024w, https:\/\/rafaelartacho.es\/wp-content\/uploads\/2026\/01\/Gemini_Generated_Image_xte4l0xte4l0xte4-300x219.png 300w, https:\/\/rafaelartacho.es\/wp-content\/uploads\/2026\/01\/Gemini_Generated_Image_xte4l0xte4l0xte4-768x560.png 768w, https:\/\/rafaelartacho.es\/wp-content\/uploads\/2026\/01\/Gemini_Generated_Image_xte4l0xte4l0xte4.png 1184w\" sizes=\"auto, (max-width: 709px) 85vw, (max-width: 909px) 67vw, (max-width: 1362px) 62vw, 840px\" \/><\/figure>\n\n\n\n<figure class=\"wp-block-image size-large\"><img loading=\"lazy\" decoding=\"async\" width=\"1024\" height=\"733\" src=\"https:\/\/rafaelartacho.es\/wp-content\/uploads\/2026\/01\/img112-Enhanced-1024x733.jpg\" alt=\"\" class=\"wp-image-1759\" srcset=\"https:\/\/rafaelartacho.es\/wp-content\/uploads\/2026\/01\/img112-Enhanced-1024x733.jpg 1024w, https:\/\/rafaelartacho.es\/wp-content\/uploads\/2026\/01\/img112-Enhanced-300x215.jpg 300w, https:\/\/rafaelartacho.es\/wp-content\/uploads\/2026\/01\/img112-Enhanced-768x549.jpg 768w, https:\/\/rafaelartacho.es\/wp-content\/uploads\/2026\/01\/img112-Enhanced-1536x1099.jpg 1536w, https:\/\/rafaelartacho.es\/wp-content\/uploads\/2026\/01\/img112-Enhanced-2048x1465.jpg 2048w, https:\/\/rafaelartacho.es\/wp-content\/uploads\/2026\/01\/img112-Enhanced-1200x859.jpg 1200w\" sizes=\"auto, (max-width: 709px) 85vw, (max-width: 909px) 67vw, (max-width: 1362px) 62vw, 840px\" \/><\/figure>\n\n\n\n<hr class=\"wp-block-separator has-alpha-channel-opacity\"\/>\n\n\n\n<h2 class=\"wp-block-heading\"><em><strong>Recuerdos de Irene (nieta)<\/strong><\/em><\/h2>\n\n\n\n<p class=\"has-medium-font-size\"><em>Recuerdo juntarnos todas las primas en la cocina y preparar la sopa. La emoci\u00f3n de recibir los regalos al principio y luego preparar los sacos y al elegido. La sonrisa de la abuela y la cara de satisfacci\u00f3n del abuelo.<\/em><\/p>\n\n\n\n<p class=\"has-medium-font-size\">S<em>iempre me parec\u00eda ver venir a los reyes por la ventana. La impaciencia de la llegada de mi regalo y el fin de fiesta tomando el rosc\u00f3n que tra\u00eda el t\u00edo Rafa y del que disfrut\u00e1bamos hasta del regalito.<\/em> <\/p>\n\n\n\n<p class=\"has-medium-font-size\">IRENE<\/p>\n\n\n\n<figure class=\"wp-block-image size-large\"><img loading=\"lazy\" decoding=\"async\" width=\"1024\" height=\"666\" src=\"https:\/\/rafaelartacho.es\/wp-content\/uploads\/2026\/01\/20240104-Reyes-Artacho_260123_235444_Pagina_11-1024x666.jpg\" alt=\"\" class=\"wp-image-1725\" srcset=\"https:\/\/rafaelartacho.es\/wp-content\/uploads\/2026\/01\/20240104-Reyes-Artacho_260123_235444_Pagina_11-1024x666.jpg 1024w, https:\/\/rafaelartacho.es\/wp-content\/uploads\/2026\/01\/20240104-Reyes-Artacho_260123_235444_Pagina_11-300x195.jpg 300w, https:\/\/rafaelartacho.es\/wp-content\/uploads\/2026\/01\/20240104-Reyes-Artacho_260123_235444_Pagina_11-768x500.jpg 768w, https:\/\/rafaelartacho.es\/wp-content\/uploads\/2026\/01\/20240104-Reyes-Artacho_260123_235444_Pagina_11-1200x781.jpg 1200w, https:\/\/rafaelartacho.es\/wp-content\/uploads\/2026\/01\/20240104-Reyes-Artacho_260123_235444_Pagina_11.jpg 1225w\" sizes=\"auto, (max-width: 709px) 85vw, (max-width: 909px) 67vw, (max-width: 1362px) 62vw, 840px\" \/><\/figure>\n\n\n\n<hr class=\"wp-block-separator has-alpha-channel-opacity\"\/>\n\n\n\n<h2 class=\"wp-block-heading\"><em><strong>Recuerdos de Juan Carlos (nieto)<\/strong><\/em><\/h2>\n\n\n\n<p class=\"has-medium-font-size\"><em>La noche de reyes en casa de los abuelos era algo especial, una tradici\u00f3n propia de los Artacho, que, al menos yo, no he visto en ninguna otra familia. Nos \u00edbamos juntando todos all\u00ed, y a no ser que hubiera alguna causa mayor (trabajo del t\u00edo Carlos, por ejemplo), no faltaba nunca nadie.<\/em><\/p>\n\n\n\n<p class=\"has-medium-font-size\"><em>Nos \u00edbamos reuniendo a partir de las 4 o 5 de la tarde, pero el momento especial llegaba a las 00. Ah\u00ed encend\u00edamos las bengalas, se apagaban las luces y cant\u00e1bamos el villancico de ya vienen los reyes. Entonces, aparec\u00eda un rey mago con un bols\u00f3n negro lleno de regalos y los repart\u00eda.<\/em><\/p>\n\n\n\n<p class=\"has-medium-font-size\"><em>A m\u00ed me ha tocado ser el 6\u00ba nieto, justo en el medio, 5 por arriba y 5 por abajo, pero cuando ten\u00eda 8 o 9 a\u00f1os, a\u00fan quedaban 2 por llegar, pues no recuerdo bien con quien, pero nos colamos en la habitaci\u00f3n prohibida, la de la t\u00eda Mari, que era donde \u00abescond\u00edan\u00bb los bolsones de regalos, no veas que emoci\u00f3n al verlos, eso s\u00ed, no hicimos nada m\u00e1s, ni revolvimos, ni abrimos ninguno, no quer\u00edamos fastidiar, la que era para nosotros, la noche m\u00e1s especial del a\u00f1o.<\/em><\/p>\n\n\n\n<p class=\"has-medium-font-size\"><strong><em> JUANCAR<\/em><\/strong>.<\/p>\n\n\n\n<figure class=\"wp-block-image size-full\"><img loading=\"lazy\" decoding=\"async\" width=\"563\" height=\"723\" src=\"https:\/\/rafaelartacho.es\/wp-content\/uploads\/2026\/01\/20240104-Reyes-Artacho_260123_235444_Pagina_12.jpg\" alt=\"\" class=\"wp-image-1726\" srcset=\"https:\/\/rafaelartacho.es\/wp-content\/uploads\/2026\/01\/20240104-Reyes-Artacho_260123_235444_Pagina_12.jpg 563w, https:\/\/rafaelartacho.es\/wp-content\/uploads\/2026\/01\/20240104-Reyes-Artacho_260123_235444_Pagina_12-234x300.jpg 234w\" sizes=\"auto, (max-width: 563px) 85vw, 563px\" \/><\/figure>\n\n\n\n<hr class=\"wp-block-separator has-alpha-channel-opacity\"\/>\n\n\n\n<h2 class=\"wp-block-heading\"><em><strong>Recuerdos de Javi (nieto)<\/strong><\/em><\/h2>\n\n\n\n<p class=\"has-medium-font-size\"><em>No hay duda de que todos tenemos recuerdos muy emotivos de los Reyes en casa de los abuelos y lo recordamos con much\u00edsimo cari\u00f1o. Pero no es menos cierto que a\u00f1os m\u00e1s tarde (bastantes), tenemos la gran suerte de poder seguir disfrut\u00e1ndolo en familia con la misma o incluso m\u00e1s ilusi\u00f3n \ud83d\ude42<\/em><\/p>\n\n\n\n<p class=\"has-medium-font-size\"><em>No apagar\u00e1n las luces y esperaremos emocionados a un se\u00f1@r de dudosa procedencia con bolsas llenas de regalos, pero seguro que podremos escribir otros momentos muy especiales que recordar.<\/em><\/p>\n\n\n\n<p class=\"has-medium-font-size\"><em>Disfrutaremos por los que ya no est\u00e1n y disfrutaremos de las nuevas incorporaciones (winwin ^^)<\/em><\/p>\n\n\n\n<p class=\"has-medium-font-size\"><em>Gracias Petra por estar siempre dispuesta y entusiasmada en colaborar a que te llenen la casa de ni\u00f1os y no tan ni\u00f1os y Pap\u00e1 por darnos ejemplo cada d\u00eda de lo que es ser buena persona.<\/em><\/p>\n\n\n\n<p class=\"has-medium-font-size\"><em>Os quiero!!!<\/em><\/p>\n\n\n\n<p class=\"has-medium-font-size\"><em>JAVI<\/em><\/p>\n\n\n\n<figure class=\"wp-block-image size-large\"><img loading=\"lazy\" decoding=\"async\" width=\"1024\" height=\"690\" src=\"https:\/\/rafaelartacho.es\/wp-content\/uploads\/2026\/01\/20240104-Reyes-Artacho_260123_235444_Pagina_13-1024x690.jpg\" alt=\"\" class=\"wp-image-1727\" srcset=\"https:\/\/rafaelartacho.es\/wp-content\/uploads\/2026\/01\/20240104-Reyes-Artacho_260123_235444_Pagina_13-1024x690.jpg 1024w, https:\/\/rafaelartacho.es\/wp-content\/uploads\/2026\/01\/20240104-Reyes-Artacho_260123_235444_Pagina_13-300x202.jpg 300w, https:\/\/rafaelartacho.es\/wp-content\/uploads\/2026\/01\/20240104-Reyes-Artacho_260123_235444_Pagina_13-768x517.jpg 768w, https:\/\/rafaelartacho.es\/wp-content\/uploads\/2026\/01\/20240104-Reyes-Artacho_260123_235444_Pagina_13.jpg 1078w\" sizes=\"auto, (max-width: 709px) 85vw, (max-width: 909px) 67vw, (max-width: 1362px) 62vw, 840px\" \/><\/figure>\n\n\n\n<hr class=\"wp-block-separator has-alpha-channel-opacity\"\/>\n\n\n\n<h2 class=\"wp-block-heading\"><em><strong>Recuerdos de Pedro (nieto)<\/strong><\/em><\/h2>\n\n\n\n<p class=\"has-medium-font-size\"><em>Recuerdo que \u201cLos Reyes\u201d eran un acontecimiento que se preparaba desde mucho antes.<\/em><\/p>\n\n\n\n<p class=\"has-medium-font-size\"><em>Al principio s\u00f3lo ten\u00eda que buscar juguetes en los cat\u00e1logos en casa de la t\u00eda Carmen, pero muy pronto pude colaborar para que aquella noche m\u00e1gica se hiciera realidad. Recuerdo acompa\u00f1ar a la abuela a buscar la decoraci\u00f3n que yo mismo chincheteaba luego por toda la casa subido a cualquier cosa, y tambi\u00e9n las compras, y ayudarla a elegir regalos para el resto de primos: \u201cni\u00f1o, t\u00fa que sabes de esas cosas, \u00bfesto le podr\u00eda gustar a\u2026?\u201d. La anticipaci\u00f3n antes de que llegaran todos los dem\u00e1s era total, con las bandejas con vasos de flan a reposo en la cocina\u2026<\/em><\/p>\n\n\n\n<p class=\"has-medium-font-size\"><em>Los recuerdos se mezclan con mis nochebuenas, que fueron tantas veces en esa misma casa: el olor a sopa de marisco, a cordero, a bengalas, aquella enorme caja de rosc\u00f3n. La noche brilla en mi recuerdo con las risas graves del t\u00edo Luis o del t\u00edo Manolo, y con las bromas agudas y subidas de tono de algunas de las t\u00edas y de las primas mayores. De fondo, siempre la presencia discreta pero firme del abuelo, la gracia y complicidad de la abuela, la protecci\u00f3n atenta de mis padres, los abrazos de Mari Paz y Susana. Ser el peque\u00f1o ten\u00eda el inconveniente de ser m\u00e1s asustadizo, junto a unos primos que crec\u00edan en picard\u00eda m\u00e1s r\u00e1pido que el \u00fanico hijo \u00fanico. Y poco a poco recuerdo empezar a captar las preguntas y comentarios inc\u00f3modos, y que fueron alimentando mi propio criterio.<\/em><\/p>\n\n\n\n<p class=\"has-medium-font-size\"><em>Tras cierta agitaci\u00f3n (supongo que en la controversia de qui\u00e9n se enfundaba el traje), la campanilla anunciaba a los reyes, acompa\u00f1ada de aquel villancico. De inacabables bolsas de basura emerg\u00edan las ventajas de ser el m\u00e1s canijo, acumulando una monta\u00f1a de regalos. \u201cPara Pedrito de sus abuelos\u201d. \u201cPara Pedrito de sus padrinos\u201d. \u201cPara Pedrito de sus padres que le quieren\u201d. Realmente fue un gran acierto no atribuir a seres inexistentes lo que personas de carne y hueso, pero tan llenas de magia, lograron construir.<\/em><\/p>\n\n\n\n<p class=\"has-medium-font-size\"><em>En los \u00faltimos a\u00f1os, tambi\u00e9n recuerdo la expectativa por que llegara un primo m\u00e1s peque\u00f1o que yo -\u00a1por fin!-y los esfuerzos para mantener viva la celebraci\u00f3n hasta su llegada: \u00a1menudos tres reyes hicimos Juan Carlos, Javi y yo! Los tres ni\u00f1os cambiamos de lado, porque todo val\u00eda para mantener y devolver a los abuelos la ilusi\u00f3n que entre todos nos hab\u00edais regalado tantos a\u00f1os. Para los abuelos, lo \u00fanico fundamental era reunirnos a todos y que aquella noche sirviera para atar lazos de cari\u00f1o irrompibles. Y su felicidad lo val\u00eda todo.<\/em> <\/p>\n\n\n\n<p class=\"has-medium-font-size\">PEDRO<\/p>\n\n\n\n<figure class=\"wp-block-image size-full\"><img loading=\"lazy\" decoding=\"async\" width=\"989\" height=\"770\" src=\"https:\/\/rafaelartacho.es\/wp-content\/uploads\/2026\/01\/20240104-Reyes-Artacho_260123_235444_Pagina_15.jpg\" alt=\"\" class=\"wp-image-1728\" srcset=\"https:\/\/rafaelartacho.es\/wp-content\/uploads\/2026\/01\/20240104-Reyes-Artacho_260123_235444_Pagina_15.jpg 989w, https:\/\/rafaelartacho.es\/wp-content\/uploads\/2026\/01\/20240104-Reyes-Artacho_260123_235444_Pagina_15-300x234.jpg 300w, https:\/\/rafaelartacho.es\/wp-content\/uploads\/2026\/01\/20240104-Reyes-Artacho_260123_235444_Pagina_15-768x598.jpg 768w\" sizes=\"auto, (max-width: 709px) 85vw, (max-width: 909px) 67vw, (max-width: 1362px) 62vw, 840px\" \/><\/figure>\n\n\n\n<hr class=\"wp-block-separator has-alpha-channel-opacity\"\/>\n\n\n\n<figure class=\"wp-block-gallery has-nested-images columns-default is-cropped wp-block-gallery-4 is-layout-flex wp-block-gallery-is-layout-flex\">\n<figure class=\"wp-block-image size-large\"><img loading=\"lazy\" decoding=\"async\" width=\"1024\" height=\"632\" data-id=\"1763\" src=\"https:\/\/rafaelartacho.es\/wp-content\/uploads\/2026\/01\/Pagina_16-1-1024x632.jpg\" alt=\"\" class=\"wp-image-1763\" srcset=\"https:\/\/rafaelartacho.es\/wp-content\/uploads\/2026\/01\/Pagina_16-1-1024x632.jpg 1024w, https:\/\/rafaelartacho.es\/wp-content\/uploads\/2026\/01\/Pagina_16-1-300x185.jpg 300w, https:\/\/rafaelartacho.es\/wp-content\/uploads\/2026\/01\/Pagina_16-1-768x474.jpg 768w, https:\/\/rafaelartacho.es\/wp-content\/uploads\/2026\/01\/Pagina_16-1-1536x948.jpg 1536w, https:\/\/rafaelartacho.es\/wp-content\/uploads\/2026\/01\/Pagina_16-1-1200x741.jpg 1200w, https:\/\/rafaelartacho.es\/wp-content\/uploads\/2026\/01\/Pagina_16-1.jpg 1633w\" sizes=\"auto, (max-width: 709px) 85vw, (max-width: 909px) 67vw, (max-width: 1362px) 62vw, 840px\" \/><\/figure>\n\n\n\n<figure class=\"wp-block-image size-large\"><img loading=\"lazy\" decoding=\"async\" width=\"777\" height=\"1024\" data-id=\"1764\" src=\"https:\/\/rafaelartacho.es\/wp-content\/uploads\/2026\/01\/Pagina_16-2-777x1024.jpg\" alt=\"\" class=\"wp-image-1764\" srcset=\"https:\/\/rafaelartacho.es\/wp-content\/uploads\/2026\/01\/Pagina_16-2-777x1024.jpg 777w, https:\/\/rafaelartacho.es\/wp-content\/uploads\/2026\/01\/Pagina_16-2-228x300.jpg 228w, https:\/\/rafaelartacho.es\/wp-content\/uploads\/2026\/01\/Pagina_16-2-768x1012.jpg 768w, https:\/\/rafaelartacho.es\/wp-content\/uploads\/2026\/01\/Pagina_16-2.jpg 840w\" sizes=\"auto, (max-width: 709px) 85vw, (max-width: 909px) 67vw, (max-width: 984px) 61vw, (max-width: 1362px) 45vw, 600px\" \/><\/figure>\n\n\n\n<figure class=\"wp-block-image size-large\"><img loading=\"lazy\" decoding=\"async\" width=\"1024\" height=\"536\" data-id=\"1765\" src=\"https:\/\/rafaelartacho.es\/wp-content\/uploads\/2026\/01\/Pagina_16-3-1024x536.jpg\" alt=\"\" class=\"wp-image-1765\" srcset=\"https:\/\/rafaelartacho.es\/wp-content\/uploads\/2026\/01\/Pagina_16-3-1024x536.jpg 1024w, https:\/\/rafaelartacho.es\/wp-content\/uploads\/2026\/01\/Pagina_16-3-300x157.jpg 300w, https:\/\/rafaelartacho.es\/wp-content\/uploads\/2026\/01\/Pagina_16-3-768x402.jpg 768w, https:\/\/rafaelartacho.es\/wp-content\/uploads\/2026\/01\/Pagina_16-3-1536x804.jpg 1536w, https:\/\/rafaelartacho.es\/wp-content\/uploads\/2026\/01\/Pagina_16-3-1200x628.jpg 1200w, https:\/\/rafaelartacho.es\/wp-content\/uploads\/2026\/01\/Pagina_16-3.jpg 1620w\" sizes=\"auto, (max-width: 709px) 85vw, (max-width: 909px) 67vw, (max-width: 1362px) 62vw, 840px\" \/><\/figure>\n<\/figure>\n\n\n\n<hr class=\"wp-block-separator has-alpha-channel-opacity\"\/>\n\n\n\n<h2 class=\"wp-block-heading\"><em>Recuerdos de Carlitos (Nieto)<\/em><\/h2>\n\n\n\n<p class=\"has-medium-font-size\"><em>Hola a todos<\/em>.<\/p>\n\n\n\n<p class=\"has-medium-font-size\"><em>A\u00fan recuerdo con mucha ilusi\u00f3n cuando iba con mis padres a casa de los abuelos a celebrar el d\u00eda de reyes. Para m\u00ed fue muy especial el poder encontrar una familia tan unida que ten\u00eda tradiciones tan bonitas como esa. Me acuerdo que cant\u00e1bamos primero unos cuantos villancicos como: \u201cya vienen los reyes magos caminito de Bel\u00e9n\u201d, y luego ya sal\u00edan los primos o t\u00edos disfrazados de los reyes para ir entregando los regalos a todo el mundo; incluidos ni\u00f1os y mayores.<\/em><\/p>\n\n\n\n<p class=\"has-medium-font-size\"><em>Es una l\u00e1stima que ese tiempo pasase tan r\u00e1pido porque ya no va a volver. Pero lo que s\u00ed tengo son muy buenos recuerdos y eso va a perdurar toda la vida.<\/em><\/p>\n\n\n\n<p class=\"has-medium-font-size\"><em>Espero que teng\u00e1is una bonita Navidad y un pr\u00f3spero 2025.<\/em><\/p>\n\n\n\n<p class=\"has-medium-font-size\"><em>Con amor de vuestro primo Carlitos<\/em>.<\/p>\n\n\n\n<p class=\"has-medium-font-size\"><strong><em>CARLITOS<\/em><\/strong><\/p>\n\n\n\n<figure class=\"wp-block-image size-full\"><img loading=\"lazy\" decoding=\"async\" width=\"678\" height=\"941\" src=\"https:\/\/rafaelartacho.es\/wp-content\/uploads\/2026\/01\/20240104-Reyes-Artacho_260123_235444_Pagina_17.jpg\" alt=\"\" class=\"wp-image-1730\" srcset=\"https:\/\/rafaelartacho.es\/wp-content\/uploads\/2026\/01\/20240104-Reyes-Artacho_260123_235444_Pagina_17.jpg 678w, https:\/\/rafaelartacho.es\/wp-content\/uploads\/2026\/01\/20240104-Reyes-Artacho_260123_235444_Pagina_17-216x300.jpg 216w\" sizes=\"auto, (max-width: 709px) 85vw, (max-width: 909px) 67vw, (max-width: 984px) 61vw, (max-width: 1362px) 45vw, 600px\" \/><\/figure>\n\n\n\n<hr class=\"wp-block-separator has-alpha-channel-opacity\"\/>\n\n\n\n<p class=\"has-text-align-center has-medium-font-size\">5 de enero de 2004<\/p>\n\n\n\n<figure class=\"wp-block-gallery has-nested-images columns-default is-cropped wp-block-gallery-5 is-layout-flex wp-block-gallery-is-layout-flex\">\n<figure class=\"wp-block-image size-large\"><img loading=\"lazy\" decoding=\"async\" width=\"775\" height=\"653\" data-id=\"1768\" src=\"https:\/\/rafaelartacho.es\/wp-content\/uploads\/2026\/01\/Pagina_18-1.jpg\" alt=\"\" class=\"wp-image-1768\" srcset=\"https:\/\/rafaelartacho.es\/wp-content\/uploads\/2026\/01\/Pagina_18-1.jpg 775w, https:\/\/rafaelartacho.es\/wp-content\/uploads\/2026\/01\/Pagina_18-1-300x253.jpg 300w, https:\/\/rafaelartacho.es\/wp-content\/uploads\/2026\/01\/Pagina_18-1-768x647.jpg 768w\" sizes=\"auto, (max-width: 709px) 85vw, (max-width: 909px) 67vw, (max-width: 984px) 61vw, (max-width: 1362px) 45vw, 600px\" \/><\/figure>\n\n\n\n<figure class=\"wp-block-image size-large\"><img loading=\"lazy\" decoding=\"async\" width=\"802\" height=\"637\" data-id=\"1769\" src=\"https:\/\/rafaelartacho.es\/wp-content\/uploads\/2026\/01\/Pagina_18-2.jpg\" alt=\"\" class=\"wp-image-1769\" srcset=\"https:\/\/rafaelartacho.es\/wp-content\/uploads\/2026\/01\/Pagina_18-2.jpg 802w, https:\/\/rafaelartacho.es\/wp-content\/uploads\/2026\/01\/Pagina_18-2-300x238.jpg 300w, https:\/\/rafaelartacho.es\/wp-content\/uploads\/2026\/01\/Pagina_18-2-768x610.jpg 768w\" sizes=\"auto, (max-width: 709px) 85vw, (max-width: 909px) 67vw, (max-width: 984px) 61vw, (max-width: 1362px) 45vw, 600px\" \/><\/figure>\n<\/figure>\n\n\n\n<figure class=\"wp-block-image size-large\"><img loading=\"lazy\" decoding=\"async\" width=\"1024\" height=\"719\" src=\"https:\/\/rafaelartacho.es\/wp-content\/uploads\/2026\/01\/Pagina_18-3-1024x719.jpg\" alt=\"\" class=\"wp-image-1770\" srcset=\"https:\/\/rafaelartacho.es\/wp-content\/uploads\/2026\/01\/Pagina_18-3-1024x719.jpg 1024w, https:\/\/rafaelartacho.es\/wp-content\/uploads\/2026\/01\/Pagina_18-3-300x211.jpg 300w, https:\/\/rafaelartacho.es\/wp-content\/uploads\/2026\/01\/Pagina_18-3-768x539.jpg 768w, https:\/\/rafaelartacho.es\/wp-content\/uploads\/2026\/01\/Pagina_18-3.jpg 1131w\" sizes=\"auto, (max-width: 709px) 85vw, (max-width: 909px) 67vw, (max-width: 1362px) 62vw, 840px\" \/><\/figure>\n\n\n\n<figure class=\"wp-block-image size-full\"><img loading=\"lazy\" decoding=\"async\" width=\"999\" height=\"684\" src=\"https:\/\/rafaelartacho.es\/wp-content\/uploads\/2026\/01\/Pagina_18-4.jpg\" alt=\"\" class=\"wp-image-1771\" srcset=\"https:\/\/rafaelartacho.es\/wp-content\/uploads\/2026\/01\/Pagina_18-4.jpg 999w, https:\/\/rafaelartacho.es\/wp-content\/uploads\/2026\/01\/Pagina_18-4-300x205.jpg 300w, https:\/\/rafaelartacho.es\/wp-content\/uploads\/2026\/01\/Pagina_18-4-768x526.jpg 768w\" sizes=\"auto, (max-width: 709px) 85vw, (max-width: 909px) 67vw, (max-width: 1362px) 62vw, 840px\" \/><\/figure>\n\n\n\n<figure class=\"wp-block-image size-large\"><img loading=\"lazy\" decoding=\"async\" width=\"1024\" height=\"710\" src=\"https:\/\/rafaelartacho.es\/wp-content\/uploads\/2026\/01\/Pagina_18-5-1024x710.jpg\" alt=\"\" class=\"wp-image-1772\" srcset=\"https:\/\/rafaelartacho.es\/wp-content\/uploads\/2026\/01\/Pagina_18-5-1024x710.jpg 1024w, https:\/\/rafaelartacho.es\/wp-content\/uploads\/2026\/01\/Pagina_18-5-300x208.jpg 300w, https:\/\/rafaelartacho.es\/wp-content\/uploads\/2026\/01\/Pagina_18-5-768x533.jpg 768w, https:\/\/rafaelartacho.es\/wp-content\/uploads\/2026\/01\/Pagina_18-5.jpg 1107w\" sizes=\"auto, (max-width: 709px) 85vw, (max-width: 909px) 67vw, (max-width: 1362px) 62vw, 840px\" \/><\/figure>\n\n\n\n<p class=\"has-text-align-center has-medium-font-size\">5 de enero de 1996<\/p>\n\n\n\n<figure class=\"wp-block-image size-full\"><img loading=\"lazy\" decoding=\"async\" width=\"853\" height=\"688\" src=\"https:\/\/rafaelartacho.es\/wp-content\/uploads\/2026\/01\/Pagina_19-1.jpg\" alt=\"\" class=\"wp-image-1773\" srcset=\"https:\/\/rafaelartacho.es\/wp-content\/uploads\/2026\/01\/Pagina_19-1.jpg 853w, https:\/\/rafaelartacho.es\/wp-content\/uploads\/2026\/01\/Pagina_19-1-300x242.jpg 300w, https:\/\/rafaelartacho.es\/wp-content\/uploads\/2026\/01\/Pagina_19-1-768x619.jpg 768w\" sizes=\"auto, (max-width: 709px) 85vw, (max-width: 909px) 67vw, (max-width: 1362px) 62vw, 840px\" \/><\/figure>\n\n\n\n<figure class=\"wp-block-image size-large\"><img loading=\"lazy\" decoding=\"async\" width=\"1024\" height=\"675\" src=\"https:\/\/rafaelartacho.es\/wp-content\/uploads\/2026\/01\/Pagina_19-2-1024x675.jpg\" alt=\"\" class=\"wp-image-1774\" srcset=\"https:\/\/rafaelartacho.es\/wp-content\/uploads\/2026\/01\/Pagina_19-2-1024x675.jpg 1024w, https:\/\/rafaelartacho.es\/wp-content\/uploads\/2026\/01\/Pagina_19-2-300x198.jpg 300w, https:\/\/rafaelartacho.es\/wp-content\/uploads\/2026\/01\/Pagina_19-2-768x506.jpg 768w, https:\/\/rafaelartacho.es\/wp-content\/uploads\/2026\/01\/Pagina_19-2.jpg 1148w\" sizes=\"auto, (max-width: 709px) 85vw, (max-width: 909px) 67vw, (max-width: 1362px) 62vw, 840px\" \/><\/figure>\n\n\n\n<figure class=\"wp-block-image size-large\"><img loading=\"lazy\" decoding=\"async\" width=\"1024\" height=\"658\" src=\"https:\/\/rafaelartacho.es\/wp-content\/uploads\/2026\/01\/Pagina_19-3-1024x658.jpg\" alt=\"\" class=\"wp-image-1775\" srcset=\"https:\/\/rafaelartacho.es\/wp-content\/uploads\/2026\/01\/Pagina_19-3-1024x658.jpg 1024w, https:\/\/rafaelartacho.es\/wp-content\/uploads\/2026\/01\/Pagina_19-3-300x193.jpg 300w, https:\/\/rafaelartacho.es\/wp-content\/uploads\/2026\/01\/Pagina_19-3-768x494.jpg 768w, https:\/\/rafaelartacho.es\/wp-content\/uploads\/2026\/01\/Pagina_19-3.jpg 1092w\" sizes=\"auto, (max-width: 709px) 85vw, (max-width: 909px) 67vw, (max-width: 1362px) 62vw, 840px\" \/><\/figure>\n\n\n\n<figure class=\"wp-block-image size-large\"><img loading=\"lazy\" decoding=\"async\" width=\"1024\" height=\"674\" src=\"https:\/\/rafaelartacho.es\/wp-content\/uploads\/2026\/01\/Pagina_19-4-1024x674.jpg\" alt=\"\" class=\"wp-image-1776\" srcset=\"https:\/\/rafaelartacho.es\/wp-content\/uploads\/2026\/01\/Pagina_19-4-1024x674.jpg 1024w, https:\/\/rafaelartacho.es\/wp-content\/uploads\/2026\/01\/Pagina_19-4-300x198.jpg 300w, https:\/\/rafaelartacho.es\/wp-content\/uploads\/2026\/01\/Pagina_19-4-768x506.jpg 768w, https:\/\/rafaelartacho.es\/wp-content\/uploads\/2026\/01\/Pagina_19-4.jpg 1040w\" sizes=\"auto, (max-width: 709px) 85vw, (max-width: 909px) 67vw, (max-width: 1362px) 62vw, 840px\" \/><\/figure>\n\n\n\n<hr class=\"wp-block-separator has-alpha-channel-opacity\"\/>\n\n\n\n<h2 class=\"wp-block-heading\"><em><strong>Recuerdos de Mari (hija)<\/strong><\/em><\/h2>\n\n\n\n<p class=\"has-medium-font-size\"><em>Recuerdo algunos Reyes muy anteriores a los que los dem\u00e1s record\u00e1is. En Antequera, cuando era peque\u00f1a; especialmente una vez en que mi t\u00edo y sus amigos vinieron a tocar la guitarra y el acorde\u00f3n a casa. Recuerdo que me regalaran un huevo duro, de los que yo misma vend\u00eda, cuando no ten\u00edamos nada. Pero m\u00e1s adelante tambi\u00e9n recuerdo que me regalaran una mu\u00f1eca y su cuna.<\/em><\/p>\n\n\n\n<p class=\"has-medium-font-size\"><em>Despu\u00e9s en Madrid los Reyes se hicieron importantes cuando mis hermanos se fueron casando y mi madre decidi\u00f3 que, para no pelearse por verlos en Noche Buena o en Noche Vieja, nos reunir\u00eda a todos en aquella fecha. En la casa vieja hab\u00eda poco espacio, pero el sal\u00f3n de la nueva permiti\u00f3 que todos los de la familia, cada vez m\u00e1s grande, nos junt\u00e1ramos.<\/em><\/p>\n\n\n\n<p class=\"has-medium-font-size\"><em>Recuerdo ir a comprar regalos con la abuela y que mandara al abuelo a por lo que le iba faltando a recados. Y en los d\u00edas de reyes recuerdo ayudar a preparar todo antes de irme a trabajar y volver despu\u00e9s para seguir ayudando, por lo que nunca pude ir a ver la cabalgata con mi marido y mi hijo. Pedro me llevaba en coche y all\u00ed hac\u00eda flanes para todos. Los abuelos compraban en Pedro Laborde y la abuela hac\u00eda sopa de pescado, pavo o cordero y ensaladilla rusa. Y yo ayudaba a todo ello, adem\u00e1s de a recoger despu\u00e9s.<\/em><\/p>\n\n\n\n<p class=\"has-medium-font-size\"><em>Recuerdo que uno de mis hermanos se disfrazaba de Pap\u00e1 Noel en mi habitaci\u00f3n de la casa nueva, de cualquier manera. Todos nos sent\u00e1bamos en el sal\u00f3n esperando a que viniera el rey.<\/em><\/p>\n\n\n\n<p class=\"has-medium-font-size\"><em>Mi madre quer\u00eda juntarnos y yo, que siempre me han dicho que no val\u00eda para nada, quer\u00eda demostrar que val\u00eda para todo, haciendo todo lo mejor que pod\u00eda. No todo el mundo llegaba a la hora, y algunas hasta ven\u00edan de morros y quer\u00edan irse temprano, despu\u00e9s de mucho trabajo. Pero de ver feliz a mi madre yo ya era feliz.<\/em><\/p>\n\n\n\n<p class=\"has-medium-font-size\">MARI<\/p>\n\n\n\n<figure class=\"wp-block-image size-full\"><img loading=\"lazy\" decoding=\"async\" width=\"932\" height=\"828\" src=\"https:\/\/rafaelartacho.es\/wp-content\/uploads\/2026\/01\/20240104-Reyes-Artacho_260123_235444_Pagina_20.jpg\" alt=\"\" class=\"wp-image-1733\" srcset=\"https:\/\/rafaelartacho.es\/wp-content\/uploads\/2026\/01\/20240104-Reyes-Artacho_260123_235444_Pagina_20.jpg 932w, https:\/\/rafaelartacho.es\/wp-content\/uploads\/2026\/01\/20240104-Reyes-Artacho_260123_235444_Pagina_20-300x267.jpg 300w, https:\/\/rafaelartacho.es\/wp-content\/uploads\/2026\/01\/20240104-Reyes-Artacho_260123_235444_Pagina_20-768x682.jpg 768w\" sizes=\"auto, (max-width: 709px) 85vw, (max-width: 909px) 67vw, (max-width: 1362px) 62vw, 840px\" \/><\/figure>\n\n\n\n<hr class=\"wp-block-separator has-alpha-channel-opacity\"\/>\n\n\n\n<h2 class=\"wp-block-heading\"><strong><em>Recuerdos de Carmen (hija)<\/em><\/strong><\/h2>\n\n\n\n<p class=\"has-medium-font-size\"><em>Recuerdos, tengo muchos recuerdos de aquellos d\u00edas de Reyes tan bonitos que vivimos y que ahora, al pasar el tiempo, los encuentro maravillosos. Un gran recuerdo que mis padres hicieron para que pudiera perdurar en nuestro recuerdo o as\u00ed lo veo yo, porque as\u00ed ha sido.<\/em><\/p>\n\n\n\n<p class=\"has-medium-font-size\"><em>Lo primero que me viene a la cabeza es cuando entr\u00e1bamos en casa y todos nos \u00edbamos derechos a la cocina porque all\u00ed estaba mi madre y all\u00ed \u00edbamos a parar todos juntos. Lleg\u00e1bamos con aquel olor tan rico que echaba la sopa de picadillo en el fuego o el olor del chocolate haci\u00e9ndose.<\/em><\/p>\n\n\n\n<p class=\"has-medium-font-size\"><em>Qu\u00e9 gran trabajo hicieron nuestros padres, y a las pruebas me remito, que hoy despu\u00e9s de los a\u00f1os que hace que ya no est\u00e1n con nosotros, los hermanos estamos m\u00e1s unidos que nunca.<\/em><\/p>\n\n\n\n<p class=\"has-medium-font-size\"><em>Recuerdo tambi\u00e9n el traj\u00edn de la comida llevando y trayendo platos, los ni\u00f1os comiendo en la cocina, todos en armon\u00eda y habl\u00e1ndose a la vez, \u00a1qu\u00e9 recuerdos tan bonitos! Recuerdo a los adultos en la mesa grande intentando arrimarnos unos a otros para que pudi\u00e9ramos sentarnos todos en las mesas, porque hab\u00eda varias mesas claro.<\/em><\/p>\n\n\n\n<p class=\"has-medium-font-size\"><em>Y \u00e9l no va m\u00e1s de la noche era, como es natural, la llegada del Rey Mago. La mayor\u00eda de los ni\u00f1os sab\u00edan ya qui\u00e9nes eran los Reyes Magos claro, pero les hac\u00eda mucha ilusi\u00f3n y alegr\u00eda, la sorpresa de ver qu\u00e9 es lo que les iban a traer. Y all\u00e1 que se presentaba el Pap\u00e1 Noel de turno o el Rey Mago que bien pod\u00edan ser Pepe, Rafa o Luis. Recuerdo que a Luis le pusimos una barba con papel higi\u00e9nico y celo que con el sudor se le mojaba y se le ca\u00eda constantemente, lo que sirvi\u00f3 para re\u00edrnos un rato tambi\u00e9n. Pues all\u00ed que estaba el Pap\u00e1 Noel o el Rey Mago cargado con su bolsa grande de la basura llena de regalos y juguetes y todav\u00eda recuerdo con mucho cari\u00f1o como Javi, la Irene, Pedrito que era de los m\u00e1s peque\u00f1os lo miraban embobados. Qu\u00e9 caras m\u00e1s graciosas, nunca se me olvidar\u00e1.<\/em><\/p>\n\n\n\n<p class=\"has-medium-font-size\"><em>Ah! se me olvidaba, la entrada del Rey Mago era triunfal. Se apagaban las luces, se encend\u00edan las bengalas y se recib\u00eda con un aplauso y bueno la verdad que el papel de los Reyes era muy simp\u00e1tico.<\/em><\/p>\n\n\n\n<p class=\"has-medium-font-size\"><em>Una vez repartidos los regalos, unos m\u00e1s contentos que otros como suele pasar, llegaba el chocolate y el rosc\u00f3n que llevaba nuestro hermano Rafael. La sorpresita del rosc\u00f3n la sorte\u00e1bamos poniendo veinte duros cada uno y al que le tocar\u00e1 se la llevaba la sorpresa y el dinero.<\/em><\/p>\n\n\n\n<p class=\"has-medium-font-size\"><em>Despu\u00e9s de los regalos pues a comentar las cosas, las an\u00e9cdotas, la alegr\u00eda de los regalos recibidos y dem\u00e1s y despu\u00e9s pues poco a poco todos nos \u00edbamos marchando, como se suele decir, cada mochuelo a su olivo.<\/em> <\/p>\n\n\n\n<p class=\"has-medium-font-size\">CARMEN<\/p>\n\n\n\n<figure class=\"wp-block-image size-large\"><img loading=\"lazy\" decoding=\"async\" width=\"1024\" height=\"759\" src=\"https:\/\/rafaelartacho.es\/wp-content\/uploads\/2026\/01\/20240104-Reyes-Artacho_260123_235444_Pagina_22-1024x759.jpg\" alt=\"\" class=\"wp-image-1734\" srcset=\"https:\/\/rafaelartacho.es\/wp-content\/uploads\/2026\/01\/20240104-Reyes-Artacho_260123_235444_Pagina_22-1024x759.jpg 1024w, https:\/\/rafaelartacho.es\/wp-content\/uploads\/2026\/01\/20240104-Reyes-Artacho_260123_235444_Pagina_22-300x222.jpg 300w, https:\/\/rafaelartacho.es\/wp-content\/uploads\/2026\/01\/20240104-Reyes-Artacho_260123_235444_Pagina_22-768x569.jpg 768w, https:\/\/rafaelartacho.es\/wp-content\/uploads\/2026\/01\/20240104-Reyes-Artacho_260123_235444_Pagina_22-1200x889.jpg 1200w, https:\/\/rafaelartacho.es\/wp-content\/uploads\/2026\/01\/20240104-Reyes-Artacho_260123_235444_Pagina_22.jpg 1424w\" sizes=\"auto, (max-width: 709px) 85vw, (max-width: 909px) 67vw, (max-width: 1362px) 62vw, 840px\" \/><\/figure>\n\n\n\n<hr class=\"wp-block-separator has-alpha-channel-opacity\"\/>\n\n\n\n<p class=\"has-text-align-center has-medium-font-size\">5 de enero de 1983<\/p>\n\n\n\n<figure class=\"wp-block-image size-large\"><img loading=\"lazy\" decoding=\"async\" width=\"1024\" height=\"607\" src=\"https:\/\/rafaelartacho.es\/wp-content\/uploads\/2026\/01\/Pagina_23-1-1024x607.jpg\" alt=\"\" class=\"wp-image-1777\" srcset=\"https:\/\/rafaelartacho.es\/wp-content\/uploads\/2026\/01\/Pagina_23-1-1024x607.jpg 1024w, https:\/\/rafaelartacho.es\/wp-content\/uploads\/2026\/01\/Pagina_23-1-300x178.jpg 300w, https:\/\/rafaelartacho.es\/wp-content\/uploads\/2026\/01\/Pagina_23-1-768x455.jpg 768w, https:\/\/rafaelartacho.es\/wp-content\/uploads\/2026\/01\/Pagina_23-1-1536x910.jpg 1536w, https:\/\/rafaelartacho.es\/wp-content\/uploads\/2026\/01\/Pagina_23-1-1200x711.jpg 1200w, https:\/\/rafaelartacho.es\/wp-content\/uploads\/2026\/01\/Pagina_23-1.jpg 1657w\" sizes=\"auto, (max-width: 709px) 85vw, (max-width: 909px) 67vw, (max-width: 1362px) 62vw, 840px\" \/><\/figure>\n\n\n\n<figure class=\"wp-block-image size-large\"><img loading=\"lazy\" decoding=\"async\" width=\"1024\" height=\"775\" src=\"https:\/\/rafaelartacho.es\/wp-content\/uploads\/2026\/01\/Pagina_23-2-1024x775.jpg\" alt=\"\" class=\"wp-image-1778\" srcset=\"https:\/\/rafaelartacho.es\/wp-content\/uploads\/2026\/01\/Pagina_23-2-1024x775.jpg 1024w, https:\/\/rafaelartacho.es\/wp-content\/uploads\/2026\/01\/Pagina_23-2-300x227.jpg 300w, https:\/\/rafaelartacho.es\/wp-content\/uploads\/2026\/01\/Pagina_23-2-768x581.jpg 768w, https:\/\/rafaelartacho.es\/wp-content\/uploads\/2026\/01\/Pagina_23-2.jpg 1114w\" sizes=\"auto, (max-width: 709px) 85vw, (max-width: 909px) 67vw, (max-width: 1362px) 62vw, 840px\" \/><\/figure>\n\n\n\n<figure class=\"wp-block-image size-large\"><img loading=\"lazy\" decoding=\"async\" width=\"1024\" height=\"808\" src=\"https:\/\/rafaelartacho.es\/wp-content\/uploads\/2026\/01\/Pagina_23-3-1024x808.jpg\" alt=\"\" class=\"wp-image-1779\" srcset=\"https:\/\/rafaelartacho.es\/wp-content\/uploads\/2026\/01\/Pagina_23-3-1024x808.jpg 1024w, https:\/\/rafaelartacho.es\/wp-content\/uploads\/2026\/01\/Pagina_23-3-300x237.jpg 300w, https:\/\/rafaelartacho.es\/wp-content\/uploads\/2026\/01\/Pagina_23-3-768x606.jpg 768w, https:\/\/rafaelartacho.es\/wp-content\/uploads\/2026\/01\/Pagina_23-3-1200x947.jpg 1200w, https:\/\/rafaelartacho.es\/wp-content\/uploads\/2026\/01\/Pagina_23-3.jpg 1263w\" sizes=\"auto, (max-width: 709px) 85vw, (max-width: 909px) 67vw, (max-width: 1362px) 62vw, 840px\" \/><\/figure>\n\n\n\n<hr class=\"wp-block-separator has-alpha-channel-opacity\"\/>\n\n\n\n<h2 class=\"wp-block-heading\"><em><strong>Recuerdos de Rafa (hijo)<\/strong><\/em><\/h2>\n\n\n\n<p class=\"has-medium-font-size\"><em>RECUERDO a la abuela Mar\u00eda pregunt\u00e1ndome con ilusi\u00f3n qu\u00e9 d\u00eda iba a pasar con ellos.<\/em><\/p>\n\n\n\n<p class=\"has-medium-font-size\"><em>Aquellas eran mis primeras Navidades que no pasaba la cena de Nochebuena en casa de los abuelos, pues acababa de casarme y ese a\u00f1o la pasar\u00edamos con la familia de mi esposa, Rafi.<\/em><\/p>\n\n\n\n<p class=\"has-medium-font-size\"><em>Desde que el t\u00edo Manolo se cas\u00f3, la Nochebuena siempre se celebraba en casa de los abuelos, y la Nochevieja, en casa de los t\u00edos Manolo y Antonia. Despu\u00e9s cuando se cas\u00f3 la t\u00eda Carmen pasaban la Nochebuena con la familia del t\u00edo Luis. Fue entonces cuando la abuela me dijo, con esa mezcla de firmeza y ternura que la caracterizaba, que no importaba c\u00f3mo nos organiz\u00e1ramos las dem\u00e1s fechas: ella quer\u00eda reunirnos a todos al menos una vez. Y as\u00ed, la noche de Reyes se convirti\u00f3 en \u00absu noche\u00bb, en nuestra noche.<\/em><\/p>\n\n\n\n<p class=\"has-medium-font-size\">A<em>s\u00ed naci\u00f3 esa maravillosa tradici\u00f3n que, durante veinticinco a\u00f1os, logr\u00f3 juntar a toda la familia en una de las noches m\u00e1s m\u00e1gicas del a\u00f1o. A pesar de sus recursos limitados, la abuela se convirti\u00f3 en nuestro Rey Mago particular. Con la inestimable ayuda de sus pajes, Carmen y Mari, se las ingeniaba para que nunca faltaran regalos para nadie. Ni siquiera la incorporaci\u00f3n de nuevos miembros a la familia, ni el reto log\u00edstico de acomodar a m\u00e1s de treinta personas en una casa corriente, fueron obst\u00e1culos para que esta celebraci\u00f3n perdurara.<\/em><\/p>\n\n\n\n<p class=\"has-medium-font-size\"><em>Pero lo mejor de todo era la magia que se respiraba en cada rinc\u00f3n. Los nietos fueron quienes, con su ilusi\u00f3n y sus caras de asombro al recibir los regalos de manos del Rey Mago, elevaron la fiesta a algo inolvidable. Esa alegr\u00eda, esa emoci\u00f3n pura, es algo que llevamos en el coraz\u00f3n para siempre.<\/em><\/p>\n\n\n\n<p class=\"has-medium-font-size\"><em>RECUERDO tambi\u00e9n la sonrisa del abuelo. Aunque no participaba mucho en la organizaci\u00f3n, bastaba con mirarlo para saber que era feliz vi\u00e9ndonos a todos juntos, celebrando, riendo, compartiendo.<\/em><\/p>\n\n\n\n<p class=\"has-medium-font-size\"><em>Gracias, hermano Pepe, por traer de vuelta este esp\u00edritu y por rememorar en tu nueva casa esas noches tan especiales. Que esta nueva etapa en tu vida est\u00e9 llena de felicidad, paz y \u00e9xito. \u00a1Te lo mereces!<\/em><\/p>\n\n\n\n<p class=\"has-medium-font-size\"><em>Con todo mi cari\u00f1o, tu hermano, Rafa<\/em>.<\/p>\n\n\n\n<p class=\"has-medium-font-size\"><strong><em>RAFA<\/em><\/strong><\/p>\n\n\n\n<figure class=\"wp-block-image size-large\"><img loading=\"lazy\" decoding=\"async\" width=\"1024\" height=\"971\" src=\"https:\/\/rafaelartacho.es\/wp-content\/uploads\/2026\/01\/20240104-Reyes-Artacho_260123_235444_Pagina_25-1024x971.jpg\" alt=\"\" class=\"wp-image-1736\" srcset=\"https:\/\/rafaelartacho.es\/wp-content\/uploads\/2026\/01\/20240104-Reyes-Artacho_260123_235444_Pagina_25-1024x971.jpg 1024w, https:\/\/rafaelartacho.es\/wp-content\/uploads\/2026\/01\/20240104-Reyes-Artacho_260123_235444_Pagina_25-300x285.jpg 300w, https:\/\/rafaelartacho.es\/wp-content\/uploads\/2026\/01\/20240104-Reyes-Artacho_260123_235444_Pagina_25-768x729.jpg 768w, https:\/\/rafaelartacho.es\/wp-content\/uploads\/2026\/01\/20240104-Reyes-Artacho_260123_235444_Pagina_25.jpg 1050w\" sizes=\"auto, (max-width: 709px) 85vw, (max-width: 909px) 67vw, (max-width: 1362px) 62vw, 840px\" \/><\/figure>\n\n\n\n<hr class=\"wp-block-separator has-alpha-channel-opacity\"\/>\n\n\n\n<h2 class=\"wp-block-heading\"><em><strong>Recuerdos de Pepe (hijo)<\/strong><\/em><\/h2>\n\n\n\n<p class=\"has-medium-font-size\"><em>Mucho antes de que nuestra nueva casa en Madrid estuviera lista, ya hab\u00eda imaginado como iba a ser la presentaci\u00f3n \u201coficial\u201d para mi familia.<\/em><\/p>\n\n\n\n<p class=\"has-medium-font-size\"><em>La primera idea fue recrear fielmente aquellas noches del 5 de enero que vivimos en casa de mis padres. Luego, las buenas ideas y el buen criterio de la mujer con quien comparto mi vida, Petra, dieron la forma final a lo que queda relatado por mi querido hermano Rafa.<\/em><\/p>\n\n\n\n<p class=\"has-medium-font-size\"><strong><em>\u00bfPor qu\u00e9 era para m\u00ed tan importante rescatar ese encuentro familiar?<\/em><\/strong><\/p>\n\n\n\n<p class=\"has-medium-font-size\"><em>Lo primero que me viene a la cabeza: por mis padres. Ellos crearon una gran familia y el hecho de reunirnos a todos juntos una vez al a\u00f1o en su casa, les llenaba de orgullo y felicidad.<\/em><\/p>\n\n\n\n<p class=\"has-medium-font-size\"><em>Para mi tambi\u00e9n era un momento lleno de ilusi\u00f3n, el encontrarme con hermanos y sobrinos, que por la distancia no frecuent\u00e1bamos tanto y afianzar esa idea de familia que nuestros padres nos inculcaron y que yo valoro tanto.<\/em><\/p>\n\n\n\n<p class=\"has-medium-font-size\"><em>Por \u00faltimo, lo relativo a la entrega de los regalos, en las que particip\u00e9 en varias ocasiones como ejecutor de los magos (a pesar de que el disfraz ten\u00eda poco de m\u00e1gico, v\u00e9ase fotos). Era excitante ver la ilusi\u00f3n inocente de los ni\u00f1os peque\u00f1os ante la inminente llegada del rey. Para los mayores el tema era desigual, seg\u00fan el nivel de agrado que ofreciera lo recibido.<\/em><\/p>\n\n\n\n<p class=\"has-medium-font-size\"><em>Desde aqu\u00ed quiero agradecer y reconocer a mi amada Petra el haber acogido a mi \u201cloca familia\u201d y sentirla como propia. Y claro que s\u00ed, mientras tengamos \u00e1nimo habr\u00e1 convocatoria. <\/em><\/p>\n\n\n\n<p class=\"has-medium-font-size\"><em><strong>JOSE<\/strong><\/em><\/p>\n\n\n\n<figure class=\"wp-block-image size-large\"><img loading=\"lazy\" decoding=\"async\" width=\"1024\" height=\"884\" src=\"https:\/\/rafaelartacho.es\/wp-content\/uploads\/2026\/01\/20240104-Reyes-Artacho_260123_235444_Pagina_26-1024x884.jpg\" alt=\"\" class=\"wp-image-1737\" srcset=\"https:\/\/rafaelartacho.es\/wp-content\/uploads\/2026\/01\/20240104-Reyes-Artacho_260123_235444_Pagina_26-1024x884.jpg 1024w, https:\/\/rafaelartacho.es\/wp-content\/uploads\/2026\/01\/20240104-Reyes-Artacho_260123_235444_Pagina_26-300x259.jpg 300w, https:\/\/rafaelartacho.es\/wp-content\/uploads\/2026\/01\/20240104-Reyes-Artacho_260123_235444_Pagina_26-768x663.jpg 768w, https:\/\/rafaelartacho.es\/wp-content\/uploads\/2026\/01\/20240104-Reyes-Artacho_260123_235444_Pagina_26-1200x1036.jpg 1200w, https:\/\/rafaelartacho.es\/wp-content\/uploads\/2026\/01\/20240104-Reyes-Artacho_260123_235444_Pagina_26.jpg 1286w\" sizes=\"auto, (max-width: 709px) 85vw, (max-width: 909px) 67vw, (max-width: 1362px) 62vw, 840px\" \/><\/figure>\n\n\n\n<hr class=\"wp-block-separator has-alpha-channel-opacity\"\/>\n\n\n\n<figure class=\"wp-block-image size-full\"><img loading=\"lazy\" decoding=\"async\" width=\"1005\" height=\"812\" src=\"https:\/\/rafaelartacho.es\/wp-content\/uploads\/2026\/01\/Pagina_27-1.jpg\" alt=\"\" class=\"wp-image-1780\" srcset=\"https:\/\/rafaelartacho.es\/wp-content\/uploads\/2026\/01\/Pagina_27-1.jpg 1005w, https:\/\/rafaelartacho.es\/wp-content\/uploads\/2026\/01\/Pagina_27-1-300x242.jpg 300w, https:\/\/rafaelartacho.es\/wp-content\/uploads\/2026\/01\/Pagina_27-1-768x621.jpg 768w\" sizes=\"auto, (max-width: 709px) 85vw, (max-width: 909px) 67vw, (max-width: 1362px) 62vw, 840px\" \/><\/figure>\n\n\n\n<figure class=\"wp-block-image size-full\"><img loading=\"lazy\" decoding=\"async\" width=\"1020\" height=\"1020\" src=\"https:\/\/rafaelartacho.es\/wp-content\/uploads\/2026\/01\/Pagina_27-2.jpg\" alt=\"\" class=\"wp-image-1781\" srcset=\"https:\/\/rafaelartacho.es\/wp-content\/uploads\/2026\/01\/Pagina_27-2.jpg 1020w, https:\/\/rafaelartacho.es\/wp-content\/uploads\/2026\/01\/Pagina_27-2-300x300.jpg 300w, https:\/\/rafaelartacho.es\/wp-content\/uploads\/2026\/01\/Pagina_27-2-150x150.jpg 150w, https:\/\/rafaelartacho.es\/wp-content\/uploads\/2026\/01\/Pagina_27-2-768x768.jpg 768w\" sizes=\"auto, (max-width: 709px) 85vw, (max-width: 909px) 67vw, (max-width: 1362px) 62vw, 840px\" \/><\/figure>\n\n\n\n<figure class=\"wp-block-image size-large\"><img loading=\"lazy\" decoding=\"async\" width=\"1024\" height=\"918\" src=\"https:\/\/rafaelartacho.es\/wp-content\/uploads\/2026\/01\/Pagina_27-3-1024x918.jpg\" alt=\"\" class=\"wp-image-1782\" srcset=\"https:\/\/rafaelartacho.es\/wp-content\/uploads\/2026\/01\/Pagina_27-3-1024x918.jpg 1024w, https:\/\/rafaelartacho.es\/wp-content\/uploads\/2026\/01\/Pagina_27-3-300x269.jpg 300w, https:\/\/rafaelartacho.es\/wp-content\/uploads\/2026\/01\/Pagina_27-3-768x688.jpg 768w, https:\/\/rafaelartacho.es\/wp-content\/uploads\/2026\/01\/Pagina_27-3.jpg 1043w\" sizes=\"auto, (max-width: 709px) 85vw, (max-width: 909px) 67vw, (max-width: 1362px) 62vw, 840px\" \/><\/figure>\n\n\n\n<hr class=\"wp-block-separator has-alpha-channel-opacity\"\/>\n\n\n\n<h2 class=\"wp-block-heading\"><em><strong>Recuerdos de Carlos (hijo)<\/strong><\/em><\/h2>\n\n\n\n<p class=\"has-medium-font-size\"><em>Recuerdo\u2026, y muy bien, cuando los reyes me trajeron aquel enorme y maravilloso scalextric en la casa baja. Me obligasteis a meterme en la habitaci\u00f3n de los padres porque ven\u00edan los Reyes. Y cuando sal\u00ed y vi aquella enorme caja, me convert\u00ed en el ni\u00f1o m\u00e1s feliz del mundo. Hoy miro atr\u00e1s y veo tantos 5 de enero con tantas situaciones distintas, pero todas con la \u00fanica felicidad de ser felices esa noche de los Reyes Magos. Recuerdo ver la cabalgata de Reyes con mis hijos y despu\u00e9s irnos con Pepe, la Jose, Irene y Javi a Vallecas a celebrar la noche. Creo que entre todos hemos conseguido celebrar a\u00f1o tras a\u00f1os una bonita escena de ilusi\u00f3n.<\/em><\/p>\n\n\n\n<p class=\"has-medium-font-size\"><em>Ver crecer a nuestros hijos a\u00f1o tras a\u00f1o, como cambiaban los regalos, mis grabaciones con la c\u00e1mara de video que me trajo Luis de Canarias. La Antonia sentada en la silla, los sacos grandes y negros llenos de regalos, lo mal que lo pas\u00e9 el a\u00f1o que me toc\u00f3 a mi vestirme de Papa Noel, yo no tengo arte para eso. Los dem\u00e1s si lo hicisteis muy bien.<\/em><\/p>\n\n\n\n<p class=\"has-medium-font-size\"><em>Creo que la ilusi\u00f3n hace el milagro. Aunque conmigo no pudo. Jiji. Disfrutaba m\u00e1s mirando al Papa Noel, las mu\u00f1ecas que cada a\u00f1o eran m\u00e1s grandes y hac\u00edan m\u00e1s cosas, el sal\u00f3n lleno de papeles rotos de los regalos, y para acabar la noche, mam\u00e1 y la Mari removiendo el chocolate en el fuego, y Rafa sacando el rosc\u00f3n, con la suerte de que siempre lo pagaba \u00e9l, no hab\u00eda que esperar a la figurita.<\/em><\/p>\n\n\n\n<p class=\"has-medium-font-size\"> <strong><em>CARLOS<\/em><\/strong><\/p>\n\n\n\n<figure class=\"wp-block-image size-large\"><img loading=\"lazy\" decoding=\"async\" width=\"1024\" height=\"908\" src=\"https:\/\/rafaelartacho.es\/wp-content\/uploads\/2026\/01\/20240104-Reyes-Artacho_260123_235444_Pagina_28-1024x908.jpg\" alt=\"\" class=\"wp-image-1739\" srcset=\"https:\/\/rafaelartacho.es\/wp-content\/uploads\/2026\/01\/20240104-Reyes-Artacho_260123_235444_Pagina_28-1024x908.jpg 1024w, https:\/\/rafaelartacho.es\/wp-content\/uploads\/2026\/01\/20240104-Reyes-Artacho_260123_235444_Pagina_28-300x266.jpg 300w, https:\/\/rafaelartacho.es\/wp-content\/uploads\/2026\/01\/20240104-Reyes-Artacho_260123_235444_Pagina_28-768x681.jpg 768w, https:\/\/rafaelartacho.es\/wp-content\/uploads\/2026\/01\/20240104-Reyes-Artacho_260123_235444_Pagina_28.jpg 1082w\" sizes=\"auto, (max-width: 709px) 85vw, (max-width: 909px) 67vw, (max-width: 1362px) 62vw, 840px\" \/><\/figure>\n\n\n\n<hr class=\"wp-block-separator has-alpha-channel-opacity\"\/>\n\n\n\n<p class=\"has-text-align-center has-medium-font-size\">5 de enero de 1999<\/p>\n\n\n\n<figure class=\"wp-block-image size-large\"><img loading=\"lazy\" decoding=\"async\" width=\"1024\" height=\"622\" src=\"https:\/\/rafaelartacho.es\/wp-content\/uploads\/2026\/01\/Pagina_29-1-1024x622.jpg\" alt=\"\" class=\"wp-image-1783\" srcset=\"https:\/\/rafaelartacho.es\/wp-content\/uploads\/2026\/01\/Pagina_29-1-1024x622.jpg 1024w, https:\/\/rafaelartacho.es\/wp-content\/uploads\/2026\/01\/Pagina_29-1-300x182.jpg 300w, https:\/\/rafaelartacho.es\/wp-content\/uploads\/2026\/01\/Pagina_29-1-768x466.jpg 768w, https:\/\/rafaelartacho.es\/wp-content\/uploads\/2026\/01\/Pagina_29-1-1536x933.jpg 1536w, https:\/\/rafaelartacho.es\/wp-content\/uploads\/2026\/01\/Pagina_29-1-1200x729.jpg 1200w, https:\/\/rafaelartacho.es\/wp-content\/uploads\/2026\/01\/Pagina_29-1.jpg 1607w\" sizes=\"auto, (max-width: 709px) 85vw, (max-width: 909px) 67vw, (max-width: 1362px) 62vw, 840px\" \/><\/figure>\n\n\n\n<hr class=\"wp-block-separator has-alpha-channel-opacity\"\/>\n\n\n\n<p><\/p>\n\n\n\n<p class=\"has-text-align-center has-medium-font-size\"><strong><em>GRACIAS ABUELOS<\/em><\/strong><\/p>\n\n\n\n<figure class=\"wp-block-image size-large\"><img loading=\"lazy\" decoding=\"async\" width=\"1024\" height=\"705\" src=\"https:\/\/rafaelartacho.es\/wp-content\/uploads\/2026\/01\/20240104-Reyes-Artacho_260123_235444_Pagina_34-1024x705.jpg\" alt=\"\" class=\"wp-image-1742\" srcset=\"https:\/\/rafaelartacho.es\/wp-content\/uploads\/2026\/01\/20240104-Reyes-Artacho_260123_235444_Pagina_34-1024x705.jpg 1024w, https:\/\/rafaelartacho.es\/wp-content\/uploads\/2026\/01\/20240104-Reyes-Artacho_260123_235444_Pagina_34-300x206.jpg 300w, https:\/\/rafaelartacho.es\/wp-content\/uploads\/2026\/01\/20240104-Reyes-Artacho_260123_235444_Pagina_34-768x529.jpg 768w, https:\/\/rafaelartacho.es\/wp-content\/uploads\/2026\/01\/20240104-Reyes-Artacho_260123_235444_Pagina_34.jpg 1126w\" sizes=\"auto, (max-width: 709px) 85vw, (max-width: 909px) 67vw, (max-width: 1362px) 62vw, 840px\" \/><\/figure>\n<\/div><\/div>\n","protected":false},"excerpt":{"rendered":"<p>Por eso, cuando el paso de los a\u00f1os difumina la memoria, resulta sumamente gratificante rescatar lo que, durante casi un cuarto de siglo, ocurr\u00eda cada 5 de enero en casa de Manuel y Mar\u00eda: el hogar de la familia Artacho Artacho. El reencuentro de 2025: El efecto mariposa Todo comenz\u00f3 con la iniciativa de mi &hellip; <a href=\"https:\/\/rafaelartacho.es\/index.php\/2026\/01\/26\/noche-de-reyes-y-efecto-mariposa\/\" class=\"more-link\">Continuar leyendo<span class=\"screen-reader-text\"> \u00abNOCHE DE REYES: El despertar de una tradici\u00f3n.\u00bb<\/span><\/a><\/p>\n","protected":false},"author":1,"featured_media":0,"comment_status":"open","ping_status":"closed","sticky":false,"template":"","format":"standard","meta":{"footnotes":""},"categories":[2],"tags":[],"class_list":["post-1695","post","type-post","status-publish","format-standard","hentry","category-category0"],"_links":{"self":[{"href":"https:\/\/rafaelartacho.es\/index.php\/wp-json\/wp\/v2\/posts\/1695","targetHints":{"allow":["GET"]}}],"collection":[{"href":"https:\/\/rafaelartacho.es\/index.php\/wp-json\/wp\/v2\/posts"}],"about":[{"href":"https:\/\/rafaelartacho.es\/index.php\/wp-json\/wp\/v2\/types\/post"}],"author":[{"embeddable":true,"href":"https:\/\/rafaelartacho.es\/index.php\/wp-json\/wp\/v2\/users\/1"}],"replies":[{"embeddable":true,"href":"https:\/\/rafaelartacho.es\/index.php\/wp-json\/wp\/v2\/comments?post=1695"}],"version-history":[{"count":31,"href":"https:\/\/rafaelartacho.es\/index.php\/wp-json\/wp\/v2\/posts\/1695\/revisions"}],"predecessor-version":[{"id":1816,"href":"https:\/\/rafaelartacho.es\/index.php\/wp-json\/wp\/v2\/posts\/1695\/revisions\/1816"}],"wp:attachment":[{"href":"https:\/\/rafaelartacho.es\/index.php\/wp-json\/wp\/v2\/media?parent=1695"}],"wp:term":[{"taxonomy":"category","embeddable":true,"href":"https:\/\/rafaelartacho.es\/index.php\/wp-json\/wp\/v2\/categories?post=1695"},{"taxonomy":"post_tag","embeddable":true,"href":"https:\/\/rafaelartacho.es\/index.php\/wp-json\/wp\/v2\/tags?post=1695"}],"curies":[{"name":"wp","href":"https:\/\/api.w.org\/{rel}","templated":true}]}}