{"id":1375,"date":"2025-05-04T21:51:25","date_gmt":"2025-05-04T21:51:25","guid":{"rendered":"https:\/\/rafaelartacho.es\/?p=1375"},"modified":"2025-11-21T23:06:49","modified_gmt":"2025-11-21T23:06:49","slug":"volver-a-nacer","status":"publish","type":"post","link":"https:\/\/rafaelartacho.es\/index.php\/2025\/05\/04\/volver-a-nacer\/","title":{"rendered":"VOLVER A NACER"},"content":{"rendered":"\n<div class=\"wp-block-buttons is-layout-flex wp-block-buttons-is-layout-flex\">\n<div class=\"wp-block-button\"><a class=\"wp-block-button__link wp-element-button\">PINCHA PARA ESCUCHAR EN VEZ DE LEER<\/a><\/div>\n<\/div>\n\n\n\n<figure class=\"wp-block-audio\"><audio controls src=\"https:\/\/rafaelartacho.es\/wp-content\/uploads\/2025\/05\/VOLVER-A-NACER-1.mp3\"><\/audio><\/figure>\n\n\n\n<figure data-wp-context=\"{&quot;imageId&quot;:&quot;69f35c675f8da&quot;}\" data-wp-interactive=\"core\/image\" data-wp-key=\"69f35c675f8da\" class=\"wp-block-image size-large wp-lightbox-container\"><img loading=\"lazy\" decoding=\"async\" width=\"1024\" height=\"768\" data-wp-class--hide=\"state.isContentHidden\" data-wp-class--show=\"state.isContentVisible\" data-wp-init=\"callbacks.setButtonStyles\" data-wp-on--click=\"actions.showLightbox\" data-wp-on--load=\"callbacks.setButtonStyles\" data-wp-on-window--resize=\"callbacks.setButtonStyles\" src=\"https:\/\/rafaelartacho.es\/wp-content\/uploads\/2025\/04\/20240513_144435-1024x768.jpg\" alt=\"\" class=\"wp-image-1380\" srcset=\"https:\/\/rafaelartacho.es\/wp-content\/uploads\/2025\/04\/20240513_144435-1024x768.jpg 1024w, https:\/\/rafaelartacho.es\/wp-content\/uploads\/2025\/04\/20240513_144435-300x225.jpg 300w, https:\/\/rafaelartacho.es\/wp-content\/uploads\/2025\/04\/20240513_144435-768x576.jpg 768w, https:\/\/rafaelartacho.es\/wp-content\/uploads\/2025\/04\/20240513_144435-1536x1152.jpg 1536w, https:\/\/rafaelartacho.es\/wp-content\/uploads\/2025\/04\/20240513_144435-2048x1536.jpg 2048w, https:\/\/rafaelartacho.es\/wp-content\/uploads\/2025\/04\/20240513_144435-1200x900.jpg 1200w\" sizes=\"auto, (max-width: 709px) 85vw, (max-width: 909px) 67vw, (max-width: 1362px) 62vw, 840px\" \/><button\n\t\t\tclass=\"lightbox-trigger\"\n\t\t\ttype=\"button\"\n\t\t\taria-haspopup=\"dialog\"\n\t\t\taria-label=\"Agrandar\"\n\t\t\tdata-wp-init=\"callbacks.initTriggerButton\"\n\t\t\tdata-wp-on--click=\"actions.showLightbox\"\n\t\t\tdata-wp-style--right=\"state.imageButtonRight\"\n\t\t\tdata-wp-style--top=\"state.imageButtonTop\"\n\t\t>\n\t\t\t<svg xmlns=\"http:\/\/www.w3.org\/2000\/svg\" width=\"12\" height=\"12\" fill=\"none\" viewBox=\"0 0 12 12\">\n\t\t\t\t<path fill=\"#fff\" d=\"M2 0a2 2 0 0 0-2 2v2h1.5V2a.5.5 0 0 1 .5-.5h2V0H2Zm2 10.5H2a.5.5 0 0 1-.5-.5V8H0v2a2 2 0 0 0 2 2h2v-1.5ZM8 12v-1.5h2a.5.5 0 0 0 .5-.5V8H12v2a2 2 0 0 1-2 2H8Zm2-12a2 2 0 0 1 2 2v2h-1.5V2a.5.5 0 0 0-.5-.5H8V0h2Z\" \/>\n\t\t\t<\/svg>\n\t\t<\/button><figcaption class=\"wp-element-caption\">En la UCI del hospital de Bellvitge<\/figcaption><\/figure>\n\n\n\n<p>Hoy, 10 de mayo de 2025, celebro un a\u00f1o de vida\u2026 de mi segunda vida.<br>Hace exactamente un a\u00f1o, durante una visita familiar a Barcelona, sufr\u00ed un shock hipovol\u00e9mico causado por la rotura de un aneurisma de aorta abdominal. La rapidez con la que mi hermano Carlos me llev\u00f3 al hospital y la extraordinaria intervenci\u00f3n de los equipos m\u00e9dicos, tanto del hospital de Igualada como del Hospital de Bellvitge, hicieron posible lo que parec\u00eda casi imposible: que hoy est\u00e9 aqu\u00ed escribiendo estas l\u00edneas.<\/p>\n\n\n\n<figure data-wp-context=\"{&quot;imageId&quot;:&quot;69f35c6760368&quot;}\" data-wp-interactive=\"core\/image\" data-wp-key=\"69f35c6760368\" class=\"wp-block-image size-large wp-lightbox-container\"><img loading=\"lazy\" decoding=\"async\" width=\"1024\" height=\"419\" data-wp-class--hide=\"state.isContentHidden\" data-wp-class--show=\"state.isContentVisible\" data-wp-init=\"callbacks.setButtonStyles\" data-wp-on--click=\"actions.showLightbox\" data-wp-on--load=\"callbacks.setButtonStyles\" data-wp-on-window--resize=\"callbacks.setButtonStyles\" src=\"https:\/\/rafaelartacho.es\/wp-content\/uploads\/2025\/04\/IMG-20240523-WA0001-1024x419.jpg\" alt=\"\" class=\"wp-image-1384\" srcset=\"https:\/\/rafaelartacho.es\/wp-content\/uploads\/2025\/04\/IMG-20240523-WA0001-1024x419.jpg 1024w, https:\/\/rafaelartacho.es\/wp-content\/uploads\/2025\/04\/IMG-20240523-WA0001-300x123.jpg 300w, https:\/\/rafaelartacho.es\/wp-content\/uploads\/2025\/04\/IMG-20240523-WA0001-768x314.jpg 768w, https:\/\/rafaelartacho.es\/wp-content\/uploads\/2025\/04\/IMG-20240523-WA0001-1536x629.jpg 1536w, https:\/\/rafaelartacho.es\/wp-content\/uploads\/2025\/04\/IMG-20240523-WA0001-1200x491.jpg 1200w, https:\/\/rafaelartacho.es\/wp-content\/uploads\/2025\/04\/IMG-20240523-WA0001.jpg 2000w\" sizes=\"auto, (max-width: 709px) 85vw, (max-width: 909px) 67vw, (max-width: 1362px) 62vw, 840px\" \/><button\n\t\t\tclass=\"lightbox-trigger\"\n\t\t\ttype=\"button\"\n\t\t\taria-haspopup=\"dialog\"\n\t\t\taria-label=\"Agrandar\"\n\t\t\tdata-wp-init=\"callbacks.initTriggerButton\"\n\t\t\tdata-wp-on--click=\"actions.showLightbox\"\n\t\t\tdata-wp-style--right=\"state.imageButtonRight\"\n\t\t\tdata-wp-style--top=\"state.imageButtonTop\"\n\t\t>\n\t\t\t<svg xmlns=\"http:\/\/www.w3.org\/2000\/svg\" width=\"12\" height=\"12\" fill=\"none\" viewBox=\"0 0 12 12\">\n\t\t\t\t<path fill=\"#fff\" d=\"M2 0a2 2 0 0 0-2 2v2h1.5V2a.5.5 0 0 1 .5-.5h2V0H2Zm2 10.5H2a.5.5 0 0 1-.5-.5V8H0v2a2 2 0 0 0 2 2h2v-1.5ZM8 12v-1.5h2a.5.5 0 0 0 .5-.5V8H12v2a2 2 0 0 1-2 2H8Zm2-12a2 2 0 0 1 2 2v2h-1.5V2a.5.5 0 0 0-.5-.5H8V0h2Z\" \/>\n\t\t\t<\/svg>\n\t\t<\/button><figcaption class=\"wp-element-caption\">Con mi hermano Carlos cuando me dieron el Alta<\/figcaption><\/figure>\n\n\n\n<p>Fueron momentos dur\u00edsimos, especialmente para mis hijos y hermanos, que durante las 24 horas que permanec\u00ed inconsciente solo recib\u00edan noticias desalentadoras. Cuando despert\u00e9, supe al instante la gravedad de lo ocurrido. Escuch\u00e9 c\u00f3mo la doctora explicaba a mis hijos las posibles secuelas circulatorias, respiratorias, renales y digestivas que podr\u00eda arrastrar para el resto de mi vida. Pero contra todo pron\u00f3stico, la evoluci\u00f3n fue favorable, y en solo 12 d\u00edas recib\u00ed el alta. Despu\u00e9s, una convalecencia que fui superando paso a paso, hasta recuperar el estado f\u00edsico que ten\u00eda antes de este gran susto.<\/p>\n\n\n\n<figure data-wp-context=\"{&quot;imageId&quot;:&quot;69f35c6760c26&quot;}\" data-wp-interactive=\"core\/image\" data-wp-key=\"69f35c6760c26\" class=\"wp-block-image size-large wp-lightbox-container\"><img loading=\"lazy\" decoding=\"async\" width=\"1024\" height=\"768\" data-wp-class--hide=\"state.isContentHidden\" data-wp-class--show=\"state.isContentVisible\" data-wp-init=\"callbacks.setButtonStyles\" data-wp-on--click=\"actions.showLightbox\" data-wp-on--load=\"callbacks.setButtonStyles\" data-wp-on-window--resize=\"callbacks.setButtonStyles\" src=\"https:\/\/rafaelartacho.es\/wp-content\/uploads\/2025\/04\/IMG-20240523-WA0002-1024x768.jpg\" alt=\"\" class=\"wp-image-1382\" srcset=\"https:\/\/rafaelartacho.es\/wp-content\/uploads\/2025\/04\/IMG-20240523-WA0002-1024x768.jpg 1024w, https:\/\/rafaelartacho.es\/wp-content\/uploads\/2025\/04\/IMG-20240523-WA0002-300x225.jpg 300w, https:\/\/rafaelartacho.es\/wp-content\/uploads\/2025\/04\/IMG-20240523-WA0002-768x576.jpg 768w, https:\/\/rafaelartacho.es\/wp-content\/uploads\/2025\/04\/IMG-20240523-WA0002-1536x1152.jpg 1536w, https:\/\/rafaelartacho.es\/wp-content\/uploads\/2025\/04\/IMG-20240523-WA0002-1200x900.jpg 1200w, https:\/\/rafaelartacho.es\/wp-content\/uploads\/2025\/04\/IMG-20240523-WA0002.jpg 1600w\" sizes=\"auto, (max-width: 709px) 85vw, (max-width: 909px) 67vw, (max-width: 1362px) 62vw, 840px\" \/><button\n\t\t\tclass=\"lightbox-trigger\"\n\t\t\ttype=\"button\"\n\t\t\taria-haspopup=\"dialog\"\n\t\t\taria-label=\"Agrandar\"\n\t\t\tdata-wp-init=\"callbacks.initTriggerButton\"\n\t\t\tdata-wp-on--click=\"actions.showLightbox\"\n\t\t\tdata-wp-style--right=\"state.imageButtonRight\"\n\t\t\tdata-wp-style--top=\"state.imageButtonTop\"\n\t\t>\n\t\t\t<svg xmlns=\"http:\/\/www.w3.org\/2000\/svg\" width=\"12\" height=\"12\" fill=\"none\" viewBox=\"0 0 12 12\">\n\t\t\t\t<path fill=\"#fff\" d=\"M2 0a2 2 0 0 0-2 2v2h1.5V2a.5.5 0 0 1 .5-.5h2V0H2Zm2 10.5H2a.5.5 0 0 1-.5-.5V8H0v2a2 2 0 0 0 2 2h2v-1.5ZM8 12v-1.5h2a.5.5 0 0 0 .5-.5V8H12v2a2 2 0 0 1-2 2H8Zm2-12a2 2 0 0 1 2 2v2h-1.5V2a.5.5 0 0 0-.5-.5H8V0h2Z\" \/>\n\t\t\t<\/svg>\n\t\t<\/button><figcaption class=\"wp-element-caption\">En el AVE de regreso a casa con mi hijo Juan Carlos<\/figcaption><\/figure>\n\n\n\n<p>Durante mi ingreso en la UCI, donde fui atendido con una humanidad y profesionalidad que jam\u00e1s olvidar\u00e9 (incluido el cari\u00f1o con que Pilar me afeitaba y perfumaba cada d\u00eda), m\u00e9dicos y enfermeras me dec\u00edan que era un milagro estar vivo, pues la rotura de un aneurisma de aorta tiene una tasa de mortalidad del 97 %.<br>Una enfermera me pregunt\u00f3 si hab\u00eda visto el famoso t\u00fanel con luz al final, como cuentan quienes regresan de la muerte. Le respond\u00ed, sinceramente, que no: no recuerdo absolutamente nada de esas 24 horas en que estuve inconsciente.<\/p>\n\n\n\n<figure class=\"wp-block-gallery has-nested-images columns-default is-cropped wp-block-gallery-1 is-layout-flex wp-block-gallery-is-layout-flex\">\n<figure data-wp-context=\"{&quot;imageId&quot;:&quot;69f35c6761861&quot;}\" data-wp-interactive=\"core\/image\" data-wp-key=\"69f35c6761861\" class=\"wp-block-image size-large wp-lightbox-container\"><img loading=\"lazy\" decoding=\"async\" width=\"685\" height=\"1024\" data-wp-class--hide=\"state.isContentHidden\" data-wp-class--show=\"state.isContentVisible\" data-wp-init=\"callbacks.setButtonStyles\" data-wp-on--click=\"actions.showLightbox\" data-wp-on--load=\"callbacks.setButtonStyles\" data-wp-on-window--resize=\"callbacks.setButtonStyles\" data-id=\"1417\" src=\"https:\/\/rafaelartacho.es\/wp-content\/uploads\/2025\/04\/20240319_123512-685x1024.jpg\" alt=\"\" class=\"wp-image-1417\" srcset=\"https:\/\/rafaelartacho.es\/wp-content\/uploads\/2025\/04\/20240319_123512-685x1024.jpg 685w, https:\/\/rafaelartacho.es\/wp-content\/uploads\/2025\/04\/20240319_123512-201x300.jpg 201w, https:\/\/rafaelartacho.es\/wp-content\/uploads\/2025\/04\/20240319_123512-768x1148.jpg 768w, https:\/\/rafaelartacho.es\/wp-content\/uploads\/2025\/04\/20240319_123512.jpg 984w\" sizes=\"auto, (max-width: 709px) 85vw, (max-width: 909px) 67vw, (max-width: 984px) 61vw, (max-width: 1362px) 45vw, 600px\" \/><button\n\t\t\tclass=\"lightbox-trigger\"\n\t\t\ttype=\"button\"\n\t\t\taria-haspopup=\"dialog\"\n\t\t\taria-label=\"Agrandar\"\n\t\t\tdata-wp-init=\"callbacks.initTriggerButton\"\n\t\t\tdata-wp-on--click=\"actions.showLightbox\"\n\t\t\tdata-wp-style--right=\"state.imageButtonRight\"\n\t\t\tdata-wp-style--top=\"state.imageButtonTop\"\n\t\t>\n\t\t\t<svg xmlns=\"http:\/\/www.w3.org\/2000\/svg\" width=\"12\" height=\"12\" fill=\"none\" viewBox=\"0 0 12 12\">\n\t\t\t\t<path fill=\"#fff\" d=\"M2 0a2 2 0 0 0-2 2v2h1.5V2a.5.5 0 0 1 .5-.5h2V0H2Zm2 10.5H2a.5.5 0 0 1-.5-.5V8H0v2a2 2 0 0 0 2 2h2v-1.5ZM8 12v-1.5h2a.5.5 0 0 0 .5-.5V8H12v2a2 2 0 0 1-2 2H8Zm2-12a2 2 0 0 1 2 2v2h-1.5V2a.5.5 0 0 0-.5-.5H8V0h2Z\" \/>\n\t\t\t<\/svg>\n\t\t<\/button><figcaption class=\"wp-element-caption\">Con Violeta<\/figcaption><\/figure>\n\n\n\n<figure data-wp-context=\"{&quot;imageId&quot;:&quot;69f35c6762637&quot;}\" data-wp-interactive=\"core\/image\" data-wp-key=\"69f35c6762637\" class=\"wp-block-image size-large wp-lightbox-container\"><img loading=\"lazy\" decoding=\"async\" width=\"626\" height=\"1024\" data-wp-class--hide=\"state.isContentHidden\" data-wp-class--show=\"state.isContentVisible\" data-wp-init=\"callbacks.setButtonStyles\" data-wp-on--click=\"actions.showLightbox\" data-wp-on--load=\"callbacks.setButtonStyles\" data-wp-on-window--resize=\"callbacks.setButtonStyles\" data-id=\"1453\" src=\"https:\/\/rafaelartacho.es\/wp-content\/uploads\/2025\/05\/20241019_184023-626x1024.jpg\" alt=\"\" class=\"wp-image-1453\" srcset=\"https:\/\/rafaelartacho.es\/wp-content\/uploads\/2025\/05\/20241019_184023-626x1024.jpg 626w, https:\/\/rafaelartacho.es\/wp-content\/uploads\/2025\/05\/20241019_184023-183x300.jpg 183w, https:\/\/rafaelartacho.es\/wp-content\/uploads\/2025\/05\/20241019_184023-768x1257.jpg 768w, https:\/\/rafaelartacho.es\/wp-content\/uploads\/2025\/05\/20241019_184023-938x1536.jpg 938w, https:\/\/rafaelartacho.es\/wp-content\/uploads\/2025\/05\/20241019_184023.jpg 1090w\" sizes=\"auto, (max-width: 709px) 85vw, (max-width: 909px) 67vw, (max-width: 984px) 61vw, (max-width: 1362px) 45vw, 600px\" \/><button\n\t\t\tclass=\"lightbox-trigger\"\n\t\t\ttype=\"button\"\n\t\t\taria-haspopup=\"dialog\"\n\t\t\taria-label=\"Agrandar\"\n\t\t\tdata-wp-init=\"callbacks.initTriggerButton\"\n\t\t\tdata-wp-on--click=\"actions.showLightbox\"\n\t\t\tdata-wp-style--right=\"state.imageButtonRight\"\n\t\t\tdata-wp-style--top=\"state.imageButtonTop\"\n\t\t>\n\t\t\t<svg xmlns=\"http:\/\/www.w3.org\/2000\/svg\" width=\"12\" height=\"12\" fill=\"none\" viewBox=\"0 0 12 12\">\n\t\t\t\t<path fill=\"#fff\" d=\"M2 0a2 2 0 0 0-2 2v2h1.5V2a.5.5 0 0 1 .5-.5h2V0H2Zm2 10.5H2a.5.5 0 0 1-.5-.5V8H0v2a2 2 0 0 0 2 2h2v-1.5ZM8 12v-1.5h2a.5.5 0 0 0 .5-.5V8H12v2a2 2 0 0 1-2 2H8Zm2-12a2 2 0 0 1 2 2v2h-1.5V2a.5.5 0 0 0-.5-.5H8V0h2Z\" \/>\n\t\t\t<\/svg>\n\t\t<\/button><\/figure>\n<\/figure>\n\n\n\n<p>A pesar del trato impecable, hubo momentos duros. No poder moverte, depender para todo, el silencio, la fragilidad, el tiempo detenido&#8230; Me dio para pensar mucho. Hice balance de mi vida. No compartir\u00e9 aqu\u00ed todo lo que pas\u00f3 por mi cabeza, pero s\u00ed puedo decir que he decidido dar prioridad a lo que de verdad importa. Lo esencial. Y para m\u00ed, eso es disfrutar \u2014de verdad\u2014 del cari\u00f1o de mis seres queridos. Disfrutar sin agobios, sin exigencias, con respeto, con tolerancia.<\/p>\n\n\n\n<figure class=\"wp-block-gallery has-nested-images columns-default is-cropped wp-block-gallery-2 is-layout-flex wp-block-gallery-is-layout-flex\">\n<figure data-wp-context=\"{&quot;imageId&quot;:&quot;69f35c6763329&quot;}\" data-wp-interactive=\"core\/image\" data-wp-key=\"69f35c6763329\" class=\"wp-block-image size-large wp-lightbox-container\"><img loading=\"lazy\" decoding=\"async\" width=\"363\" height=\"572\" data-wp-class--hide=\"state.isContentHidden\" data-wp-class--show=\"state.isContentVisible\" data-wp-init=\"callbacks.setButtonStyles\" data-wp-on--click=\"actions.showLightbox\" data-wp-on--load=\"callbacks.setButtonStyles\" data-wp-on-window--resize=\"callbacks.setButtonStyles\" data-id=\"1390\" src=\"https:\/\/rafaelartacho.es\/wp-content\/uploads\/2025\/04\/R20240806_125714-1.jpg\" alt=\"\" class=\"wp-image-1390\" srcset=\"https:\/\/rafaelartacho.es\/wp-content\/uploads\/2025\/04\/R20240806_125714-1.jpg 363w, https:\/\/rafaelartacho.es\/wp-content\/uploads\/2025\/04\/R20240806_125714-1-190x300.jpg 190w\" sizes=\"auto, (max-width: 363px) 85vw, 363px\" \/><button\n\t\t\tclass=\"lightbox-trigger\"\n\t\t\ttype=\"button\"\n\t\t\taria-haspopup=\"dialog\"\n\t\t\taria-label=\"Agrandar\"\n\t\t\tdata-wp-init=\"callbacks.initTriggerButton\"\n\t\t\tdata-wp-on--click=\"actions.showLightbox\"\n\t\t\tdata-wp-style--right=\"state.imageButtonRight\"\n\t\t\tdata-wp-style--top=\"state.imageButtonTop\"\n\t\t>\n\t\t\t<svg xmlns=\"http:\/\/www.w3.org\/2000\/svg\" width=\"12\" height=\"12\" fill=\"none\" viewBox=\"0 0 12 12\">\n\t\t\t\t<path fill=\"#fff\" d=\"M2 0a2 2 0 0 0-2 2v2h1.5V2a.5.5 0 0 1 .5-.5h2V0H2Zm2 10.5H2a.5.5 0 0 1-.5-.5V8H0v2a2 2 0 0 0 2 2h2v-1.5ZM8 12v-1.5h2a.5.5 0 0 0 .5-.5V8H12v2a2 2 0 0 1-2 2H8Zm2-12a2 2 0 0 1 2 2v2h-1.5V2a.5.5 0 0 0-.5-.5H8V0h2Z\" \/>\n\t\t\t<\/svg>\n\t\t<\/button><figcaption class=\"wp-element-caption\">Mi hija Vanesa y su familia<\/figcaption><\/figure>\n\n\n\n<figure data-wp-context=\"{&quot;imageId&quot;:&quot;69f35c6765361&quot;}\" data-wp-interactive=\"core\/image\" data-wp-key=\"69f35c6765361\" class=\"wp-block-image size-large wp-lightbox-container\"><img loading=\"lazy\" decoding=\"async\" width=\"768\" height=\"1024\" data-wp-class--hide=\"state.isContentHidden\" data-wp-class--show=\"state.isContentVisible\" data-wp-init=\"callbacks.setButtonStyles\" data-wp-on--click=\"actions.showLightbox\" data-wp-on--load=\"callbacks.setButtonStyles\" data-wp-on-window--resize=\"callbacks.setButtonStyles\" data-id=\"1388\" src=\"https:\/\/rafaelartacho.es\/wp-content\/uploads\/2025\/04\/IMG-20240810-WA0003-768x1024.jpg\" alt=\"\" class=\"wp-image-1388\" srcset=\"https:\/\/rafaelartacho.es\/wp-content\/uploads\/2025\/04\/IMG-20240810-WA0003-768x1024.jpg 768w, https:\/\/rafaelartacho.es\/wp-content\/uploads\/2025\/04\/IMG-20240810-WA0003-225x300.jpg 225w, https:\/\/rafaelartacho.es\/wp-content\/uploads\/2025\/04\/IMG-20240810-WA0003-1152x1536.jpg 1152w, https:\/\/rafaelartacho.es\/wp-content\/uploads\/2025\/04\/IMG-20240810-WA0003.jpg 1200w\" sizes=\"auto, (max-width: 709px) 85vw, (max-width: 909px) 67vw, (max-width: 984px) 61vw, (max-width: 1362px) 45vw, 600px\" \/><button\n\t\t\tclass=\"lightbox-trigger\"\n\t\t\ttype=\"button\"\n\t\t\taria-haspopup=\"dialog\"\n\t\t\taria-label=\"Agrandar\"\n\t\t\tdata-wp-init=\"callbacks.initTriggerButton\"\n\t\t\tdata-wp-on--click=\"actions.showLightbox\"\n\t\t\tdata-wp-style--right=\"state.imageButtonRight\"\n\t\t\tdata-wp-style--top=\"state.imageButtonTop\"\n\t\t>\n\t\t\t<svg xmlns=\"http:\/\/www.w3.org\/2000\/svg\" width=\"12\" height=\"12\" fill=\"none\" viewBox=\"0 0 12 12\">\n\t\t\t\t<path fill=\"#fff\" d=\"M2 0a2 2 0 0 0-2 2v2h1.5V2a.5.5 0 0 1 .5-.5h2V0H2Zm2 10.5H2a.5.5 0 0 1-.5-.5V8H0v2a2 2 0 0 0 2 2h2v-1.5ZM8 12v-1.5h2a.5.5 0 0 0 .5-.5V8H12v2a2 2 0 0 1-2 2H8Zm2-12a2 2 0 0 1 2 2v2h-1.5V2a.5.5 0 0 0-.5-.5H8V0h2Z\" \/>\n\t\t\t<\/svg>\n\t\t<\/button><figcaption class=\"wp-element-caption\">Con mis nietos Samuel y Elsa<\/figcaption><\/figure>\n<\/figure>\n\n\n\n<p>Ver a mis hijos y hermanos a mi lado me dio una fuerza inmensa. Ver a Violeta fue un subid\u00f3n incre\u00edble. Sent\u00ed una energ\u00eda profunda, una fuerza invisible pero real, proveniente de todos los que se preocuparon por m\u00ed: mis hijos, conyuges y nietos, mis hermanos y sobrinos, mis amigos, conocidos\u2026 Fue algo dif\u00edcil de explicar, pero muy real.<\/p>\n\n\n\n<figure data-wp-context=\"{&quot;imageId&quot;:&quot;69f35c676613a&quot;}\" data-wp-interactive=\"core\/image\" data-wp-key=\"69f35c676613a\" class=\"wp-block-image size-large wp-lightbox-container\"><img loading=\"lazy\" decoding=\"async\" width=\"1024\" height=\"768\" data-wp-class--hide=\"state.isContentHidden\" data-wp-class--show=\"state.isContentVisible\" data-wp-init=\"callbacks.setButtonStyles\" data-wp-on--click=\"actions.showLightbox\" data-wp-on--load=\"callbacks.setButtonStyles\" data-wp-on-window--resize=\"callbacks.setButtonStyles\" src=\"https:\/\/rafaelartacho.es\/wp-content\/uploads\/2025\/04\/20230805_105640-1024x768.jpg\" alt=\"\" class=\"wp-image-1419\" srcset=\"https:\/\/rafaelartacho.es\/wp-content\/uploads\/2025\/04\/20230805_105640-1024x768.jpg 1024w, https:\/\/rafaelartacho.es\/wp-content\/uploads\/2025\/04\/20230805_105640-300x225.jpg 300w, https:\/\/rafaelartacho.es\/wp-content\/uploads\/2025\/04\/20230805_105640-768x576.jpg 768w, https:\/\/rafaelartacho.es\/wp-content\/uploads\/2025\/04\/20230805_105640-1536x1152.jpg 1536w, https:\/\/rafaelartacho.es\/wp-content\/uploads\/2025\/04\/20230805_105640-1200x900.jpg 1200w, https:\/\/rafaelartacho.es\/wp-content\/uploads\/2025\/04\/20230805_105640.jpg 2016w\" sizes=\"auto, (max-width: 709px) 85vw, (max-width: 909px) 67vw, (max-width: 1362px) 62vw, 840px\" \/><button\n\t\t\tclass=\"lightbox-trigger\"\n\t\t\ttype=\"button\"\n\t\t\taria-haspopup=\"dialog\"\n\t\t\taria-label=\"Agrandar\"\n\t\t\tdata-wp-init=\"callbacks.initTriggerButton\"\n\t\t\tdata-wp-on--click=\"actions.showLightbox\"\n\t\t\tdata-wp-style--right=\"state.imageButtonRight\"\n\t\t\tdata-wp-style--top=\"state.imageButtonTop\"\n\t\t>\n\t\t\t<svg xmlns=\"http:\/\/www.w3.org\/2000\/svg\" width=\"12\" height=\"12\" fill=\"none\" viewBox=\"0 0 12 12\">\n\t\t\t\t<path fill=\"#fff\" d=\"M2 0a2 2 0 0 0-2 2v2h1.5V2a.5.5 0 0 1 .5-.5h2V0H2Zm2 10.5H2a.5.5 0 0 1-.5-.5V8H0v2a2 2 0 0 0 2 2h2v-1.5ZM8 12v-1.5h2a.5.5 0 0 0 .5-.5V8H12v2a2 2 0 0 1-2 2H8Zm2-12a2 2 0 0 1 2 2v2h-1.5V2a.5.5 0 0 0-.5-.5H8V0h2Z\" \/>\n\t\t\t<\/svg>\n\t\t<\/button><figcaption class=\"wp-element-caption\">Con mi hijo Juan Carlos, mi nieto Mateo y mi nuera Aroa.<\/figcaption><\/figure>\n\n\n\n<p>No s\u00e9 si he cambiado. Eso tendr\u00e1n que decirlo los dem\u00e1s. Pero este \u201cnuevo Rafa\u201d ya no quiere arrastrar resentimientos del pasado. Quiere reconciliaci\u00f3n. Quiere seguir conociendo lugares, hacer nuevas amistades, cumplir los objetivos que se dej\u00f3 para la jubilaci\u00f3n (que a\u00fan no se han agotado), y en resumen, vivir\u2026 y dejar vivir.<\/p>\n\n\n\n<figure data-wp-context=\"{&quot;imageId&quot;:&quot;69f35c6766cc6&quot;}\" data-wp-interactive=\"core\/image\" data-wp-key=\"69f35c6766cc6\" class=\"wp-block-image size-large wp-lightbox-container\"><img loading=\"lazy\" decoding=\"async\" width=\"1024\" height=\"460\" data-wp-class--hide=\"state.isContentHidden\" data-wp-class--show=\"state.isContentVisible\" data-wp-init=\"callbacks.setButtonStyles\" data-wp-on--click=\"actions.showLightbox\" data-wp-on--load=\"callbacks.setButtonStyles\" data-wp-on-window--resize=\"callbacks.setButtonStyles\" src=\"https:\/\/rafaelartacho.es\/wp-content\/uploads\/2025\/04\/R20240718_114447-1024x460.jpg\" alt=\"\" class=\"wp-image-1410\" srcset=\"https:\/\/rafaelartacho.es\/wp-content\/uploads\/2025\/04\/R20240718_114447-1024x460.jpg 1024w, https:\/\/rafaelartacho.es\/wp-content\/uploads\/2025\/04\/R20240718_114447-300x135.jpg 300w, https:\/\/rafaelartacho.es\/wp-content\/uploads\/2025\/04\/R20240718_114447-768x345.jpg 768w, https:\/\/rafaelartacho.es\/wp-content\/uploads\/2025\/04\/R20240718_114447-1536x691.jpg 1536w, https:\/\/rafaelartacho.es\/wp-content\/uploads\/2025\/04\/R20240718_114447-1200x539.jpg 1200w, https:\/\/rafaelartacho.es\/wp-content\/uploads\/2025\/04\/R20240718_114447.jpg 1824w\" sizes=\"auto, (max-width: 709px) 85vw, (max-width: 909px) 67vw, (max-width: 1362px) 62vw, 840px\" \/><button\n\t\t\tclass=\"lightbox-trigger\"\n\t\t\ttype=\"button\"\n\t\t\taria-haspopup=\"dialog\"\n\t\t\taria-label=\"Agrandar\"\n\t\t\tdata-wp-init=\"callbacks.initTriggerButton\"\n\t\t\tdata-wp-on--click=\"actions.showLightbox\"\n\t\t\tdata-wp-style--right=\"state.imageButtonRight\"\n\t\t\tdata-wp-style--top=\"state.imageButtonTop\"\n\t\t>\n\t\t\t<svg xmlns=\"http:\/\/www.w3.org\/2000\/svg\" width=\"12\" height=\"12\" fill=\"none\" viewBox=\"0 0 12 12\">\n\t\t\t\t<path fill=\"#fff\" d=\"M2 0a2 2 0 0 0-2 2v2h1.5V2a.5.5 0 0 1 .5-.5h2V0H2Zm2 10.5H2a.5.5 0 0 1-.5-.5V8H0v2a2 2 0 0 0 2 2h2v-1.5ZM8 12v-1.5h2a.5.5 0 0 0 .5-.5V8H12v2a2 2 0 0 1-2 2H8Zm2-12a2 2 0 0 1 2 2v2h-1.5V2a.5.5 0 0 0-.5-.5H8V0h2Z\" \/>\n\t\t\t<\/svg>\n\t\t<\/button><figcaption class=\"wp-element-caption\">Con mis amigos Charo y Tom\u00e1s<\/figcaption><\/figure>\n\n\n\n<figure data-wp-context=\"{&quot;imageId&quot;:&quot;69f35c6767905&quot;}\" data-wp-interactive=\"core\/image\" data-wp-key=\"69f35c6767905\" class=\"wp-block-image size-large wp-lightbox-container\"><img loading=\"lazy\" decoding=\"async\" width=\"1024\" height=\"650\" data-wp-class--hide=\"state.isContentHidden\" data-wp-class--show=\"state.isContentVisible\" data-wp-init=\"callbacks.setButtonStyles\" data-wp-on--click=\"actions.showLightbox\" data-wp-on--load=\"callbacks.setButtonStyles\" data-wp-on-window--resize=\"callbacks.setButtonStyles\" src=\"https:\/\/rafaelartacho.es\/wp-content\/uploads\/2025\/04\/20240825_170234-1024x650.jpg\" alt=\"\" class=\"wp-image-1411\" srcset=\"https:\/\/rafaelartacho.es\/wp-content\/uploads\/2025\/04\/20240825_170234-1024x650.jpg 1024w, https:\/\/rafaelartacho.es\/wp-content\/uploads\/2025\/04\/20240825_170234-300x190.jpg 300w, https:\/\/rafaelartacho.es\/wp-content\/uploads\/2025\/04\/20240825_170234-768x487.jpg 768w, https:\/\/rafaelartacho.es\/wp-content\/uploads\/2025\/04\/20240825_170234-1200x761.jpg 1200w, https:\/\/rafaelartacho.es\/wp-content\/uploads\/2025\/04\/20240825_170234.jpg 1431w\" sizes=\"auto, (max-width: 709px) 85vw, (max-width: 909px) 67vw, (max-width: 1362px) 62vw, 840px\" \/><button\n\t\t\tclass=\"lightbox-trigger\"\n\t\t\ttype=\"button\"\n\t\t\taria-haspopup=\"dialog\"\n\t\t\taria-label=\"Agrandar\"\n\t\t\tdata-wp-init=\"callbacks.initTriggerButton\"\n\t\t\tdata-wp-on--click=\"actions.showLightbox\"\n\t\t\tdata-wp-style--right=\"state.imageButtonRight\"\n\t\t\tdata-wp-style--top=\"state.imageButtonTop\"\n\t\t>\n\t\t\t<svg xmlns=\"http:\/\/www.w3.org\/2000\/svg\" width=\"12\" height=\"12\" fill=\"none\" viewBox=\"0 0 12 12\">\n\t\t\t\t<path fill=\"#fff\" d=\"M2 0a2 2 0 0 0-2 2v2h1.5V2a.5.5 0 0 1 .5-.5h2V0H2Zm2 10.5H2a.5.5 0 0 1-.5-.5V8H0v2a2 2 0 0 0 2 2h2v-1.5ZM8 12v-1.5h2a.5.5 0 0 0 .5-.5V8H12v2a2 2 0 0 1-2 2H8Zm2-12a2 2 0 0 1 2 2v2h-1.5V2a.5.5 0 0 0-.5-.5H8V0h2Z\" \/>\n\t\t\t<\/svg>\n\t\t<\/button><figcaption class=\"wp-element-caption\">Con mis amigas To\u00f1i y Mari Carmen<\/figcaption><\/figure>\n\n\n\n<p><strong>Este primer a\u00f1o de mi \u201cnueva vida\u201d ha sido intenso y, sobre todo, lleno de momentos especiales.<\/strong><br>El pasado verano volv\u00ed a sentir la brisa del mar en Burela, en la Mari\u00f1a Lucense, donde tuve la alegr\u00eda de recibir primero a mi hija Vanesa, mi yerno Joaqu\u00edn y mis nietos Samuel y Elsa.<\/p>\n\n\n\n<figure class=\"wp-block-image size-large\"><img loading=\"lazy\" decoding=\"async\" width=\"1024\" height=\"768\" src=\"https:\/\/rafaelartacho.es\/wp-content\/uploads\/2025\/05\/IMG-20240726-WA0001-1024x768.jpg\" alt=\"\" class=\"wp-image-1446\" srcset=\"https:\/\/rafaelartacho.es\/wp-content\/uploads\/2025\/05\/IMG-20240726-WA0001-1024x768.jpg 1024w, https:\/\/rafaelartacho.es\/wp-content\/uploads\/2025\/05\/IMG-20240726-WA0001-300x225.jpg 300w, https:\/\/rafaelartacho.es\/wp-content\/uploads\/2025\/05\/IMG-20240726-WA0001-768x576.jpg 768w, https:\/\/rafaelartacho.es\/wp-content\/uploads\/2025\/05\/IMG-20240726-WA0001-1536x1152.jpg 1536w, https:\/\/rafaelartacho.es\/wp-content\/uploads\/2025\/05\/IMG-20240726-WA0001-1200x900.jpg 1200w, https:\/\/rafaelartacho.es\/wp-content\/uploads\/2025\/05\/IMG-20240726-WA0001.jpg 2048w\" sizes=\"auto, (max-width: 709px) 85vw, (max-width: 909px) 67vw, (max-width: 1362px) 62vw, 840px\" \/><figcaption class=\"wp-element-caption\">Con mi sobrino Manolo, su mujer Gema y su hija Diana.<\/figcaption><\/figure>\n\n\n\n<p>Tambi\u00e9n las casualidades del destino propiciaron que me visitaran en Burela mi sobrino Manolo con su familia, ya que pasaban sus vacaciones en Foz, localidad muy pr\u00f3xima a Burela y pasamos una tarde muy agradable.<\/p>\n\n\n\n<figure class=\"wp-block-image size-large\"><img loading=\"lazy\" decoding=\"async\" width=\"732\" height=\"1024\" src=\"https:\/\/rafaelartacho.es\/wp-content\/uploads\/2025\/04\/R20240518_122312-1-732x1024.jpg\" alt=\"\" class=\"wp-image-1415\" srcset=\"https:\/\/rafaelartacho.es\/wp-content\/uploads\/2025\/04\/R20240518_122312-1-732x1024.jpg 732w, https:\/\/rafaelartacho.es\/wp-content\/uploads\/2025\/04\/R20240518_122312-1-214x300.jpg 214w, https:\/\/rafaelartacho.es\/wp-content\/uploads\/2025\/04\/R20240518_122312-1-768x1074.jpg 768w, https:\/\/rafaelartacho.es\/wp-content\/uploads\/2025\/04\/R20240518_122312-1-1098x1536.jpg 1098w, https:\/\/rafaelartacho.es\/wp-content\/uploads\/2025\/04\/R20240518_122312-1-1200x1679.jpg 1200w, https:\/\/rafaelartacho.es\/wp-content\/uploads\/2025\/04\/R20240518_122312-1.jpg 1211w\" sizes=\"auto, (max-width: 709px) 85vw, (max-width: 909px) 67vw, (max-width: 984px) 61vw, (max-width: 1362px) 45vw, 600px\" \/><figcaption class=\"wp-element-caption\">Regalo de mi amiga Mar<\/figcaption><\/figure>\n\n\n\n<p>Mi hijo Juan Carlos, mi nuera Aroa y mi nieto Mateo fallaron este a\u00f1o por un problema de salud de Juan Carlos que afortunadamente se resolvi\u00f3 pronto de forma satisfactoria, pero estoy deseando que este pr\u00f3ximo verano pueda recibirlos.<\/p>\n\n\n\n<figure data-wp-context=\"{&quot;imageId&quot;:&quot;69f35c67684e3&quot;}\" data-wp-interactive=\"core\/image\" data-wp-key=\"69f35c67684e3\" class=\"wp-block-image size-large wp-lightbox-container\"><img loading=\"lazy\" decoding=\"async\" width=\"1024\" height=\"460\" data-wp-class--hide=\"state.isContentHidden\" data-wp-class--show=\"state.isContentVisible\" data-wp-init=\"callbacks.setButtonStyles\" data-wp-on--click=\"actions.showLightbox\" data-wp-on--load=\"callbacks.setButtonStyles\" data-wp-on-window--resize=\"callbacks.setButtonStyles\" src=\"https:\/\/rafaelartacho.es\/wp-content\/uploads\/2025\/04\/R20240902_152158-1024x460.jpg\" alt=\"\" class=\"wp-image-1391\" srcset=\"https:\/\/rafaelartacho.es\/wp-content\/uploads\/2025\/04\/R20240902_152158-1024x460.jpg 1024w, https:\/\/rafaelartacho.es\/wp-content\/uploads\/2025\/04\/R20240902_152158-300x135.jpg 300w, https:\/\/rafaelartacho.es\/wp-content\/uploads\/2025\/04\/R20240902_152158-768x345.jpg 768w, https:\/\/rafaelartacho.es\/wp-content\/uploads\/2025\/04\/R20240902_152158-1536x691.jpg 1536w, https:\/\/rafaelartacho.es\/wp-content\/uploads\/2025\/04\/R20240902_152158-1200x539.jpg 1200w, https:\/\/rafaelartacho.es\/wp-content\/uploads\/2025\/04\/R20240902_152158.jpg 1824w\" sizes=\"auto, (max-width: 709px) 85vw, (max-width: 909px) 67vw, (max-width: 1362px) 62vw, 840px\" \/><button\n\t\t\tclass=\"lightbox-trigger\"\n\t\t\ttype=\"button\"\n\t\t\taria-haspopup=\"dialog\"\n\t\t\taria-label=\"Agrandar\"\n\t\t\tdata-wp-init=\"callbacks.initTriggerButton\"\n\t\t\tdata-wp-on--click=\"actions.showLightbox\"\n\t\t\tdata-wp-style--right=\"state.imageButtonRight\"\n\t\t\tdata-wp-style--top=\"state.imageButtonTop\"\n\t\t>\n\t\t\t<svg xmlns=\"http:\/\/www.w3.org\/2000\/svg\" width=\"12\" height=\"12\" fill=\"none\" viewBox=\"0 0 12 12\">\n\t\t\t\t<path fill=\"#fff\" d=\"M2 0a2 2 0 0 0-2 2v2h1.5V2a.5.5 0 0 1 .5-.5h2V0H2Zm2 10.5H2a.5.5 0 0 1-.5-.5V8H0v2a2 2 0 0 0 2 2h2v-1.5ZM8 12v-1.5h2a.5.5 0 0 0 .5-.5V8H12v2a2 2 0 0 1-2 2H8Zm2-12a2 2 0 0 1 2 2v2h-1.5V2a.5.5 0 0 0-.5-.5H8V0h2Z\" \/>\n\t\t\t<\/svg>\n\t\t<\/button><figcaption class=\"wp-element-caption\">Mi sobrino nieto Marcos, mi hermano Pepe, su mujer Petra, mi sobrino Javier en Burela<\/figcaption><\/figure>\n\n\n\n<p>Despu\u00e9s llegaron mi hermano Pepe, mi cu\u00f1ada Petra, mi sobrino Javier y mi sobrino nieto Marcos, completando unos d\u00edas entra\u00f1ables. Todo ello junto con los amigos, algunos nuevos como Mari Carmen y otros antiguos como Tom\u00e1s, Charo y To\u00f1i que alegraron mi estancia en esa localidad costera.<\/p>\n\n\n\n<figure data-wp-context=\"{&quot;imageId&quot;:&quot;69f35c676af23&quot;}\" data-wp-interactive=\"core\/image\" data-wp-key=\"69f35c676af23\" class=\"wp-block-image size-large wp-lightbox-container\"><img loading=\"lazy\" decoding=\"async\" width=\"1024\" height=\"748\" data-wp-class--hide=\"state.isContentHidden\" data-wp-class--show=\"state.isContentVisible\" data-wp-init=\"callbacks.setButtonStyles\" data-wp-on--click=\"actions.showLightbox\" data-wp-on--load=\"callbacks.setButtonStyles\" data-wp-on-window--resize=\"callbacks.setButtonStyles\" src=\"https:\/\/rafaelartacho.es\/wp-content\/uploads\/2025\/04\/R20241025_153512-1024x748.jpg\" alt=\"\" class=\"wp-image-1392\" srcset=\"https:\/\/rafaelartacho.es\/wp-content\/uploads\/2025\/04\/R20241025_153512-1024x748.jpg 1024w, https:\/\/rafaelartacho.es\/wp-content\/uploads\/2025\/04\/R20241025_153512-300x219.jpg 300w, https:\/\/rafaelartacho.es\/wp-content\/uploads\/2025\/04\/R20241025_153512-768x561.jpg 768w, https:\/\/rafaelartacho.es\/wp-content\/uploads\/2025\/04\/R20241025_153512-1536x1122.jpg 1536w, https:\/\/rafaelartacho.es\/wp-content\/uploads\/2025\/04\/R20241025_153512-1200x876.jpg 1200w, https:\/\/rafaelartacho.es\/wp-content\/uploads\/2025\/04\/R20241025_153512.jpg 1643w\" sizes=\"auto, (max-width: 709px) 85vw, (max-width: 909px) 67vw, (max-width: 1362px) 62vw, 840px\" \/><button\n\t\t\tclass=\"lightbox-trigger\"\n\t\t\ttype=\"button\"\n\t\t\taria-haspopup=\"dialog\"\n\t\t\taria-label=\"Agrandar\"\n\t\t\tdata-wp-init=\"callbacks.initTriggerButton\"\n\t\t\tdata-wp-on--click=\"actions.showLightbox\"\n\t\t\tdata-wp-style--right=\"state.imageButtonRight\"\n\t\t\tdata-wp-style--top=\"state.imageButtonTop\"\n\t\t>\n\t\t\t<svg xmlns=\"http:\/\/www.w3.org\/2000\/svg\" width=\"12\" height=\"12\" fill=\"none\" viewBox=\"0 0 12 12\">\n\t\t\t\t<path fill=\"#fff\" d=\"M2 0a2 2 0 0 0-2 2v2h1.5V2a.5.5 0 0 1 .5-.5h2V0H2Zm2 10.5H2a.5.5 0 0 1-.5-.5V8H0v2a2 2 0 0 0 2 2h2v-1.5ZM8 12v-1.5h2a.5.5 0 0 0 .5-.5V8H12v2a2 2 0 0 1-2 2H8Zm2-12a2 2 0 0 1 2 2v2h-1.5V2a.5.5 0 0 0-.5-.5H8V0h2Z\" \/>\n\t\t\t<\/svg>\n\t\t<\/button><figcaption class=\"wp-element-caption\">Con mis antiguos compa\u00f1eros de la Universidad Laboral de C\u00f3rdoba en el viaje a O\u00f1a<\/figcaption><\/figure>\n\n\n\n<p>Tambi\u00e9n lo pas\u00e9 genial en el viaje a O\u00f1a con mis antiguos compa\u00f1eros de Bachillerato de la Universidad Laboral de C\u00f3rdoba. <\/p>\n\n\n\n<p>Tampoco falt\u00f3 mi viaje anual del Imserso a Roquetas junto a mi hermana Mari.<\/p>\n\n\n\n<figure data-wp-context=\"{&quot;imageId&quot;:&quot;69f35c676c344&quot;}\" data-wp-interactive=\"core\/image\" data-wp-key=\"69f35c676c344\" class=\"wp-block-image size-large wp-lightbox-container\"><img loading=\"lazy\" decoding=\"async\" width=\"1024\" height=\"460\" data-wp-class--hide=\"state.isContentHidden\" data-wp-class--show=\"state.isContentVisible\" data-wp-init=\"callbacks.setButtonStyles\" data-wp-on--click=\"actions.showLightbox\" data-wp-on--load=\"callbacks.setButtonStyles\" data-wp-on-window--resize=\"callbacks.setButtonStyles\" src=\"https:\/\/rafaelartacho.es\/wp-content\/uploads\/2025\/04\/R20241214_125405-1024x460.jpg\" alt=\"\" class=\"wp-image-1393\" srcset=\"https:\/\/rafaelartacho.es\/wp-content\/uploads\/2025\/04\/R20241214_125405-1024x460.jpg 1024w, https:\/\/rafaelartacho.es\/wp-content\/uploads\/2025\/04\/R20241214_125405-300x135.jpg 300w, https:\/\/rafaelartacho.es\/wp-content\/uploads\/2025\/04\/R20241214_125405-768x345.jpg 768w, https:\/\/rafaelartacho.es\/wp-content\/uploads\/2025\/04\/R20241214_125405-1536x691.jpg 1536w, https:\/\/rafaelartacho.es\/wp-content\/uploads\/2025\/04\/R20241214_125405-1200x539.jpg 1200w, https:\/\/rafaelartacho.es\/wp-content\/uploads\/2025\/04\/R20241214_125405.jpg 1824w\" sizes=\"auto, (max-width: 709px) 85vw, (max-width: 909px) 67vw, (max-width: 1362px) 62vw, 840px\" \/><button\n\t\t\tclass=\"lightbox-trigger\"\n\t\t\ttype=\"button\"\n\t\t\taria-haspopup=\"dialog\"\n\t\t\taria-label=\"Agrandar\"\n\t\t\tdata-wp-init=\"callbacks.initTriggerButton\"\n\t\t\tdata-wp-on--click=\"actions.showLightbox\"\n\t\t\tdata-wp-style--right=\"state.imageButtonRight\"\n\t\t\tdata-wp-style--top=\"state.imageButtonTop\"\n\t\t>\n\t\t\t<svg xmlns=\"http:\/\/www.w3.org\/2000\/svg\" width=\"12\" height=\"12\" fill=\"none\" viewBox=\"0 0 12 12\">\n\t\t\t\t<path fill=\"#fff\" d=\"M2 0a2 2 0 0 0-2 2v2h1.5V2a.5.5 0 0 1 .5-.5h2V0H2Zm2 10.5H2a.5.5 0 0 1-.5-.5V8H0v2a2 2 0 0 0 2 2h2v-1.5ZM8 12v-1.5h2a.5.5 0 0 0 .5-.5V8H12v2a2 2 0 0 1-2 2H8Zm2-12a2 2 0 0 1 2 2v2h-1.5V2a.5.5 0 0 0-.5-.5H8V0h2Z\" \/>\n\t\t\t<\/svg>\n\t\t<\/button><figcaption class=\"wp-element-caption\">Con mi hermana Mari en Roquetas<\/figcaption><\/figure>\n\n\n\n<figure class=\"wp-block-gallery has-nested-images columns-default is-cropped wp-block-gallery-3 is-layout-flex wp-block-gallery-is-layout-flex\">\n<figure data-wp-context=\"{&quot;imageId&quot;:&quot;69f35c6770969&quot;}\" data-wp-interactive=\"core\/image\" data-wp-key=\"69f35c6770969\" class=\"wp-block-image size-large wp-lightbox-container\"><img loading=\"lazy\" decoding=\"async\" width=\"461\" height=\"1024\" data-wp-class--hide=\"state.isContentHidden\" data-wp-class--show=\"state.isContentVisible\" data-wp-init=\"callbacks.setButtonStyles\" data-wp-on--click=\"actions.showLightbox\" data-wp-on--load=\"callbacks.setButtonStyles\" data-wp-on-window--resize=\"callbacks.setButtonStyles\" data-id=\"1423\" src=\"https:\/\/rafaelartacho.es\/wp-content\/uploads\/2025\/04\/20250126_141347-461x1024.jpg\" alt=\"\" class=\"wp-image-1423\" srcset=\"https:\/\/rafaelartacho.es\/wp-content\/uploads\/2025\/04\/20250126_141347-461x1024.jpg 461w, https:\/\/rafaelartacho.es\/wp-content\/uploads\/2025\/04\/20250126_141347-135x300.jpg 135w, https:\/\/rafaelartacho.es\/wp-content\/uploads\/2025\/04\/20250126_141347-768x1705.jpg 768w, https:\/\/rafaelartacho.es\/wp-content\/uploads\/2025\/04\/20250126_141347-692x1536.jpg 692w, https:\/\/rafaelartacho.es\/wp-content\/uploads\/2025\/04\/20250126_141347-rotated.jpg 908w\" sizes=\"auto, (max-width: 461px) 85vw, 461px\" \/><button\n\t\t\tclass=\"lightbox-trigger\"\n\t\t\ttype=\"button\"\n\t\t\taria-haspopup=\"dialog\"\n\t\t\taria-label=\"Agrandar\"\n\t\t\tdata-wp-init=\"callbacks.initTriggerButton\"\n\t\t\tdata-wp-on--click=\"actions.showLightbox\"\n\t\t\tdata-wp-style--right=\"state.imageButtonRight\"\n\t\t\tdata-wp-style--top=\"state.imageButtonTop\"\n\t\t>\n\t\t\t<svg xmlns=\"http:\/\/www.w3.org\/2000\/svg\" width=\"12\" height=\"12\" fill=\"none\" viewBox=\"0 0 12 12\">\n\t\t\t\t<path fill=\"#fff\" d=\"M2 0a2 2 0 0 0-2 2v2h1.5V2a.5.5 0 0 1 .5-.5h2V0H2Zm2 10.5H2a.5.5 0 0 1-.5-.5V8H0v2a2 2 0 0 0 2 2h2v-1.5ZM8 12v-1.5h2a.5.5 0 0 0 .5-.5V8H12v2a2 2 0 0 1-2 2H8Zm2-12a2 2 0 0 1 2 2v2h-1.5V2a.5.5 0 0 0-.5-.5H8V0h2Z\" \/>\n\t\t\t<\/svg>\n\t\t<\/button><figcaption class=\"wp-element-caption\">\u00bfPor qu\u00e9 me gustar\u00e1 Burela?<\/figcaption><\/figure>\n\n\n\n<figure data-wp-context=\"{&quot;imageId&quot;:&quot;69f35c67782c0&quot;}\" data-wp-interactive=\"core\/image\" data-wp-key=\"69f35c67782c0\" class=\"wp-block-image size-large wp-lightbox-container\"><img loading=\"lazy\" decoding=\"async\" width=\"461\" height=\"1024\" data-wp-class--hide=\"state.isContentHidden\" data-wp-class--show=\"state.isContentVisible\" data-wp-init=\"callbacks.setButtonStyles\" data-wp-on--click=\"actions.showLightbox\" data-wp-on--load=\"callbacks.setButtonStyles\" data-wp-on-window--resize=\"callbacks.setButtonStyles\" data-id=\"1422\" src=\"https:\/\/rafaelartacho.es\/wp-content\/uploads\/2025\/04\/20250126_141313-461x1024.jpg\" alt=\"\" class=\"wp-image-1422\" srcset=\"https:\/\/rafaelartacho.es\/wp-content\/uploads\/2025\/04\/20250126_141313-461x1024.jpg 461w, https:\/\/rafaelartacho.es\/wp-content\/uploads\/2025\/04\/20250126_141313-135x300.jpg 135w, https:\/\/rafaelartacho.es\/wp-content\/uploads\/2025\/04\/20250126_141313-768x1705.jpg 768w, https:\/\/rafaelartacho.es\/wp-content\/uploads\/2025\/04\/20250126_141313-692x1536.jpg 692w, https:\/\/rafaelartacho.es\/wp-content\/uploads\/2025\/04\/20250126_141313-rotated.jpg 908w\" sizes=\"auto, (max-width: 461px) 85vw, 461px\" \/><button\n\t\t\tclass=\"lightbox-trigger\"\n\t\t\ttype=\"button\"\n\t\t\taria-haspopup=\"dialog\"\n\t\t\taria-label=\"Agrandar\"\n\t\t\tdata-wp-init=\"callbacks.initTriggerButton\"\n\t\t\tdata-wp-on--click=\"actions.showLightbox\"\n\t\t\tdata-wp-style--right=\"state.imageButtonRight\"\n\t\t\tdata-wp-style--top=\"state.imageButtonTop\"\n\t\t>\n\t\t\t<svg xmlns=\"http:\/\/www.w3.org\/2000\/svg\" width=\"12\" height=\"12\" fill=\"none\" viewBox=\"0 0 12 12\">\n\t\t\t\t<path fill=\"#fff\" d=\"M2 0a2 2 0 0 0-2 2v2h1.5V2a.5.5 0 0 1 .5-.5h2V0H2Zm2 10.5H2a.5.5 0 0 1-.5-.5V8H0v2a2 2 0 0 0 2 2h2v-1.5ZM8 12v-1.5h2a.5.5 0 0 0 .5-.5V8H12v2a2 2 0 0 1-2 2H8Zm2-12a2 2 0 0 1 2 2v2h-1.5V2a.5.5 0 0 0-.5-.5H8V0h2Z\" \/>\n\t\t\t<\/svg>\n\t\t<\/button><figcaption class=\"wp-element-caption\">A mi hermana Carmen tambi\u00e9n le gusta<\/figcaption><\/figure>\n<\/figure>\n\n\n\n<p>Y este a\u00f1o 2025 empec\u00e9 con otro viaje a Burela con mi hermana Carmen y continu\u00e9 con el m\u00e1s reciente: un viaje muy especial con mi hermana Mari  y su hijo Pedro, para ver por primera vez la Semana Santa de Antequera, el pueblo que me vio nacer.<\/p>\n\n\n\n<figure class=\"wp-block-gallery has-nested-images columns-default is-cropped wp-block-gallery-4 is-layout-flex wp-block-gallery-is-layout-flex\">\n<figure data-wp-context=\"{&quot;imageId&quot;:&quot;69f35c677b4e0&quot;}\" data-wp-interactive=\"core\/image\" data-wp-key=\"69f35c677b4e0\" class=\"wp-block-image size-full wp-lightbox-container\"><img loading=\"lazy\" decoding=\"async\" width=\"623\" height=\"1020\" data-wp-class--hide=\"state.isContentHidden\" data-wp-class--show=\"state.isContentVisible\" data-wp-init=\"callbacks.setButtonStyles\" data-wp-on--click=\"actions.showLightbox\" data-wp-on--load=\"callbacks.setButtonStyles\" data-wp-on-window--resize=\"callbacks.setButtonStyles\" data-id=\"1408\" src=\"https:\/\/rafaelartacho.es\/wp-content\/uploads\/2025\/04\/IMG-20250416-WA0076-1.jpg\" alt=\"\" class=\"wp-image-1408\" srcset=\"https:\/\/rafaelartacho.es\/wp-content\/uploads\/2025\/04\/IMG-20250416-WA0076-1.jpg 623w, https:\/\/rafaelartacho.es\/wp-content\/uploads\/2025\/04\/IMG-20250416-WA0076-1-183x300.jpg 183w\" sizes=\"auto, (max-width: 709px) 85vw, (max-width: 909px) 67vw, (max-width: 984px) 61vw, (max-width: 1362px) 45vw, 600px\" \/><button\n\t\t\tclass=\"lightbox-trigger\"\n\t\t\ttype=\"button\"\n\t\t\taria-haspopup=\"dialog\"\n\t\t\taria-label=\"Agrandar\"\n\t\t\tdata-wp-init=\"callbacks.initTriggerButton\"\n\t\t\tdata-wp-on--click=\"actions.showLightbox\"\n\t\t\tdata-wp-style--right=\"state.imageButtonRight\"\n\t\t\tdata-wp-style--top=\"state.imageButtonTop\"\n\t\t>\n\t\t\t<svg xmlns=\"http:\/\/www.w3.org\/2000\/svg\" width=\"12\" height=\"12\" fill=\"none\" viewBox=\"0 0 12 12\">\n\t\t\t\t<path fill=\"#fff\" d=\"M2 0a2 2 0 0 0-2 2v2h1.5V2a.5.5 0 0 1 .5-.5h2V0H2Zm2 10.5H2a.5.5 0 0 1-.5-.5V8H0v2a2 2 0 0 0 2 2h2v-1.5ZM8 12v-1.5h2a.5.5 0 0 0 .5-.5V8H12v2a2 2 0 0 1-2 2H8Zm2-12a2 2 0 0 1 2 2v2h-1.5V2a.5.5 0 0 0-.5-.5H8V0h2Z\" \/>\n\t\t\t<\/svg>\n\t\t<\/button><figcaption class=\"wp-element-caption\">Con mi hermana Mari en Antequera<\/figcaption><\/figure>\n\n\n\n<figure data-wp-context=\"{&quot;imageId&quot;:&quot;69f35c677ecea&quot;}\" data-wp-interactive=\"core\/image\" data-wp-key=\"69f35c677ecea\" class=\"wp-block-image size-large wp-lightbox-container\"><img loading=\"lazy\" decoding=\"async\" width=\"461\" height=\"1024\" data-wp-class--hide=\"state.isContentHidden\" data-wp-class--show=\"state.isContentVisible\" data-wp-init=\"callbacks.setButtonStyles\" data-wp-on--click=\"actions.showLightbox\" data-wp-on--load=\"callbacks.setButtonStyles\" data-wp-on-window--resize=\"callbacks.setButtonStyles\" data-id=\"1405\" src=\"https:\/\/rafaelartacho.es\/wp-content\/uploads\/2025\/04\/20250418_114823-461x1024.jpg\" alt=\"\" class=\"wp-image-1405\" srcset=\"https:\/\/rafaelartacho.es\/wp-content\/uploads\/2025\/04\/20250418_114823-461x1024.jpg 461w, https:\/\/rafaelartacho.es\/wp-content\/uploads\/2025\/04\/20250418_114823-135x300.jpg 135w, https:\/\/rafaelartacho.es\/wp-content\/uploads\/2025\/04\/20250418_114823-768x1705.jpg 768w, https:\/\/rafaelartacho.es\/wp-content\/uploads\/2025\/04\/20250418_114823-692x1536.jpg 692w, https:\/\/rafaelartacho.es\/wp-content\/uploads\/2025\/04\/20250418_114823-rotated.jpg 908w\" sizes=\"auto, (max-width: 461px) 85vw, 461px\" \/><button\n\t\t\tclass=\"lightbox-trigger\"\n\t\t\ttype=\"button\"\n\t\t\taria-haspopup=\"dialog\"\n\t\t\taria-label=\"Agrandar\"\n\t\t\tdata-wp-init=\"callbacks.initTriggerButton\"\n\t\t\tdata-wp-on--click=\"actions.showLightbox\"\n\t\t\tdata-wp-style--right=\"state.imageButtonRight\"\n\t\t\tdata-wp-style--top=\"state.imageButtonTop\"\n\t\t>\n\t\t\t<svg xmlns=\"http:\/\/www.w3.org\/2000\/svg\" width=\"12\" height=\"12\" fill=\"none\" viewBox=\"0 0 12 12\">\n\t\t\t\t<path fill=\"#fff\" d=\"M2 0a2 2 0 0 0-2 2v2h1.5V2a.5.5 0 0 1 .5-.5h2V0H2Zm2 10.5H2a.5.5 0 0 1-.5-.5V8H0v2a2 2 0 0 0 2 2h2v-1.5ZM8 12v-1.5h2a.5.5 0 0 0 .5-.5V8H12v2a2 2 0 0 1-2 2H8Zm2-12a2 2 0 0 1 2 2v2h-1.5V2a.5.5 0 0 0-.5-.5H8V0h2Z\" \/>\n\t\t\t<\/svg>\n\t\t<\/button><figcaption class=\"wp-element-caption\">Mi hermana Mari y su hijo Pedro en Antequera<\/figcaption><\/figure>\n<\/figure>\n\n\n\n<p>Pero no todo han sido viajes. Este a\u00f1o tambi\u00e9n nos ha regalado celebraciones que han unido a nuestra gran familia. El 4 de enero, mi hermano Pepe y Petra nos reunieron en su nueva casa con una fiesta preciosa que evoc\u00f3 aquellas inolvidables celebraciones de Reyes que durante m\u00e1s de 20 a\u00f1os organizaron nuestros padres.<\/p>\n\n\n\n<figure data-wp-context=\"{&quot;imageId&quot;:&quot;69f35c67ae3b1&quot;}\" data-wp-interactive=\"core\/image\" data-wp-key=\"69f35c67ae3b1\" class=\"wp-block-image size-large wp-lightbox-container\"><img loading=\"lazy\" decoding=\"async\" width=\"1024\" height=\"461\" data-wp-class--hide=\"state.isContentHidden\" data-wp-class--show=\"state.isContentVisible\" data-wp-init=\"callbacks.setButtonStyles\" data-wp-on--click=\"actions.showLightbox\" data-wp-on--load=\"callbacks.setButtonStyles\" data-wp-on-window--resize=\"callbacks.setButtonStyles\" src=\"https:\/\/rafaelartacho.es\/wp-content\/uploads\/2025\/04\/R20250105_011301-1024x461.jpg\" alt=\"\" class=\"wp-image-1402\" srcset=\"https:\/\/rafaelartacho.es\/wp-content\/uploads\/2025\/04\/R20250105_011301-1024x461.jpg 1024w, https:\/\/rafaelartacho.es\/wp-content\/uploads\/2025\/04\/R20250105_011301-300x135.jpg 300w, https:\/\/rafaelartacho.es\/wp-content\/uploads\/2025\/04\/R20250105_011301-768x346.jpg 768w, https:\/\/rafaelartacho.es\/wp-content\/uploads\/2025\/04\/R20250105_011301-1536x692.jpg 1536w, https:\/\/rafaelartacho.es\/wp-content\/uploads\/2025\/04\/R20250105_011301-1200x540.jpg 1200w, https:\/\/rafaelartacho.es\/wp-content\/uploads\/2025\/04\/R20250105_011301.jpg 2016w\" sizes=\"auto, (max-width: 709px) 85vw, (max-width: 909px) 67vw, (max-width: 1362px) 62vw, 840px\" \/><button\n\t\t\tclass=\"lightbox-trigger\"\n\t\t\ttype=\"button\"\n\t\t\taria-haspopup=\"dialog\"\n\t\t\taria-label=\"Agrandar\"\n\t\t\tdata-wp-init=\"callbacks.initTriggerButton\"\n\t\t\tdata-wp-on--click=\"actions.showLightbox\"\n\t\t\tdata-wp-style--right=\"state.imageButtonRight\"\n\t\t\tdata-wp-style--top=\"state.imageButtonTop\"\n\t\t>\n\t\t\t<svg xmlns=\"http:\/\/www.w3.org\/2000\/svg\" width=\"12\" height=\"12\" fill=\"none\" viewBox=\"0 0 12 12\">\n\t\t\t\t<path fill=\"#fff\" d=\"M2 0a2 2 0 0 0-2 2v2h1.5V2a.5.5 0 0 1 .5-.5h2V0H2Zm2 10.5H2a.5.5 0 0 1-.5-.5V8H0v2a2 2 0 0 0 2 2h2v-1.5ZM8 12v-1.5h2a.5.5 0 0 0 .5-.5V8H12v2a2 2 0 0 1-2 2H8Zm2-12a2 2 0 0 1 2 2v2h-1.5V2a.5.5 0 0 0-.5-.5H8V0h2Z\" \/>\n\t\t\t<\/svg>\n\t\t<\/button><figcaption class=\"wp-element-caption\">Toda la familia en la nueva casa de mi hermano Pepe y Petra<\/figcaption><\/figure>\n\n\n\n<p> Y el 6 de abril, el cumplea\u00f1os n\u00famero 80 de mi hermana Mari se convirti\u00f3 en otra fecha para el recuerdo, con una fiesta que su hijo prepar\u00f3 con tanto cari\u00f1o y que logr\u00f3, una vez m\u00e1s, que nos reuni\u00e9ramos todos. Momentos as\u00ed son los que de verdad merecen ser celebrados.<\/p>\n\n\n\n<figure data-wp-context=\"{&quot;imageId&quot;:&quot;69f35c67b1edd&quot;}\" data-wp-interactive=\"core\/image\" data-wp-key=\"69f35c67b1edd\" class=\"wp-block-image size-full wp-lightbox-container\"><img loading=\"lazy\" decoding=\"async\" width=\"932\" height=\"828\" data-wp-class--hide=\"state.isContentHidden\" data-wp-class--show=\"state.isContentVisible\" data-wp-init=\"callbacks.setButtonStyles\" data-wp-on--click=\"actions.showLightbox\" data-wp-on--load=\"callbacks.setButtonStyles\" data-wp-on-window--resize=\"callbacks.setButtonStyles\" src=\"https:\/\/rafaelartacho.es\/wp-content\/uploads\/2025\/04\/IMG-20250406-WA0034.jpg\" alt=\"\" class=\"wp-image-1403\" srcset=\"https:\/\/rafaelartacho.es\/wp-content\/uploads\/2025\/04\/IMG-20250406-WA0034.jpg 932w, https:\/\/rafaelartacho.es\/wp-content\/uploads\/2025\/04\/IMG-20250406-WA0034-300x267.jpg 300w, https:\/\/rafaelartacho.es\/wp-content\/uploads\/2025\/04\/IMG-20250406-WA0034-768x682.jpg 768w\" sizes=\"auto, (max-width: 709px) 85vw, (max-width: 909px) 67vw, (max-width: 1362px) 62vw, 840px\" \/><button\n\t\t\tclass=\"lightbox-trigger\"\n\t\t\ttype=\"button\"\n\t\t\taria-haspopup=\"dialog\"\n\t\t\taria-label=\"Agrandar\"\n\t\t\tdata-wp-init=\"callbacks.initTriggerButton\"\n\t\t\tdata-wp-on--click=\"actions.showLightbox\"\n\t\t\tdata-wp-style--right=\"state.imageButtonRight\"\n\t\t\tdata-wp-style--top=\"state.imageButtonTop\"\n\t\t>\n\t\t\t<svg xmlns=\"http:\/\/www.w3.org\/2000\/svg\" width=\"12\" height=\"12\" fill=\"none\" viewBox=\"0 0 12 12\">\n\t\t\t\t<path fill=\"#fff\" d=\"M2 0a2 2 0 0 0-2 2v2h1.5V2a.5.5 0 0 1 .5-.5h2V0H2Zm2 10.5H2a.5.5 0 0 1-.5-.5V8H0v2a2 2 0 0 0 2 2h2v-1.5ZM8 12v-1.5h2a.5.5 0 0 0 .5-.5V8H12v2a2 2 0 0 1-2 2H8Zm2-12a2 2 0 0 1 2 2v2h-1.5V2a.5.5 0 0 0-.5-.5H8V0h2Z\" \/>\n\t\t\t<\/svg>\n\t\t<\/button><figcaption class=\"wp-element-caption\">La familia en el 80 cumplea\u00f1os de mi hermana Mari.<\/figcaption><\/figure>\n\n\n\n<p>Por eso termino con un brindis:<\/p>\n\n\n\n<p>Hoy celebro <strong>mi primer a\u00f1o de vida\u2026 otra vez.<\/strong><br>Hace un a\u00f1o estuve muy cerca de no estar aqu\u00ed,<br>pero la vida \u2014con ayuda de muchos\u2014 me dio una segunda oportunidad.<\/p>\n\n\n\n<p>Y no sab\u00e9is cu\u00e1nto la valoro.<\/p>\n\n\n\n<p>Por eso hoy no quiero hablar de sustos ni hospitales,<br>sino de lo bonito que ha sido este a\u00f1o:<br>viajes, reencuentros, fiestas, familia\u2026<br>y sobre todo, momentos como \u00e9stos.<\/p>\n\n\n\n<figure data-wp-context=\"{&quot;imageId&quot;:&quot;69f35c67c2a0b&quot;}\" data-wp-interactive=\"core\/image\" data-wp-key=\"69f35c67c2a0b\" class=\"wp-block-image size-large wp-lightbox-container\"><img loading=\"lazy\" decoding=\"async\" width=\"1024\" height=\"496\" data-wp-class--hide=\"state.isContentHidden\" data-wp-class--show=\"state.isContentVisible\" data-wp-init=\"callbacks.setButtonStyles\" data-wp-on--click=\"actions.showLightbox\" data-wp-on--load=\"callbacks.setButtonStyles\" data-wp-on-window--resize=\"callbacks.setButtonStyles\" src=\"https:\/\/rafaelartacho.es\/wp-content\/uploads\/2025\/05\/IMG-20250106-RECWA0000-1024x496.jpg\" alt=\"\" class=\"wp-image-1428\" srcset=\"https:\/\/rafaelartacho.es\/wp-content\/uploads\/2025\/05\/IMG-20250106-RECWA0000-1024x496.jpg 1024w, https:\/\/rafaelartacho.es\/wp-content\/uploads\/2025\/05\/IMG-20250106-RECWA0000-300x145.jpg 300w, https:\/\/rafaelartacho.es\/wp-content\/uploads\/2025\/05\/IMG-20250106-RECWA0000-768x372.jpg 768w, https:\/\/rafaelartacho.es\/wp-content\/uploads\/2025\/05\/IMG-20250106-RECWA0000-1200x581.jpg 1200w, https:\/\/rafaelartacho.es\/wp-content\/uploads\/2025\/05\/IMG-20250106-RECWA0000.jpg 1338w\" sizes=\"auto, (max-width: 709px) 85vw, (max-width: 909px) 67vw, (max-width: 1362px) 62vw, 840px\" \/><button\n\t\t\tclass=\"lightbox-trigger\"\n\t\t\ttype=\"button\"\n\t\t\taria-haspopup=\"dialog\"\n\t\t\taria-label=\"Agrandar\"\n\t\t\tdata-wp-init=\"callbacks.initTriggerButton\"\n\t\t\tdata-wp-on--click=\"actions.showLightbox\"\n\t\t\tdata-wp-style--right=\"state.imageButtonRight\"\n\t\t\tdata-wp-style--top=\"state.imageButtonTop\"\n\t\t>\n\t\t\t<svg xmlns=\"http:\/\/www.w3.org\/2000\/svg\" width=\"12\" height=\"12\" fill=\"none\" viewBox=\"0 0 12 12\">\n\t\t\t\t<path fill=\"#fff\" d=\"M2 0a2 2 0 0 0-2 2v2h1.5V2a.5.5 0 0 1 .5-.5h2V0H2Zm2 10.5H2a.5.5 0 0 1-.5-.5V8H0v2a2 2 0 0 0 2 2h2v-1.5ZM8 12v-1.5h2a.5.5 0 0 0 .5-.5V8H12v2a2 2 0 0 1-2 2H8Zm2-12a2 2 0 0 1 2 2v2h-1.5V2a.5.5 0 0 0-.5-.5H8V0h2Z\" \/>\n\t\t\t<\/svg>\n\t\t<\/button><\/figure>\n\n\n\n<p>As\u00ed que levanto mi copa<br>por <strong>la vida<\/strong>,<br>por <strong>los que est\u00e1n<\/strong>,<br>y por <strong>todo lo que a\u00fan nos queda por compartir<\/strong>.<\/p>\n\n\n\n<p>\u00a1Salud y gracias por estar ah\u00ed!<\/p>\n\n\n\n<p><\/p>\n","protected":false},"excerpt":{"rendered":"<p>Hoy, 10 de mayo de 2025, celebro un a\u00f1o de vida\u2026 de mi segunda vida.Hace exactamente un a\u00f1o, durante una visita familiar a Barcelona, sufr\u00ed un shock hipovol\u00e9mico causado por la rotura de un aneurisma de aorta abdominal. La rapidez con la que mi hermano Carlos me llev\u00f3 al hospital y la extraordinaria intervenci\u00f3n de &hellip; <a href=\"https:\/\/rafaelartacho.es\/index.php\/2025\/05\/04\/volver-a-nacer\/\" class=\"more-link\">Continuar leyendo<span class=\"screen-reader-text\"> \u00abVOLVER A NACER\u00bb<\/span><\/a><\/p>\n","protected":false},"author":1,"featured_media":0,"comment_status":"open","ping_status":"closed","sticky":false,"template":"","format":"standard","meta":{"footnotes":""},"categories":[2],"tags":[],"class_list":["post-1375","post","type-post","status-publish","format-standard","hentry","category-category0"],"_links":{"self":[{"href":"https:\/\/rafaelartacho.es\/index.php\/wp-json\/wp\/v2\/posts\/1375","targetHints":{"allow":["GET"]}}],"collection":[{"href":"https:\/\/rafaelartacho.es\/index.php\/wp-json\/wp\/v2\/posts"}],"about":[{"href":"https:\/\/rafaelartacho.es\/index.php\/wp-json\/wp\/v2\/types\/post"}],"author":[{"embeddable":true,"href":"https:\/\/rafaelartacho.es\/index.php\/wp-json\/wp\/v2\/users\/1"}],"replies":[{"embeddable":true,"href":"https:\/\/rafaelartacho.es\/index.php\/wp-json\/wp\/v2\/comments?post=1375"}],"version-history":[{"count":34,"href":"https:\/\/rafaelartacho.es\/index.php\/wp-json\/wp\/v2\/posts\/1375\/revisions"}],"predecessor-version":[{"id":1681,"href":"https:\/\/rafaelartacho.es\/index.php\/wp-json\/wp\/v2\/posts\/1375\/revisions\/1681"}],"wp:attachment":[{"href":"https:\/\/rafaelartacho.es\/index.php\/wp-json\/wp\/v2\/media?parent=1375"}],"wp:term":[{"taxonomy":"category","embeddable":true,"href":"https:\/\/rafaelartacho.es\/index.php\/wp-json\/wp\/v2\/categories?post=1375"},{"taxonomy":"post_tag","embeddable":true,"href":"https:\/\/rafaelartacho.es\/index.php\/wp-json\/wp\/v2\/tags?post=1375"}],"curies":[{"name":"wp","href":"https:\/\/api.w.org\/{rel}","templated":true}]}}