{"id":1271,"date":"2025-01-16T23:31:04","date_gmt":"2025-01-16T23:31:04","guid":{"rendered":"https:\/\/rafaelartacho.es\/?p=1271"},"modified":"2025-05-10T22:05:41","modified_gmt":"2025-05-10T22:05:41","slug":"los-primos-de-girona","status":"publish","type":"post","link":"https:\/\/rafaelartacho.es\/index.php\/2025\/01\/16\/los-primos-de-girona\/","title":{"rendered":"LOS PRIMOS DE GIRONA"},"content":{"rendered":"\n<div class=\"wp-block-buttons is-layout-flex wp-block-buttons-is-layout-flex\">\n<div class=\"wp-block-button\"><a class=\"wp-block-button__link wp-element-button\" href=\"https:\/\/rafaelartacho.es\/wp-content\/uploads\/2025\/01\/LOS-PRIMOS-DE-GIRONA-1.mp3\">PINCHA PARA ESCUCHAR EN VEZ DE LEER<\/a><\/div>\n<\/div>\n\n\n\n<figure class=\"wp-block-image size-large\"><img loading=\"lazy\" decoding=\"async\" width=\"1024\" height=\"726\" src=\"https:\/\/rafaelartacho.es\/wp-content\/uploads\/2025\/01\/116-20-01-1975-boda-paco-tia-vitoria-color-1024x726.jpg\" alt=\"\" class=\"wp-image-1273\" srcset=\"https:\/\/rafaelartacho.es\/wp-content\/uploads\/2025\/01\/116-20-01-1975-boda-paco-tia-vitoria-color-1024x726.jpg 1024w, https:\/\/rafaelartacho.es\/wp-content\/uploads\/2025\/01\/116-20-01-1975-boda-paco-tia-vitoria-color-300x213.jpg 300w, https:\/\/rafaelartacho.es\/wp-content\/uploads\/2025\/01\/116-20-01-1975-boda-paco-tia-vitoria-color-768x544.jpg 768w, https:\/\/rafaelartacho.es\/wp-content\/uploads\/2025\/01\/116-20-01-1975-boda-paco-tia-vitoria-color-1536x1089.jpg 1536w, https:\/\/rafaelartacho.es\/wp-content\/uploads\/2025\/01\/116-20-01-1975-boda-paco-tia-vitoria-color-2048x1452.jpg 2048w, https:\/\/rafaelartacho.es\/wp-content\/uploads\/2025\/01\/116-20-01-1975-boda-paco-tia-vitoria-color-1200x851.jpg 1200w\" sizes=\"auto, (max-width: 709px) 85vw, (max-width: 909px) 67vw, (max-width: 1362px) 62vw, 840px\" \/><\/figure>\n\n\n\n<p>Mi abuela paterna, Elvira, tuvo ocho hijos: seis varones y dos mujeres. Todos nacieron en la provincia de M\u00e1laga (en localidades como Archidona y Mollina) y emigraron durante los a\u00f1os 60 a la provincia de Girona, excepto mi padre, quien se traslad\u00f3 a Madrid.<\/p>\n\n\n\n<p>Mis padres, a pesar de la distancia, mantuvieron los v\u00ednculos familiares con sus hermanos y sobrinos en Girona, visit\u00e1ndose con cierta frecuencia. Recuerdo que, cuando era ni\u00f1o, cada vez que se casaba alguno de los primos mayores, nos visitaban en su viaje de bodas en nuestra casa de Madrid. Mis hermanos y yo, por turnos, hac\u00edamos de Cicerones, ense\u00f1\u00e1ndoles la ciudad.<\/p>\n\n\n\n<figure class=\"wp-block-image size-large\"><img loading=\"lazy\" decoding=\"async\" width=\"1024\" height=\"691\" src=\"https:\/\/rafaelartacho.es\/wp-content\/uploads\/2025\/01\/Primo-Pepe-en-Madrid-sin-subt-1024x691.png\" alt=\"\" class=\"wp-image-1317\" srcset=\"https:\/\/rafaelartacho.es\/wp-content\/uploads\/2025\/01\/Primo-Pepe-en-Madrid-sin-subt-1024x691.png 1024w, https:\/\/rafaelartacho.es\/wp-content\/uploads\/2025\/01\/Primo-Pepe-en-Madrid-sin-subt-300x202.png 300w, https:\/\/rafaelartacho.es\/wp-content\/uploads\/2025\/01\/Primo-Pepe-en-Madrid-sin-subt-768x518.png 768w, https:\/\/rafaelartacho.es\/wp-content\/uploads\/2025\/01\/Primo-Pepe-en-Madrid-sin-subt-1200x810.png 1200w, https:\/\/rafaelartacho.es\/wp-content\/uploads\/2025\/01\/Primo-Pepe-en-Madrid-sin-subt.png 1236w\" sizes=\"auto, (max-width: 709px) 85vw, (max-width: 909px) 67vw, (max-width: 1362px) 62vw, 840px\" \/><figcaption class=\"wp-element-caption\">Visita a nuestra casa de Madrid del primo Pepe de la t\u00eda Vitoria con su reci\u00e9n estrenada esposa.<\/figcaption><\/figure>\n\n\n\n<p>Cuando mi padre se jubil\u00f3, los viajes a Girona se volvieron m\u00e1s frecuentes, especialmente en ocasi\u00f3n de las bodas de muchos de los 26 primos hermanos que ten\u00edamos all\u00ed.<\/p>\n\n\n\n<p>Tambi\u00e9n recuerdo haber acompa\u00f1ado a mis padres en algunos de estos viajes y lo fabuloso que era el trato que recib\u00edamos de nuestros t\u00edos y primos. Todav\u00eda me emociona recordar mi primer viaje a Girona con mis padres, a principios de los a\u00f1os 70. Al llegar a la casa del torre\u00f3n donde viv\u00edan mis t\u00edos Juan, Carmen y Rafael, un mont\u00f3n de ni\u00f1os nos recibi\u00f3 con alegr\u00eda. Aunque seguramente, adem\u00e1s de mis primos (los hijos del t\u00edo Rafael), hab\u00eda vecinos, a\u00fan conservo la sorpresa de sus gritos y la calidez de su bienvenida.<\/p>\n\n\n\n<figure class=\"wp-block-gallery has-nested-images columns-default is-cropped wp-block-gallery-1 is-layout-flex wp-block-gallery-is-layout-flex\">\n<figure class=\"wp-block-image size-large\"><img loading=\"lazy\" decoding=\"async\" width=\"1024\" height=\"724\" data-id=\"1325\" src=\"https:\/\/rafaelartacho.es\/wp-content\/uploads\/2025\/01\/122-BODA-Javier-del-Tio-Rafael-1-1024x724.jpg\" alt=\"\" class=\"wp-image-1325\" srcset=\"https:\/\/rafaelartacho.es\/wp-content\/uploads\/2025\/01\/122-BODA-Javier-del-Tio-Rafael-1-1024x724.jpg 1024w, https:\/\/rafaelartacho.es\/wp-content\/uploads\/2025\/01\/122-BODA-Javier-del-Tio-Rafael-1-300x212.jpg 300w, https:\/\/rafaelartacho.es\/wp-content\/uploads\/2025\/01\/122-BODA-Javier-del-Tio-Rafael-1-768x543.jpg 768w, https:\/\/rafaelartacho.es\/wp-content\/uploads\/2025\/01\/122-BODA-Javier-del-Tio-Rafael-1-1536x1086.jpg 1536w, https:\/\/rafaelartacho.es\/wp-content\/uploads\/2025\/01\/122-BODA-Javier-del-Tio-Rafael-1-1200x848.jpg 1200w, https:\/\/rafaelartacho.es\/wp-content\/uploads\/2025\/01\/122-BODA-Javier-del-Tio-Rafael-1.jpg 2027w\" sizes=\"auto, (max-width: 709px) 85vw, (max-width: 909px) 67vw, (max-width: 1362px) 62vw, 840px\" \/><figcaption class=\"wp-element-caption\">En la boda de Javier, hijo del t\u00edo Rafael<\/figcaption><\/figure>\n\n\n\n<figure class=\"wp-block-image size-large\"><img loading=\"lazy\" decoding=\"async\" width=\"1024\" height=\"742\" data-id=\"1327\" src=\"https:\/\/rafaelartacho.es\/wp-content\/uploads\/2025\/01\/125-BODA-ELVIRA-TIA-CARMELA-3-1-1024x742.jpg\" alt=\"\" class=\"wp-image-1327\" srcset=\"https:\/\/rafaelartacho.es\/wp-content\/uploads\/2025\/01\/125-BODA-ELVIRA-TIA-CARMELA-3-1-1024x742.jpg 1024w, https:\/\/rafaelartacho.es\/wp-content\/uploads\/2025\/01\/125-BODA-ELVIRA-TIA-CARMELA-3-1-300x217.jpg 300w, https:\/\/rafaelartacho.es\/wp-content\/uploads\/2025\/01\/125-BODA-ELVIRA-TIA-CARMELA-3-1-768x557.jpg 768w, https:\/\/rafaelartacho.es\/wp-content\/uploads\/2025\/01\/125-BODA-ELVIRA-TIA-CARMELA-3-1-1536x1113.jpg 1536w, https:\/\/rafaelartacho.es\/wp-content\/uploads\/2025\/01\/125-BODA-ELVIRA-TIA-CARMELA-3-1-1200x870.jpg 1200w, https:\/\/rafaelartacho.es\/wp-content\/uploads\/2025\/01\/125-BODA-ELVIRA-TIA-CARMELA-3-1.jpg 2028w\" sizes=\"auto, (max-width: 709px) 85vw, (max-width: 909px) 67vw, (max-width: 1362px) 62vw, 840px\" \/><figcaption class=\"wp-element-caption\">En la boda de Elvira, hija de la t\u00eda Carmela<\/figcaption><\/figure>\n\n\n\n<figure class=\"wp-block-image size-large\"><img loading=\"lazy\" decoding=\"async\" width=\"1024\" height=\"737\" data-id=\"1328\" src=\"https:\/\/rafaelartacho.es\/wp-content\/uploads\/2025\/01\/135-BODA-ANTONIO-DEL-TIO-RAFAEL-1-1024x737.jpg\" alt=\"\" class=\"wp-image-1328\" srcset=\"https:\/\/rafaelartacho.es\/wp-content\/uploads\/2025\/01\/135-BODA-ANTONIO-DEL-TIO-RAFAEL-1-1024x737.jpg 1024w, https:\/\/rafaelartacho.es\/wp-content\/uploads\/2025\/01\/135-BODA-ANTONIO-DEL-TIO-RAFAEL-1-300x216.jpg 300w, https:\/\/rafaelartacho.es\/wp-content\/uploads\/2025\/01\/135-BODA-ANTONIO-DEL-TIO-RAFAEL-1-768x553.jpg 768w, https:\/\/rafaelartacho.es\/wp-content\/uploads\/2025\/01\/135-BODA-ANTONIO-DEL-TIO-RAFAEL-1-1536x1106.jpg 1536w, https:\/\/rafaelartacho.es\/wp-content\/uploads\/2025\/01\/135-BODA-ANTONIO-DEL-TIO-RAFAEL-1-1200x864.jpg 1200w, https:\/\/rafaelartacho.es\/wp-content\/uploads\/2025\/01\/135-BODA-ANTONIO-DEL-TIO-RAFAEL-1.jpg 2034w\" sizes=\"auto, (max-width: 709px) 85vw, (max-width: 909px) 67vw, (max-width: 1362px) 62vw, 840px\" \/><figcaption class=\"wp-element-caption\">En la boda de Antonio, hijo del t\u00edo Rafael<\/figcaption><\/figure>\n\n\n\n<figure class=\"wp-block-image size-large\"><img loading=\"lazy\" decoding=\"async\" width=\"706\" height=\"1024\" data-id=\"1329\" src=\"https:\/\/rafaelartacho.es\/wp-content\/uploads\/2025\/01\/130-BODA-JOSE-MARIA-del-tio-Rafael-1-1-706x1024.jpg\" alt=\"\" class=\"wp-image-1329\" srcset=\"https:\/\/rafaelartacho.es\/wp-content\/uploads\/2025\/01\/130-BODA-JOSE-MARIA-del-tio-Rafael-1-1-706x1024.jpg 706w, https:\/\/rafaelartacho.es\/wp-content\/uploads\/2025\/01\/130-BODA-JOSE-MARIA-del-tio-Rafael-1-1-207x300.jpg 207w, https:\/\/rafaelartacho.es\/wp-content\/uploads\/2025\/01\/130-BODA-JOSE-MARIA-del-tio-Rafael-1-1-768x1114.jpg 768w, https:\/\/rafaelartacho.es\/wp-content\/uploads\/2025\/01\/130-BODA-JOSE-MARIA-del-tio-Rafael-1-1-1059x1536.jpg 1059w, https:\/\/rafaelartacho.es\/wp-content\/uploads\/2025\/01\/130-BODA-JOSE-MARIA-del-tio-Rafael-1-1-1412x2048.jpg 1412w, https:\/\/rafaelartacho.es\/wp-content\/uploads\/2025\/01\/130-BODA-JOSE-MARIA-del-tio-Rafael-1-1-1200x1741.jpg 1200w, https:\/\/rafaelartacho.es\/wp-content\/uploads\/2025\/01\/130-BODA-JOSE-MARIA-del-tio-Rafael-1-1-rotated.jpg 1658w\" sizes=\"auto, (max-width: 709px) 85vw, (max-width: 909px) 67vw, (max-width: 984px) 61vw, (max-width: 1362px) 45vw, 600px\" \/><figcaption class=\"wp-element-caption\">En la boda de Jose Mar\u00eda hijo del t\u00edo Rafael<\/figcaption><\/figure>\n\n\n\n<figure class=\"wp-block-image size-large\"><img loading=\"lazy\" decoding=\"async\" width=\"1024\" height=\"711\" data-id=\"1330\" src=\"https:\/\/rafaelartacho.es\/wp-content\/uploads\/2025\/01\/139-BODA-PURI-del-Tio-Rafael-1-1024x711.jpg\" alt=\"\" class=\"wp-image-1330\" srcset=\"https:\/\/rafaelartacho.es\/wp-content\/uploads\/2025\/01\/139-BODA-PURI-del-Tio-Rafael-1-1024x711.jpg 1024w, https:\/\/rafaelartacho.es\/wp-content\/uploads\/2025\/01\/139-BODA-PURI-del-Tio-Rafael-1-300x208.jpg 300w, https:\/\/rafaelartacho.es\/wp-content\/uploads\/2025\/01\/139-BODA-PURI-del-Tio-Rafael-1-768x533.jpg 768w, https:\/\/rafaelartacho.es\/wp-content\/uploads\/2025\/01\/139-BODA-PURI-del-Tio-Rafael-1-1536x1066.jpg 1536w, https:\/\/rafaelartacho.es\/wp-content\/uploads\/2025\/01\/139-BODA-PURI-del-Tio-Rafael-1-2048x1422.jpg 2048w, https:\/\/rafaelartacho.es\/wp-content\/uploads\/2025\/01\/139-BODA-PURI-del-Tio-Rafael-1-1200x833.jpg 1200w\" sizes=\"auto, (max-width: 709px) 85vw, (max-width: 909px) 67vw, (max-width: 1362px) 62vw, 840px\" \/><figcaption class=\"wp-element-caption\">En la boda de Puri hija del t\u00edo Rafael<\/figcaption><\/figure>\n<\/figure>\n\n\n\n<p><\/p>\n\n\n\n<p>Otro momento entra\u00f1able, al que yo no pude asistir, fue el encuentro celebrado el 29 de septiembre de 2001 en Girona. En esa ocasi\u00f3n se convoc\u00f3 a todos los t\u00edos, primos, hijos de primos y allegados, contando con una nutrida representaci\u00f3n de la familia de Madrid, encabezada por mis padres, los t\u00edos Manuel y Mar\u00eda. Fue un acto espectacular al que asistieron m\u00e1s de 100 personas, inmortalizado en un entra\u00f1able video casero grabado por mi sobrina Mari Paz, hija de Carmen, que se puede ver en YouTube.<\/p>\n\n\n\n<figure class=\"wp-block-embed is-type-video is-provider-youtube wp-block-embed-youtube wp-embed-aspect-16-9 wp-has-aspect-ratio\"><div class=\"wp-block-embed__wrapper\">\n<iframe loading=\"lazy\" title=\"CENA DE LOS ARTACHO EN GIRONA 30 09 2001\" width=\"840\" height=\"473\" src=\"https:\/\/www.youtube.com\/embed\/23msYvB2_uM?feature=oembed\" frameborder=\"0\" allow=\"accelerometer; autoplay; clipboard-write; encrypted-media; gyroscope; picture-in-picture; web-share\" referrerpolicy=\"strict-origin-when-cross-origin\" allowfullscreen><\/iframe>\n<\/div><\/figure>\n\n\n\n<p>Con el paso del tiempo, los t\u00edos se fueron marchando y la distancia, sumada a las responsabilidades familiares de cada uno, enfri\u00f3 un poco las relaciones entre los primos de Girona y Madrid.<\/p>\n\n\n\n<p>La llegada de las redes sociales marc\u00f3 un cambio. En 2012 se cre\u00f3 un grupo de Facebook llamado <em>Artachos y amigos<\/em>, donde varios primos empezamos a publicar fotos antiguas de los \u00e1lbumes familiares, reavivando el contacto entre muchos de nosotros. M\u00e1s tarde, con la aparici\u00f3n de WhatsApp, en Girona se cre\u00f3 un grupo llamado <em>Semos Triburcieros!<\/em>, cuyo nombre hac\u00eda honor a una expresi\u00f3n t\u00edpica del t\u00edo Juan, quien, aunque no aport\u00f3 primos, reparti\u00f3 humor y cari\u00f1o entre todos sus sobrinos.<\/p>\n\n\n\n<figure class=\"wp-block-image size-large\"><img loading=\"lazy\" decoding=\"async\" width=\"1024\" height=\"768\" src=\"https:\/\/rafaelartacho.es\/wp-content\/uploads\/2025\/01\/IMG-20220528-WA0014-1024x768.jpg\" alt=\"\" class=\"wp-image-1282\" srcset=\"https:\/\/rafaelartacho.es\/wp-content\/uploads\/2025\/01\/IMG-20220528-WA0014-1024x768.jpg 1024w, https:\/\/rafaelartacho.es\/wp-content\/uploads\/2025\/01\/IMG-20220528-WA0014-300x225.jpg 300w, https:\/\/rafaelartacho.es\/wp-content\/uploads\/2025\/01\/IMG-20220528-WA0014-768x576.jpg 768w, https:\/\/rafaelartacho.es\/wp-content\/uploads\/2025\/01\/IMG-20220528-WA0014-1536x1152.jpg 1536w, https:\/\/rafaelartacho.es\/wp-content\/uploads\/2025\/01\/IMG-20220528-WA0014-1200x900.jpg 1200w, https:\/\/rafaelartacho.es\/wp-content\/uploads\/2025\/01\/IMG-20220528-WA0014.jpg 1600w\" sizes=\"auto, (max-width: 709px) 85vw, (max-width: 909px) 67vw, (max-width: 1362px) 62vw, 840px\" \/><figcaption class=\"wp-element-caption\">De derecha a izquierda: JAVIER, RAFAEL, PURI, ANTONIO Y JOSE MARIA, hijos del t\u00edo Rafael.<\/figcaption><\/figure>\n\n\n\n<p>Inicialmente, mi hermano Carlos, el \u00fanico primo de Madrid con m\u00e1s contacto con los de Girona, fue incluido en el grupo. Despu\u00e9s nos unimos Pepe, Carmen y yo.<\/p>\n\n\n\n<p> Cada a\u00f1o, aprovechando una cena organizada por la asociaci\u00f3n de vecinos del Torre\u00f3n, en el grupo se animaba a los Artacho de Girona a participar, logrando mantener el v\u00ednculo entre primos, que tambi\u00e9n fue pasando a las nuevas generaciones.<\/p>\n\n\n\n<p>En 2022, al enterarnos de la cena, preguntamos si los de Madrid pod\u00edamos asistir. Nos respondieron afirmativamente y as\u00ed fue como mi hermano Pepe y yo viajamos a Girona despu\u00e9s de muchos a\u00f1os.<\/p>\n\n\n\n<p>El recibimiento fue extraordinario. Nuestro primo Jos\u00e9 Mar\u00eda, hijo del t\u00edo Rafael, coordin\u00f3 un programa de visitas espectacular, lleno de actividades y momentos imborrables que nunca olvidaremos.<\/p>\n\n\n\n<figure class=\"wp-block-gallery has-nested-images columns-default is-cropped wp-block-gallery-2 is-layout-flex wp-block-gallery-is-layout-flex\">\n<figure class=\"wp-block-image size-large\"><img loading=\"lazy\" decoding=\"async\" width=\"1024\" height=\"768\" data-id=\"1290\" src=\"https:\/\/rafaelartacho.es\/wp-content\/uploads\/2025\/01\/20220728_204015-1-1024x768.jpg\" alt=\"\" class=\"wp-image-1290\" srcset=\"https:\/\/rafaelartacho.es\/wp-content\/uploads\/2025\/01\/20220728_204015-1-1024x768.jpg 1024w, https:\/\/rafaelartacho.es\/wp-content\/uploads\/2025\/01\/20220728_204015-1-300x225.jpg 300w, https:\/\/rafaelartacho.es\/wp-content\/uploads\/2025\/01\/20220728_204015-1-768x576.jpg 768w, https:\/\/rafaelartacho.es\/wp-content\/uploads\/2025\/01\/20220728_204015-1-1536x1152.jpg 1536w, https:\/\/rafaelartacho.es\/wp-content\/uploads\/2025\/01\/20220728_204015-1-2048x1536.jpg 2048w, https:\/\/rafaelartacho.es\/wp-content\/uploads\/2025\/01\/20220728_204015-1-1200x900.jpg 1200w\" sizes=\"auto, (max-width: 709px) 85vw, (max-width: 909px) 67vw, (max-width: 1362px) 62vw, 840px\" \/><\/figure>\n\n\n\n<figure class=\"wp-block-image size-large\"><img loading=\"lazy\" decoding=\"async\" width=\"1024\" height=\"768\" data-id=\"1291\" src=\"https:\/\/rafaelartacho.es\/wp-content\/uploads\/2025\/01\/IMG-20220728-WA0020-1024x768.jpg\" alt=\"\" class=\"wp-image-1291\" srcset=\"https:\/\/rafaelartacho.es\/wp-content\/uploads\/2025\/01\/IMG-20220728-WA0020-1024x768.jpg 1024w, https:\/\/rafaelartacho.es\/wp-content\/uploads\/2025\/01\/IMG-20220728-WA0020-300x225.jpg 300w, https:\/\/rafaelartacho.es\/wp-content\/uploads\/2025\/01\/IMG-20220728-WA0020-768x576.jpg 768w, https:\/\/rafaelartacho.es\/wp-content\/uploads\/2025\/01\/IMG-20220728-WA0020-1536x1152.jpg 1536w, https:\/\/rafaelartacho.es\/wp-content\/uploads\/2025\/01\/IMG-20220728-WA0020-1200x900.jpg 1200w, https:\/\/rafaelartacho.es\/wp-content\/uploads\/2025\/01\/IMG-20220728-WA0020.jpg 1600w\" sizes=\"auto, (max-width: 709px) 85vw, (max-width: 909px) 67vw, (max-width: 1362px) 62vw, 840px\" \/><\/figure>\n<\/figure>\n\n\n\n<p>Todo comenz\u00f3 con el primo Paco esper\u00e1ndonos en la gasolinera, seguido por el primo Javier, tambi\u00e9n hijo del t\u00edo Rafael, que nos recibi\u00f3 en la Plaza de la Independencia para picar algo y pasear por Girona, evocando recuerdos de antiguos viajes.<\/p>\n\n\n\n<p>Fueron cuatro d\u00edas repletos de actividades, visitas tur\u00edsticas y encuentros con varios primos. Algunos de los momentos m\u00e1s memorables fueron:<\/p>\n\n\n\n<figure class=\"wp-block-gallery has-nested-images columns-default is-cropped wp-block-gallery-3 is-layout-flex wp-block-gallery-is-layout-flex\">\n<figure class=\"wp-block-image size-large\"><img loading=\"lazy\" decoding=\"async\" width=\"1024\" height=\"768\" data-id=\"1288\" src=\"https:\/\/rafaelartacho.es\/wp-content\/uploads\/2025\/01\/20220729_121239-2-1024x768.jpg\" alt=\"\" class=\"wp-image-1288\" srcset=\"https:\/\/rafaelartacho.es\/wp-content\/uploads\/2025\/01\/20220729_121239-2-1024x768.jpg 1024w, https:\/\/rafaelartacho.es\/wp-content\/uploads\/2025\/01\/20220729_121239-2-300x225.jpg 300w, https:\/\/rafaelartacho.es\/wp-content\/uploads\/2025\/01\/20220729_121239-2-768x576.jpg 768w, https:\/\/rafaelartacho.es\/wp-content\/uploads\/2025\/01\/20220729_121239-2-1536x1152.jpg 1536w, https:\/\/rafaelartacho.es\/wp-content\/uploads\/2025\/01\/20220729_121239-2-2048x1536.jpg 2048w, https:\/\/rafaelartacho.es\/wp-content\/uploads\/2025\/01\/20220729_121239-2-1200x900.jpg 1200w\" sizes=\"auto, (max-width: 709px) 85vw, (max-width: 909px) 67vw, (max-width: 1362px) 62vw, 840px\" \/><\/figure>\n\n\n\n<figure class=\"wp-block-image size-large\"><img loading=\"lazy\" decoding=\"async\" width=\"1024\" height=\"768\" data-id=\"1287\" src=\"https:\/\/rafaelartacho.es\/wp-content\/uploads\/2025\/01\/20220729_205427-1024x768.jpg\" alt=\"\" class=\"wp-image-1287\" srcset=\"https:\/\/rafaelartacho.es\/wp-content\/uploads\/2025\/01\/20220729_205427-1024x768.jpg 1024w, https:\/\/rafaelartacho.es\/wp-content\/uploads\/2025\/01\/20220729_205427-300x225.jpg 300w, https:\/\/rafaelartacho.es\/wp-content\/uploads\/2025\/01\/20220729_205427-768x576.jpg 768w, https:\/\/rafaelartacho.es\/wp-content\/uploads\/2025\/01\/20220729_205427-1536x1152.jpg 1536w, https:\/\/rafaelartacho.es\/wp-content\/uploads\/2025\/01\/20220729_205427-2048x1536.jpg 2048w, https:\/\/rafaelartacho.es\/wp-content\/uploads\/2025\/01\/20220729_205427-1200x900.jpg 1200w\" sizes=\"auto, (max-width: 709px) 85vw, (max-width: 909px) 67vw, (max-width: 1362px) 62vw, 840px\" \/><\/figure>\n<\/figure>\n\n\n\n<p>La visita a La Bisbal, donde saludamos a la familia del primo Juan (hijo de la t\u00eda Victoria), y a Banyoles, donde nos encontramos con Mar\u00eda Luisa, hija del primo Pepe.<\/p>\n\n\n\n<figure class=\"wp-block-gallery has-nested-images columns-default is-cropped wp-block-gallery-4 is-layout-flex wp-block-gallery-is-layout-flex\">\n<figure class=\"wp-block-image size-large\"><img loading=\"lazy\" decoding=\"async\" width=\"1024\" height=\"768\" data-id=\"1292\" src=\"https:\/\/rafaelartacho.es\/wp-content\/uploads\/2025\/01\/IMG-20220730-WA0000-1024x768.jpg\" alt=\"\" class=\"wp-image-1292\" srcset=\"https:\/\/rafaelartacho.es\/wp-content\/uploads\/2025\/01\/IMG-20220730-WA0000-1024x768.jpg 1024w, https:\/\/rafaelartacho.es\/wp-content\/uploads\/2025\/01\/IMG-20220730-WA0000-300x225.jpg 300w, https:\/\/rafaelartacho.es\/wp-content\/uploads\/2025\/01\/IMG-20220730-WA0000-768x576.jpg 768w, https:\/\/rafaelartacho.es\/wp-content\/uploads\/2025\/01\/IMG-20220730-WA0000-1536x1152.jpg 1536w, https:\/\/rafaelartacho.es\/wp-content\/uploads\/2025\/01\/IMG-20220730-WA0000-1200x900.jpg 1200w, https:\/\/rafaelartacho.es\/wp-content\/uploads\/2025\/01\/IMG-20220730-WA0000.jpg 2000w\" sizes=\"auto, (max-width: 709px) 85vw, (max-width: 909px) 67vw, (max-width: 1362px) 62vw, 840px\" \/><\/figure>\n\n\n\n<figure class=\"wp-block-image size-large\"><img loading=\"lazy\" decoding=\"async\" width=\"1024\" height=\"768\" data-id=\"1293\" src=\"https:\/\/rafaelartacho.es\/wp-content\/uploads\/2025\/01\/20220730_112448-1024x768.jpg\" alt=\"\" class=\"wp-image-1293\" srcset=\"https:\/\/rafaelartacho.es\/wp-content\/uploads\/2025\/01\/20220730_112448-1024x768.jpg 1024w, https:\/\/rafaelartacho.es\/wp-content\/uploads\/2025\/01\/20220730_112448-300x225.jpg 300w, https:\/\/rafaelartacho.es\/wp-content\/uploads\/2025\/01\/20220730_112448-768x576.jpg 768w, https:\/\/rafaelartacho.es\/wp-content\/uploads\/2025\/01\/20220730_112448-1536x1152.jpg 1536w, https:\/\/rafaelartacho.es\/wp-content\/uploads\/2025\/01\/20220730_112448-2048x1536.jpg 2048w, https:\/\/rafaelartacho.es\/wp-content\/uploads\/2025\/01\/20220730_112448-1200x900.jpg 1200w\" sizes=\"auto, (max-width: 709px) 85vw, (max-width: 909px) 67vw, (max-width: 1362px) 62vw, 840px\" \/><\/figure>\n\n\n\n<figure class=\"wp-block-image size-large\"><img loading=\"lazy\" decoding=\"async\" width=\"1024\" height=\"768\" data-id=\"1294\" src=\"https:\/\/rafaelartacho.es\/wp-content\/uploads\/2025\/01\/IMG-20220730-WA0011-1024x768.jpg\" alt=\"\" class=\"wp-image-1294\" srcset=\"https:\/\/rafaelartacho.es\/wp-content\/uploads\/2025\/01\/IMG-20220730-WA0011-1024x768.jpg 1024w, https:\/\/rafaelartacho.es\/wp-content\/uploads\/2025\/01\/IMG-20220730-WA0011-300x225.jpg 300w, https:\/\/rafaelartacho.es\/wp-content\/uploads\/2025\/01\/IMG-20220730-WA0011-768x576.jpg 768w, https:\/\/rafaelartacho.es\/wp-content\/uploads\/2025\/01\/IMG-20220730-WA0011-1536x1152.jpg 1536w, https:\/\/rafaelartacho.es\/wp-content\/uploads\/2025\/01\/IMG-20220730-WA0011-1200x900.jpg 1200w, https:\/\/rafaelartacho.es\/wp-content\/uploads\/2025\/01\/IMG-20220730-WA0011.jpg 1600w\" sizes=\"auto, (max-width: 709px) 85vw, (max-width: 909px) 67vw, (max-width: 1362px) 62vw, 840px\" \/><\/figure>\n\n\n\n<figure class=\"wp-block-image size-large\"><img loading=\"lazy\" decoding=\"async\" width=\"1024\" height=\"768\" data-id=\"1295\" src=\"https:\/\/rafaelartacho.es\/wp-content\/uploads\/2025\/01\/IMG-20220730-WA0015-1024x768.jpg\" alt=\"\" class=\"wp-image-1295\" srcset=\"https:\/\/rafaelartacho.es\/wp-content\/uploads\/2025\/01\/IMG-20220730-WA0015-1024x768.jpg 1024w, https:\/\/rafaelartacho.es\/wp-content\/uploads\/2025\/01\/IMG-20220730-WA0015-300x225.jpg 300w, https:\/\/rafaelartacho.es\/wp-content\/uploads\/2025\/01\/IMG-20220730-WA0015-768x576.jpg 768w, https:\/\/rafaelartacho.es\/wp-content\/uploads\/2025\/01\/IMG-20220730-WA0015-1536x1152.jpg 1536w, https:\/\/rafaelartacho.es\/wp-content\/uploads\/2025\/01\/IMG-20220730-WA0015-1200x900.jpg 1200w, https:\/\/rafaelartacho.es\/wp-content\/uploads\/2025\/01\/IMG-20220730-WA0015.jpg 2016w\" sizes=\"auto, (max-width: 709px) 85vw, (max-width: 909px) 67vw, (max-width: 1362px) 62vw, 840px\" \/><\/figure>\n\n\n\n<figure class=\"wp-block-image size-large\"><img loading=\"lazy\" decoding=\"async\" width=\"1024\" height=\"768\" data-id=\"1296\" src=\"https:\/\/rafaelartacho.es\/wp-content\/uploads\/2025\/01\/20220730_115156-1024x768.jpg\" alt=\"\" class=\"wp-image-1296\" srcset=\"https:\/\/rafaelartacho.es\/wp-content\/uploads\/2025\/01\/20220730_115156-1024x768.jpg 1024w, https:\/\/rafaelartacho.es\/wp-content\/uploads\/2025\/01\/20220730_115156-300x225.jpg 300w, https:\/\/rafaelartacho.es\/wp-content\/uploads\/2025\/01\/20220730_115156-768x576.jpg 768w, https:\/\/rafaelartacho.es\/wp-content\/uploads\/2025\/01\/20220730_115156-1536x1152.jpg 1536w, https:\/\/rafaelartacho.es\/wp-content\/uploads\/2025\/01\/20220730_115156-2048x1536.jpg 2048w, https:\/\/rafaelartacho.es\/wp-content\/uploads\/2025\/01\/20220730_115156-1200x900.jpg 1200w\" sizes=\"auto, (max-width: 709px) 85vw, (max-width: 909px) 67vw, (max-width: 1362px) 62vw, 840px\" \/><\/figure>\n<\/figure>\n\n\n\n<p>Los paseos por Besal\u00fa, Tossa de Mar y San Antonio de Calonge, lugares preciosos que conocimos junto a primos de Girona.<\/p>\n\n\n\n<figure class=\"wp-block-embed is-type-video is-provider-youtube wp-block-embed-youtube wp-embed-aspect-16-9 wp-has-aspect-ratio\"><div class=\"wp-block-embed__wrapper\">\n<iframe loading=\"lazy\" title=\"Cena en casa de la prima Puri\" width=\"840\" height=\"473\" src=\"https:\/\/www.youtube.com\/embed\/r_kASlXHzKk?feature=oembed\" frameborder=\"0\" allow=\"accelerometer; autoplay; clipboard-write; encrypted-media; gyroscope; picture-in-picture; web-share\" referrerpolicy=\"strict-origin-when-cross-origin\" allowfullscreen><\/iframe>\n<\/div><\/figure>\n\n\n\n<p>La cena en casa de la prima Puri, en una terraza repleta de plantas y flores, disfrutando de ricas viandas.<\/p>\n\n\n\n<figure class=\"wp-block-gallery has-nested-images columns-default is-cropped wp-block-gallery-5 is-layout-flex wp-block-gallery-is-layout-flex\">\n<figure class=\"wp-block-image size-large\"><img loading=\"lazy\" decoding=\"async\" width=\"768\" height=\"1024\" data-id=\"1301\" src=\"https:\/\/rafaelartacho.es\/wp-content\/uploads\/2025\/01\/IMG-20220731-WA0002-768x1024.jpg\" alt=\"\" class=\"wp-image-1301\" srcset=\"https:\/\/rafaelartacho.es\/wp-content\/uploads\/2025\/01\/IMG-20220731-WA0002-768x1024.jpg 768w, https:\/\/rafaelartacho.es\/wp-content\/uploads\/2025\/01\/IMG-20220731-WA0002-225x300.jpg 225w, https:\/\/rafaelartacho.es\/wp-content\/uploads\/2025\/01\/IMG-20220731-WA0002-1152x1536.jpg 1152w, https:\/\/rafaelartacho.es\/wp-content\/uploads\/2025\/01\/IMG-20220731-WA0002.jpg 1200w\" sizes=\"auto, (max-width: 709px) 85vw, (max-width: 909px) 67vw, (max-width: 984px) 61vw, (max-width: 1362px) 45vw, 600px\" \/><\/figure>\n\n\n\n<figure class=\"wp-block-image size-large\"><img loading=\"lazy\" decoding=\"async\" width=\"1024\" height=\"760\" data-id=\"1302\" src=\"https:\/\/rafaelartacho.es\/wp-content\/uploads\/2025\/01\/IMG-20220731-WA0009-1024x760.jpg\" alt=\"\" class=\"wp-image-1302\" srcset=\"https:\/\/rafaelartacho.es\/wp-content\/uploads\/2025\/01\/IMG-20220731-WA0009-1024x760.jpg 1024w, https:\/\/rafaelartacho.es\/wp-content\/uploads\/2025\/01\/IMG-20220731-WA0009-300x223.jpg 300w, https:\/\/rafaelartacho.es\/wp-content\/uploads\/2025\/01\/IMG-20220731-WA0009-768x570.jpg 768w, https:\/\/rafaelartacho.es\/wp-content\/uploads\/2025\/01\/IMG-20220731-WA0009-1536x1139.jpg 1536w, https:\/\/rafaelartacho.es\/wp-content\/uploads\/2025\/01\/IMG-20220731-WA0009-1200x890.jpg 1200w, https:\/\/rafaelartacho.es\/wp-content\/uploads\/2025\/01\/IMG-20220731-WA0009.jpg 1599w\" sizes=\"auto, (max-width: 709px) 85vw, (max-width: 909px) 67vw, (max-width: 1362px) 62vw, 840px\" \/><\/figure>\n\n\n\n<figure class=\"wp-block-image size-large\"><img loading=\"lazy\" decoding=\"async\" width=\"1024\" height=\"768\" data-id=\"1303\" src=\"https:\/\/rafaelartacho.es\/wp-content\/uploads\/2025\/01\/IMG-20220731-WA0025-1024x768.jpg\" alt=\"\" class=\"wp-image-1303\" srcset=\"https:\/\/rafaelartacho.es\/wp-content\/uploads\/2025\/01\/IMG-20220731-WA0025-1024x768.jpg 1024w, https:\/\/rafaelartacho.es\/wp-content\/uploads\/2025\/01\/IMG-20220731-WA0025-300x225.jpg 300w, https:\/\/rafaelartacho.es\/wp-content\/uploads\/2025\/01\/IMG-20220731-WA0025-768x576.jpg 768w, https:\/\/rafaelartacho.es\/wp-content\/uploads\/2025\/01\/IMG-20220731-WA0025-1536x1152.jpg 1536w, https:\/\/rafaelartacho.es\/wp-content\/uploads\/2025\/01\/IMG-20220731-WA0025-1200x900.jpg 1200w, https:\/\/rafaelartacho.es\/wp-content\/uploads\/2025\/01\/IMG-20220731-WA0025.jpg 1600w\" sizes=\"auto, (max-width: 709px) 85vw, (max-width: 909px) 67vw, (max-width: 1362px) 62vw, 840px\" \/><\/figure>\n\n\n\n<figure class=\"wp-block-image size-large\"><img loading=\"lazy\" decoding=\"async\" width=\"1024\" height=\"768\" data-id=\"1305\" src=\"https:\/\/rafaelartacho.es\/wp-content\/uploads\/2025\/01\/IMG-20220731-WA0021-1024x768.jpg\" alt=\"\" class=\"wp-image-1305\" srcset=\"https:\/\/rafaelartacho.es\/wp-content\/uploads\/2025\/01\/IMG-20220731-WA0021-1024x768.jpg 1024w, https:\/\/rafaelartacho.es\/wp-content\/uploads\/2025\/01\/IMG-20220731-WA0021-300x225.jpg 300w, https:\/\/rafaelartacho.es\/wp-content\/uploads\/2025\/01\/IMG-20220731-WA0021-768x576.jpg 768w, https:\/\/rafaelartacho.es\/wp-content\/uploads\/2025\/01\/IMG-20220731-WA0021-1536x1152.jpg 1536w, https:\/\/rafaelartacho.es\/wp-content\/uploads\/2025\/01\/IMG-20220731-WA0021-1200x900.jpg 1200w, https:\/\/rafaelartacho.es\/wp-content\/uploads\/2025\/01\/IMG-20220731-WA0021.jpg 1600w\" sizes=\"auto, (max-width: 709px) 85vw, (max-width: 909px) 67vw, (max-width: 1362px) 62vw, 840px\" \/><\/figure>\n\n\n\n<figure class=\"wp-block-image size-large\"><img loading=\"lazy\" decoding=\"async\" width=\"1024\" height=\"768\" data-id=\"1304\" src=\"https:\/\/rafaelartacho.es\/wp-content\/uploads\/2025\/01\/IMG-20220731-WA0031-1024x768.jpg\" alt=\"\" class=\"wp-image-1304\" srcset=\"https:\/\/rafaelartacho.es\/wp-content\/uploads\/2025\/01\/IMG-20220731-WA0031-1024x768.jpg 1024w, https:\/\/rafaelartacho.es\/wp-content\/uploads\/2025\/01\/IMG-20220731-WA0031-300x225.jpg 300w, https:\/\/rafaelartacho.es\/wp-content\/uploads\/2025\/01\/IMG-20220731-WA0031-768x576.jpg 768w, https:\/\/rafaelartacho.es\/wp-content\/uploads\/2025\/01\/IMG-20220731-WA0031-1536x1152.jpg 1536w, https:\/\/rafaelartacho.es\/wp-content\/uploads\/2025\/01\/IMG-20220731-WA0031-1200x900.jpg 1200w, https:\/\/rafaelartacho.es\/wp-content\/uploads\/2025\/01\/IMG-20220731-WA0031.jpg 1600w\" sizes=\"auto, (max-width: 709px) 85vw, (max-width: 909px) 67vw, (max-width: 1362px) 62vw, 840px\" \/><\/figure>\n<\/figure>\n\n\n\n<p>La Cena de Hermandad del Torre\u00f3n, a la que asistieron 47 miembros de la familia Artacho, incluido mi hermano Carlos, que vino desde Barcelona. Fue una velada llena de fiesta, alegr\u00eda y baile.<\/p>\n\n\n\n<p>La comida en el restaurante <em>L&#8217;Arcada<\/em>, donde nos reunimos con un gran grupo de primos, que no nos dejaron pagar por mucho que insistimos.<\/p>\n\n\n\n<figure class=\"wp-block-gallery has-nested-images columns-default is-cropped wp-block-gallery-6 is-layout-flex wp-block-gallery-is-layout-flex\">\n<figure class=\"wp-block-image size-large\"><img loading=\"lazy\" decoding=\"async\" width=\"1009\" height=\"1024\" data-id=\"1309\" src=\"https:\/\/rafaelartacho.es\/wp-content\/uploads\/2025\/01\/20220731rec_131534-1009x1024.jpg\" alt=\"\" class=\"wp-image-1309\" srcset=\"https:\/\/rafaelartacho.es\/wp-content\/uploads\/2025\/01\/20220731rec_131534-1009x1024.jpg 1009w, https:\/\/rafaelartacho.es\/wp-content\/uploads\/2025\/01\/20220731rec_131534-296x300.jpg 296w, https:\/\/rafaelartacho.es\/wp-content\/uploads\/2025\/01\/20220731rec_131534-768x779.jpg 768w, https:\/\/rafaelartacho.es\/wp-content\/uploads\/2025\/01\/20220731rec_131534-1513x1536.jpg 1513w, https:\/\/rafaelartacho.es\/wp-content\/uploads\/2025\/01\/20220731rec_131534-2018x2048.jpg 2018w, https:\/\/rafaelartacho.es\/wp-content\/uploads\/2025\/01\/20220731rec_131534-1200x1218.jpg 1200w\" sizes=\"auto, (max-width: 709px) 85vw, (max-width: 909px) 67vw, (max-width: 1362px) 62vw, 840px\" \/><\/figure>\n\n\n\n<figure class=\"wp-block-image size-large\"><img loading=\"lazy\" decoding=\"async\" width=\"1024\" height=\"768\" data-id=\"1310\" src=\"https:\/\/rafaelartacho.es\/wp-content\/uploads\/2025\/01\/20220731_205810-1024x768.jpg\" alt=\"\" class=\"wp-image-1310\" srcset=\"https:\/\/rafaelartacho.es\/wp-content\/uploads\/2025\/01\/20220731_205810-1024x768.jpg 1024w, https:\/\/rafaelartacho.es\/wp-content\/uploads\/2025\/01\/20220731_205810-300x225.jpg 300w, https:\/\/rafaelartacho.es\/wp-content\/uploads\/2025\/01\/20220731_205810-768x576.jpg 768w, https:\/\/rafaelartacho.es\/wp-content\/uploads\/2025\/01\/20220731_205810-1536x1152.jpg 1536w, https:\/\/rafaelartacho.es\/wp-content\/uploads\/2025\/01\/20220731_205810-2048x1536.jpg 2048w, https:\/\/rafaelartacho.es\/wp-content\/uploads\/2025\/01\/20220731_205810-1200x900.jpg 1200w\" sizes=\"auto, (max-width: 709px) 85vw, (max-width: 909px) 67vw, (max-width: 1362px) 62vw, 840px\" \/><\/figure>\n<\/figure>\n\n\n\n<p>Los encuentros en el Hotel Bellavista, tanto por la ma\u00f1ana con los primos Crist\u00f3bal, Elvira y sus parejas, que acababan de regresar de un crucero, como por la tarde con el primo Antonio, hijo del t\u00edo Antonio.<\/p>\n\n\n\n<p>El reencuentro con el primo Pepe, quien nos mostr\u00f3 con merecida satisfacci\u00f3n su \u00e1lbum de fotos de cuando fue Rey Mago en la cabalgata de Reyes en Girona y el cuadro del \u00e1rbol geneal\u00f3gico de la familia Artacho.<\/p>\n\n\n\n<figure class=\"wp-block-gallery has-nested-images columns-default is-cropped wp-block-gallery-7 is-layout-flex wp-block-gallery-is-layout-flex\">\n<figure class=\"wp-block-image size-large\"><img loading=\"lazy\" decoding=\"async\" width=\"1024\" height=\"768\" data-id=\"1311\" src=\"https:\/\/rafaelartacho.es\/wp-content\/uploads\/2025\/01\/IMG-20220801-WA0003-1024x768.jpg\" alt=\"\" class=\"wp-image-1311\" srcset=\"https:\/\/rafaelartacho.es\/wp-content\/uploads\/2025\/01\/IMG-20220801-WA0003-1024x768.jpg 1024w, https:\/\/rafaelartacho.es\/wp-content\/uploads\/2025\/01\/IMG-20220801-WA0003-300x225.jpg 300w, https:\/\/rafaelartacho.es\/wp-content\/uploads\/2025\/01\/IMG-20220801-WA0003-768x576.jpg 768w, https:\/\/rafaelartacho.es\/wp-content\/uploads\/2025\/01\/IMG-20220801-WA0003-1536x1152.jpg 1536w, https:\/\/rafaelartacho.es\/wp-content\/uploads\/2025\/01\/IMG-20220801-WA0003-1200x900.jpg 1200w, https:\/\/rafaelartacho.es\/wp-content\/uploads\/2025\/01\/IMG-20220801-WA0003.jpg 1600w\" sizes=\"auto, (max-width: 709px) 85vw, (max-width: 909px) 67vw, (max-width: 1362px) 62vw, 840px\" \/><\/figure>\n<\/figure>\n\n\n\n<p>Finalmente, la despedida en el restaurante <em>Eat Sleep Cycle Caf\u00e9 Restaurant<\/em>, donde nos encontramos con primos que a\u00fan no hab\u00edamos visto, como Elvira (hija de la t\u00eda Carmen) y Vicente (hijo del primo Vicente). Fue el cierre perfecto para esta maravillosa visita.<\/p>\n\n\n\n<p>En el siguiente video se pueden ver m\u00e1s fotos del viaje.<\/p>\n\n\n\n<figure class=\"wp-block-embed is-type-video is-provider-youtube wp-block-embed-youtube wp-embed-aspect-4-3 wp-has-aspect-ratio\"><div class=\"wp-block-embed__wrapper\">\n<iframe loading=\"lazy\" title=\"Viaje a Girona 2022 D\" width=\"840\" height=\"630\" src=\"https:\/\/www.youtube.com\/embed\/ULNAkXtegt4?feature=oembed\" frameborder=\"0\" allow=\"accelerometer; autoplay; clipboard-write; encrypted-media; gyroscope; picture-in-picture; web-share\" referrerpolicy=\"strict-origin-when-cross-origin\" allowfullscreen><\/iframe>\n<\/div><\/figure>\n\n\n\n<p>En agosto de 2023, mi hermana Carmen y yo aceptamos la invitaci\u00f3n del primo Paco para visitarlo en Llan\u00e7\u00e0 (Girona), donde tiene un lindo apartamento. Fue otro viaje estupendo, lleno de paisajes encantadores, comidas deliciosas y momentos inolvidables.<\/p>\n\n\n\n<figure class=\"wp-block-image size-large\"><img loading=\"lazy\" decoding=\"async\" width=\"1024\" height=\"461\" src=\"https:\/\/rafaelartacho.es\/wp-content\/uploads\/2025\/01\/20230821-WA0019-1024x461.jpg\" alt=\"\" class=\"wp-image-1344\" srcset=\"https:\/\/rafaelartacho.es\/wp-content\/uploads\/2025\/01\/20230821-WA0019-1024x461.jpg 1024w, https:\/\/rafaelartacho.es\/wp-content\/uploads\/2025\/01\/20230821-WA0019-300x135.jpg 300w, https:\/\/rafaelartacho.es\/wp-content\/uploads\/2025\/01\/20230821-WA0019-768x346.jpg 768w, https:\/\/rafaelartacho.es\/wp-content\/uploads\/2025\/01\/20230821-WA0019-1536x691.jpg 1536w, https:\/\/rafaelartacho.es\/wp-content\/uploads\/2025\/01\/20230821-WA0019-1200x540.jpg 1200w, https:\/\/rafaelartacho.es\/wp-content\/uploads\/2025\/01\/20230821-WA0019.jpg 2000w\" sizes=\"auto, (max-width: 709px) 85vw, (max-width: 909px) 67vw, (max-width: 1362px) 62vw, 840px\" \/><\/figure>\n\n\n\n<p>Comenzamos con una visita al Parque Natural del Cabo de Creus, un \u00e1rea de m\u00e1xima protecci\u00f3n, famosa por su biodiversidad y por las caprichosas formas de erosi\u00f3n creadas por la tramontana. En Portlligat, visitamos la Casa Museo de Dal\u00ed, donde el pintor vivi\u00f3 y trabaj\u00f3 durante m\u00e1s de 50 a\u00f1os.<\/p>\n\n\n\n<figure class=\"wp-block-gallery has-nested-images columns-default is-cropped wp-block-gallery-8 is-layout-flex wp-block-gallery-is-layout-flex\">\n<figure class=\"wp-block-image size-large\"><img loading=\"lazy\" decoding=\"async\" width=\"461\" height=\"1024\" data-id=\"1346\" src=\"https:\/\/rafaelartacho.es\/wp-content\/uploads\/2025\/01\/20230822_130301-461x1024.jpg\" alt=\"\" class=\"wp-image-1346\" srcset=\"https:\/\/rafaelartacho.es\/wp-content\/uploads\/2025\/01\/20230822_130301-461x1024.jpg 461w, https:\/\/rafaelartacho.es\/wp-content\/uploads\/2025\/01\/20230822_130301-135x300.jpg 135w, https:\/\/rafaelartacho.es\/wp-content\/uploads\/2025\/01\/20230822_130301-768x1705.jpg 768w, https:\/\/rafaelartacho.es\/wp-content\/uploads\/2025\/01\/20230822_130301-692x1536.jpg 692w, https:\/\/rafaelartacho.es\/wp-content\/uploads\/2025\/01\/20230822_130301-922x2048.jpg 922w, https:\/\/rafaelartacho.es\/wp-content\/uploads\/2025\/01\/20230822_130301-1200x2664.jpg 1200w, https:\/\/rafaelartacho.es\/wp-content\/uploads\/2025\/01\/20230822_130301-scaled.jpg 1153w\" sizes=\"auto, (max-width: 461px) 85vw, 461px\" \/><\/figure>\n\n\n\n<figure class=\"wp-block-image size-large\"><img loading=\"lazy\" decoding=\"async\" width=\"461\" height=\"1024\" data-id=\"1345\" src=\"https:\/\/rafaelartacho.es\/wp-content\/uploads\/2025\/01\/20230822_112516-461x1024.jpg\" alt=\"\" class=\"wp-image-1345\" srcset=\"https:\/\/rafaelartacho.es\/wp-content\/uploads\/2025\/01\/20230822_112516-461x1024.jpg 461w, https:\/\/rafaelartacho.es\/wp-content\/uploads\/2025\/01\/20230822_112516-135x300.jpg 135w, https:\/\/rafaelartacho.es\/wp-content\/uploads\/2025\/01\/20230822_112516-768x1705.jpg 768w, https:\/\/rafaelartacho.es\/wp-content\/uploads\/2025\/01\/20230822_112516-692x1536.jpg 692w, https:\/\/rafaelartacho.es\/wp-content\/uploads\/2025\/01\/20230822_112516-922x2048.jpg 922w, https:\/\/rafaelartacho.es\/wp-content\/uploads\/2025\/01\/20230822_112516-1200x2664.jpg 1200w, https:\/\/rafaelartacho.es\/wp-content\/uploads\/2025\/01\/20230822_112516-scaled.jpg 1153w\" sizes=\"auto, (max-width: 461px) 85vw, 461px\" \/><\/figure>\n\n\n\n<figure class=\"wp-block-image size-large\"><img loading=\"lazy\" decoding=\"async\" width=\"461\" height=\"1024\" data-id=\"1351\" src=\"https:\/\/rafaelartacho.es\/wp-content\/uploads\/2025\/01\/20230822_153758-461x1024.jpg\" alt=\"\" class=\"wp-image-1351\" srcset=\"https:\/\/rafaelartacho.es\/wp-content\/uploads\/2025\/01\/20230822_153758-461x1024.jpg 461w, https:\/\/rafaelartacho.es\/wp-content\/uploads\/2025\/01\/20230822_153758-135x300.jpg 135w, https:\/\/rafaelartacho.es\/wp-content\/uploads\/2025\/01\/20230822_153758-768x1705.jpg 768w, https:\/\/rafaelartacho.es\/wp-content\/uploads\/2025\/01\/20230822_153758-692x1536.jpg 692w, https:\/\/rafaelartacho.es\/wp-content\/uploads\/2025\/01\/20230822_153758-922x2048.jpg 922w, https:\/\/rafaelartacho.es\/wp-content\/uploads\/2025\/01\/20230822_153758-1200x2664.jpg 1200w, https:\/\/rafaelartacho.es\/wp-content\/uploads\/2025\/01\/20230822_153758-scaled.jpg 1153w\" sizes=\"auto, (max-width: 461px) 85vw, 461px\" \/><\/figure>\n<\/figure>\n\n\n\n<p>Otro de los momentos especiales del viaje fue nuestra excursi\u00f3n a Collioure, en Francia, donde est\u00e1 enterrado Antonio Machado. No pudimos llegar al cementerio porque el camino estaba cerrado debido a un mercadillo, pero a cambio disfrutamos de unas ostras exquisitas acompa\u00f1adas de vino de la regi\u00f3n.<\/p>\n\n\n\n<figure class=\"wp-block-gallery has-nested-images columns-default is-cropped wp-block-gallery-9 is-layout-flex wp-block-gallery-is-layout-flex\">\n<figure class=\"wp-block-image size-large\"><img loading=\"lazy\" decoding=\"async\" width=\"1024\" height=\"461\" data-id=\"1352\" src=\"https:\/\/rafaelartacho.es\/wp-content\/uploads\/2025\/01\/20230823_120131-1024x461.jpg\" alt=\"\" class=\"wp-image-1352\" srcset=\"https:\/\/rafaelartacho.es\/wp-content\/uploads\/2025\/01\/20230823_120131-1024x461.jpg 1024w, https:\/\/rafaelartacho.es\/wp-content\/uploads\/2025\/01\/20230823_120131-300x135.jpg 300w, https:\/\/rafaelartacho.es\/wp-content\/uploads\/2025\/01\/20230823_120131-768x346.jpg 768w, https:\/\/rafaelartacho.es\/wp-content\/uploads\/2025\/01\/20230823_120131-1536x692.jpg 1536w, https:\/\/rafaelartacho.es\/wp-content\/uploads\/2025\/01\/20230823_120131-2048x922.jpg 2048w, https:\/\/rafaelartacho.es\/wp-content\/uploads\/2025\/01\/20230823_120131-1200x540.jpg 1200w\" sizes=\"auto, (max-width: 709px) 85vw, (max-width: 909px) 67vw, (max-width: 1362px) 62vw, 840px\" \/><\/figure>\n<\/figure>\n\n\n\n<p>Por la noche, la visita a Peralada, con su impresionante castillo, nos dej\u00f3 con la boca abierta.<\/p>\n\n\n\n<figure class=\"wp-block-image size-large\"><img loading=\"lazy\" decoding=\"async\" width=\"1024\" height=\"461\" src=\"https:\/\/rafaelartacho.es\/wp-content\/uploads\/2025\/01\/20230823_223839-1024x461.jpg\" alt=\"\" class=\"wp-image-1353\" srcset=\"https:\/\/rafaelartacho.es\/wp-content\/uploads\/2025\/01\/20230823_223839-1024x461.jpg 1024w, https:\/\/rafaelartacho.es\/wp-content\/uploads\/2025\/01\/20230823_223839-300x135.jpg 300w, https:\/\/rafaelartacho.es\/wp-content\/uploads\/2025\/01\/20230823_223839-768x346.jpg 768w, https:\/\/rafaelartacho.es\/wp-content\/uploads\/2025\/01\/20230823_223839-1536x692.jpg 1536w, https:\/\/rafaelartacho.es\/wp-content\/uploads\/2025\/01\/20230823_223839-2048x922.jpg 2048w, https:\/\/rafaelartacho.es\/wp-content\/uploads\/2025\/01\/20230823_223839-1200x540.jpg 1200w\" sizes=\"auto, (max-width: 709px) 85vw, (max-width: 909px) 67vw, (max-width: 1362px) 62vw, 840px\" \/><\/figure>\n\n\n\n<p>Otra noche la cena en el restaurante La Encesa y el paseo hasta el mercadillo por la ma\u00f1ana hicieron que no podamos olvidar Port de la Selva.<\/p>\n\n\n\n<figure class=\"wp-block-image size-large\"><img loading=\"lazy\" decoding=\"async\" width=\"1024\" height=\"461\" src=\"https:\/\/rafaelartacho.es\/wp-content\/uploads\/2025\/01\/20230825_234206-1024x461.jpg\" alt=\"\" class=\"wp-image-1354\" srcset=\"https:\/\/rafaelartacho.es\/wp-content\/uploads\/2025\/01\/20230825_234206-1024x461.jpg 1024w, https:\/\/rafaelartacho.es\/wp-content\/uploads\/2025\/01\/20230825_234206-300x135.jpg 300w, https:\/\/rafaelartacho.es\/wp-content\/uploads\/2025\/01\/20230825_234206-768x346.jpg 768w, https:\/\/rafaelartacho.es\/wp-content\/uploads\/2025\/01\/20230825_234206-1536x692.jpg 1536w, https:\/\/rafaelartacho.es\/wp-content\/uploads\/2025\/01\/20230825_234206-2048x922.jpg 2048w, https:\/\/rafaelartacho.es\/wp-content\/uploads\/2025\/01\/20230825_234206-1200x540.jpg 1200w\" sizes=\"auto, (max-width: 709px) 85vw, (max-width: 909px) 67vw, (max-width: 1362px) 62vw, 840px\" \/><\/figure>\n\n\n\n<p>Una tarde, organizamos un encuentro en una cafeter\u00eda del centro de Girona (DUPLEX) para reunirnos con los primos que pudieran asistir. Finalmente, logramos juntarnos 18, en un ambiente ameno que sirvi\u00f3 para seguir afianzando nuestros lazos familiares.<\/p>\n\n\n\n<figure class=\"wp-block-gallery has-nested-images columns-default is-cropped wp-block-gallery-10 is-layout-flex wp-block-gallery-is-layout-flex\">\n<figure class=\"wp-block-image size-large\"><img loading=\"lazy\" decoding=\"async\" width=\"1024\" height=\"576\" data-id=\"1355\" src=\"https:\/\/rafaelartacho.es\/wp-content\/uploads\/2025\/01\/20230824-WA0057-1-1024x576.jpg\" alt=\"\" class=\"wp-image-1355\" srcset=\"https:\/\/rafaelartacho.es\/wp-content\/uploads\/2025\/01\/20230824-WA0057-1-1024x576.jpg 1024w, https:\/\/rafaelartacho.es\/wp-content\/uploads\/2025\/01\/20230824-WA0057-1-300x169.jpg 300w, https:\/\/rafaelartacho.es\/wp-content\/uploads\/2025\/01\/20230824-WA0057-1-768x432.jpg 768w, https:\/\/rafaelartacho.es\/wp-content\/uploads\/2025\/01\/20230824-WA0057-1-1536x864.jpg 1536w, https:\/\/rafaelartacho.es\/wp-content\/uploads\/2025\/01\/20230824-WA0057-1-1200x675.jpg 1200w, https:\/\/rafaelartacho.es\/wp-content\/uploads\/2025\/01\/20230824-WA0057-1.jpg 1600w\" sizes=\"auto, (max-width: 709px) 85vw, (max-width: 909px) 67vw, (max-width: 1362px) 62vw, 840px\" \/><\/figure>\n<\/figure>\n\n\n\n<p>El d\u00eda de nuestra marcha un recorrido por Selva de Mar y sus alrededores, contemplando el Monasterio San Pere de Rodes fue el broche final a una semana fabulosa.<\/p>\n\n\n\n<figure class=\"wp-block-gallery has-nested-images columns-default is-cropped wp-block-gallery-11 is-layout-flex wp-block-gallery-is-layout-flex\">\n<figure class=\"wp-block-image size-large\"><img loading=\"lazy\" decoding=\"async\" width=\"1024\" height=\"461\" data-id=\"1357\" src=\"https:\/\/rafaelartacho.es\/wp-content\/uploads\/2025\/01\/20230826_124716-1024x461.jpg\" alt=\"\" class=\"wp-image-1357\" srcset=\"https:\/\/rafaelartacho.es\/wp-content\/uploads\/2025\/01\/20230826_124716-1024x461.jpg 1024w, https:\/\/rafaelartacho.es\/wp-content\/uploads\/2025\/01\/20230826_124716-300x135.jpg 300w, https:\/\/rafaelartacho.es\/wp-content\/uploads\/2025\/01\/20230826_124716-768x346.jpg 768w, https:\/\/rafaelartacho.es\/wp-content\/uploads\/2025\/01\/20230826_124716-1536x692.jpg 1536w, https:\/\/rafaelartacho.es\/wp-content\/uploads\/2025\/01\/20230826_124716-2048x922.jpg 2048w, https:\/\/rafaelartacho.es\/wp-content\/uploads\/2025\/01\/20230826_124716-1200x540.jpg 1200w\" sizes=\"auto, (max-width: 709px) 85vw, (max-width: 909px) 67vw, (max-width: 1362px) 62vw, 840px\" \/><\/figure>\n<\/figure>\n\n\n\n<p>Muchas gracias al primo Paco por ser un magnifico anfitri\u00f3n y por el cari\u00f1o que nos regalaste.<\/p>\n\n\n\n<p>En el siguiente video se pueden ver m\u00e1s fotos del viaje<\/p>\n\n\n\n<figure class=\"wp-block-embed is-type-video is-provider-youtube wp-block-embed-youtube wp-embed-aspect-16-9 wp-has-aspect-ratio\"><div class=\"wp-block-embed__wrapper\">\n<iframe loading=\"lazy\" title=\"Viaje a Girona Agosto 2023\" width=\"840\" height=\"473\" src=\"https:\/\/www.youtube.com\/embed\/fBr45Nl4BtE?feature=oembed\" frameborder=\"0\" allow=\"accelerometer; autoplay; clipboard-write; encrypted-media; gyroscope; picture-in-picture; web-share\" referrerpolicy=\"strict-origin-when-cross-origin\" allowfullscreen><\/iframe>\n<\/div><\/figure>\n\n\n\n<p>En 2024, ten\u00eda previsto volver a Girona con mi hermana Mari, pero un problema de salud me lo impidi\u00f3. Espero que pronto los astros se alineen para poder realizar ese viaje pendiente.<\/p>\n\n\n\n<p><\/p>\n\n\n\n<p><\/p>\n","protected":false},"excerpt":{"rendered":"<p>Mi abuela paterna, Elvira, tuvo ocho hijos: seis varones y dos mujeres. Todos nacieron en la provincia de M\u00e1laga (en localidades como Archidona y Mollina) y emigraron durante los a\u00f1os 60 a la provincia de Girona, excepto mi padre, quien se traslad\u00f3 a Madrid. Mis padres, a pesar de la distancia, mantuvieron los v\u00ednculos familiares &hellip; <a href=\"https:\/\/rafaelartacho.es\/index.php\/2025\/01\/16\/los-primos-de-girona\/\" class=\"more-link\">Continuar leyendo<span class=\"screen-reader-text\"> \u00abLOS PRIMOS DE GIRONA\u00bb<\/span><\/a><\/p>\n","protected":false},"author":1,"featured_media":0,"comment_status":"open","ping_status":"closed","sticky":false,"template":"","format":"standard","meta":{"footnotes":""},"categories":[2],"tags":[],"class_list":["post-1271","post","type-post","status-publish","format-standard","hentry","category-category0"],"_links":{"self":[{"href":"https:\/\/rafaelartacho.es\/index.php\/wp-json\/wp\/v2\/posts\/1271","targetHints":{"allow":["GET"]}}],"collection":[{"href":"https:\/\/rafaelartacho.es\/index.php\/wp-json\/wp\/v2\/posts"}],"about":[{"href":"https:\/\/rafaelartacho.es\/index.php\/wp-json\/wp\/v2\/types\/post"}],"author":[{"embeddable":true,"href":"https:\/\/rafaelartacho.es\/index.php\/wp-json\/wp\/v2\/users\/1"}],"replies":[{"embeddable":true,"href":"https:\/\/rafaelartacho.es\/index.php\/wp-json\/wp\/v2\/comments?post=1271"}],"version-history":[{"count":36,"href":"https:\/\/rafaelartacho.es\/index.php\/wp-json\/wp\/v2\/posts\/1271\/revisions"}],"predecessor-version":[{"id":1444,"href":"https:\/\/rafaelartacho.es\/index.php\/wp-json\/wp\/v2\/posts\/1271\/revisions\/1444"}],"wp:attachment":[{"href":"https:\/\/rafaelartacho.es\/index.php\/wp-json\/wp\/v2\/media?parent=1271"}],"wp:term":[{"taxonomy":"category","embeddable":true,"href":"https:\/\/rafaelartacho.es\/index.php\/wp-json\/wp\/v2\/categories?post=1271"},{"taxonomy":"post_tag","embeddable":true,"href":"https:\/\/rafaelartacho.es\/index.php\/wp-json\/wp\/v2\/tags?post=1271"}],"curies":[{"name":"wp","href":"https:\/\/api.w.org\/{rel}","templated":true}]}}