{"id":1222,"date":"2023-10-05T11:49:25","date_gmt":"2023-10-05T11:49:25","guid":{"rendered":"https:\/\/rafaelartacho.es\/?p=1222"},"modified":"2024-11-27T23:37:43","modified_gmt":"2024-11-27T23:37:43","slug":"mirando-hacia-atras","status":"publish","type":"post","link":"https:\/\/rafaelartacho.es\/index.php\/2023\/10\/05\/mirando-hacia-atras\/","title":{"rendered":"MIRANDO HACIA ATRAS"},"content":{"rendered":"\n<figure class=\"wp-block-image size-large\"><img loading=\"lazy\" decoding=\"async\" width=\"1024\" height=\"721\" src=\"https:\/\/rafaelartacho.es\/wp-content\/uploads\/2023\/10\/img829-1024x721.jpg\" alt=\"\" class=\"wp-image-1223\" srcset=\"https:\/\/rafaelartacho.es\/wp-content\/uploads\/2023\/10\/img829-1024x721.jpg 1024w, https:\/\/rafaelartacho.es\/wp-content\/uploads\/2023\/10\/img829-300x211.jpg 300w, https:\/\/rafaelartacho.es\/wp-content\/uploads\/2023\/10\/img829-768x541.jpg 768w, https:\/\/rafaelartacho.es\/wp-content\/uploads\/2023\/10\/img829-1200x845.jpg 1200w, https:\/\/rafaelartacho.es\/wp-content\/uploads\/2023\/10\/img829.jpg 1440w\" sizes=\"auto, (max-width: 709px) 85vw, (max-width: 909px) 67vw, (max-width: 1362px) 62vw, 840px\" \/><figcaption class=\"wp-element-caption\">Entonces pensaba que la pol\u00edtica serv\u00eda para resolver problemas de los ciudadanos y combatir las injusticias <\/figcaption><\/figure>\n\n\n\n<p>La ventaja de estar jubilado es que tienes tiempo (al menos en mi caso) para de vez en cuando mirar a largo plazo. Como el plazo que se presenta a futuro no es muy halag\u00fce\u00f1o prefiero mirar hacia atr\u00e1s y he recordado que ya hace 25 a\u00f1os que estuve por primera vez en el Congreso de los Diputados.<\/p>\n\n\n\n<p>Se debat\u00edan dos proposiciones de ley relativas a la situaci\u00f3n de los Vendedores de Prensa de Espa\u00f1a. En una el PSOE &nbsp;instaba a que se actualizaran las normas reguladoras de los vendedores de prensa que entraron en vigor en 1972. En la otra el Partido Popular ped\u00eda que se hiciera un estudio sobre la situaci\u00f3n de las relaciones entre vendedores de prensa, distribuidores y editores.<\/p>\n\n\n\n<figure class=\"wp-block-image size-large\"><img loading=\"lazy\" decoding=\"async\" width=\"771\" height=\"1024\" src=\"https:\/\/rafaelartacho.es\/wp-content\/uploads\/2023\/10\/img820-771x1024.jpg\" alt=\"\" class=\"wp-image-1224\" srcset=\"https:\/\/rafaelartacho.es\/wp-content\/uploads\/2023\/10\/img820-771x1024.jpg 771w, https:\/\/rafaelartacho.es\/wp-content\/uploads\/2023\/10\/img820-226x300.jpg 226w, https:\/\/rafaelartacho.es\/wp-content\/uploads\/2023\/10\/img820-768x1021.jpg 768w, https:\/\/rafaelartacho.es\/wp-content\/uploads\/2023\/10\/img820-1156x1536.jpg 1156w, https:\/\/rafaelartacho.es\/wp-content\/uploads\/2023\/10\/img820-1541x2048.jpg 1541w, https:\/\/rafaelartacho.es\/wp-content\/uploads\/2023\/10\/img820-1200x1595.jpg 1200w, https:\/\/rafaelartacho.es\/wp-content\/uploads\/2023\/10\/img820-scaled.jpg 1926w\" sizes=\"auto, (max-width: 709px) 85vw, (max-width: 909px) 67vw, (max-width: 984px) 61vw, (max-width: 1362px) 45vw, 600px\" \/><figcaption class=\"wp-element-caption\"><a href=\"https:\/\/rafaelartacho.es\/wp-content\/uploads\/2023\/10\/DIARIO-DE-SESIONES-6-DE-OCTUBRE.pdf\">PINCHA PARA LEER LAS INTERVENCIONES DE LOS DIPUTADOS<\/a><\/figcaption><\/figure>\n\n\n\n<p>Todav\u00eda recuerdo con emoci\u00f3n ese d\u00eda: Por primera vez se iba a escuchar en la sede de la soberan\u00eda popular los problemas de los vendedores de prensa y atisbaba que pronto se solucionar\u00edan.<\/p>\n\n\n\n<p>Cuando terminaban las intervenciones de los se\u00f1ores diputados en el hemiciclo (debo decir que casi vac\u00edo, lo cual me supuso la primera decepci\u00f3n) aplaud\u00eda con fuerza y era amonestado por el ujier de la c\u00e1mara que me advert\u00eda que no pod\u00eda aplaudir, ni hablar en alto, pues ser\u00eda expulsado).<\/p>\n\n\n\n<figure class=\"wp-block-image size-large\"><img loading=\"lazy\" decoding=\"async\" width=\"1024\" height=\"579\" src=\"https:\/\/rafaelartacho.es\/wp-content\/uploads\/2023\/10\/img911-1024x579.jpg\" alt=\"\" class=\"wp-image-1265\" srcset=\"https:\/\/rafaelartacho.es\/wp-content\/uploads\/2023\/10\/img911-1024x579.jpg 1024w, https:\/\/rafaelartacho.es\/wp-content\/uploads\/2023\/10\/img911-300x170.jpg 300w, https:\/\/rafaelartacho.es\/wp-content\/uploads\/2023\/10\/img911-768x434.jpg 768w, https:\/\/rafaelartacho.es\/wp-content\/uploads\/2023\/10\/img911-1536x869.jpg 1536w, https:\/\/rafaelartacho.es\/wp-content\/uploads\/2023\/10\/img911-1200x679.jpg 1200w, https:\/\/rafaelartacho.es\/wp-content\/uploads\/2023\/10\/img911.jpg 1740w\" sizes=\"auto, (max-width: 709px) 85vw, (max-width: 909px) 67vw, (max-width: 1362px) 62vw, 840px\" \/><figcaption class=\"wp-element-caption\">En el Congreso con Francisco Rodr\u00edguez, diputado de BNG y del otro no me acuerdo <\/figcaption><\/figure>\n\n\n\n<p>Ingenuo de m\u00ed yo pensaba que s\u00f3lo la exposici\u00f3n de tantas injusticias que se comet\u00edan con los vendedores de prensa se iban a solucionar porque se hab\u00eda conseguido llevarlas al Congreso de los Diputados y los diputados las reproduc\u00edan ratific\u00e1ndolas.<\/p>\n\n\n\n<p>As\u00ed ten\u00eda que ser la democracia por la que hab\u00edamos luchado, me dec\u00eda.<\/p>\n\n\n\n<p>Hab\u00edan sido mis antecesores en la Presidencia de Conadipe, Juan Delgado de la Agrupaci\u00f3n de Vendedores de Prensa de Sevilla y Jaime Comesa\u00f1a de la Asociaci\u00f3n de Vendedores de Prensa de Pontevedra los que hab\u00edan contactado con los diputados del Congreso, principalmente del PSOE y el Bloque Nacionalista Gallego y hab\u00edan conseguido que se presentaran esas proposiciones no de ley.<\/p>\n\n\n\n<p>Yo hab\u00eda tomado el testigo y ten\u00eda la firme determinaci\u00f3n de continuar y llegar hasta el &nbsp;final para conseguir que se aprobara &nbsp;un Estatuto del Vendedor de Prensa.<\/p>\n\n\n\n<p>Otro d\u00eda seguir\u00e9 contando lo que pas\u00f3 despu\u00e9s.<\/p>\n","protected":false},"excerpt":{"rendered":"<p>La ventaja de estar jubilado es que tienes tiempo (al menos en mi caso) para de vez en cuando mirar a largo plazo. Como el plazo que se presenta a futuro no es muy halag\u00fce\u00f1o prefiero mirar hacia atr\u00e1s y he recordado que ya hace 25 a\u00f1os que estuve por primera vez en el Congreso &hellip; <a href=\"https:\/\/rafaelartacho.es\/index.php\/2023\/10\/05\/mirando-hacia-atras\/\" class=\"more-link\">Continuar leyendo<span class=\"screen-reader-text\"> \u00abMIRANDO HACIA ATRAS\u00bb<\/span><\/a><\/p>\n","protected":false},"author":1,"featured_media":0,"comment_status":"open","ping_status":"open","sticky":false,"template":"","format":"standard","meta":{"footnotes":""},"categories":[4],"tags":[],"class_list":["post-1222","post","type-post","status-publish","format-standard","hentry","category-category1"],"_links":{"self":[{"href":"https:\/\/rafaelartacho.es\/index.php\/wp-json\/wp\/v2\/posts\/1222","targetHints":{"allow":["GET"]}}],"collection":[{"href":"https:\/\/rafaelartacho.es\/index.php\/wp-json\/wp\/v2\/posts"}],"about":[{"href":"https:\/\/rafaelartacho.es\/index.php\/wp-json\/wp\/v2\/types\/post"}],"author":[{"embeddable":true,"href":"https:\/\/rafaelartacho.es\/index.php\/wp-json\/wp\/v2\/users\/1"}],"replies":[{"embeddable":true,"href":"https:\/\/rafaelartacho.es\/index.php\/wp-json\/wp\/v2\/comments?post=1222"}],"version-history":[{"count":7,"href":"https:\/\/rafaelartacho.es\/index.php\/wp-json\/wp\/v2\/posts\/1222\/revisions"}],"predecessor-version":[{"id":1267,"href":"https:\/\/rafaelartacho.es\/index.php\/wp-json\/wp\/v2\/posts\/1222\/revisions\/1267"}],"wp:attachment":[{"href":"https:\/\/rafaelartacho.es\/index.php\/wp-json\/wp\/v2\/media?parent=1222"}],"wp:term":[{"taxonomy":"category","embeddable":true,"href":"https:\/\/rafaelartacho.es\/index.php\/wp-json\/wp\/v2\/categories?post=1222"},{"taxonomy":"post_tag","embeddable":true,"href":"https:\/\/rafaelartacho.es\/index.php\/wp-json\/wp\/v2\/tags?post=1222"}],"curies":[{"name":"wp","href":"https:\/\/api.w.org\/{rel}","templated":true}]}}