{"id":118,"date":"2021-01-23T01:21:22","date_gmt":"2021-01-23T00:21:22","guid":{"rendered":"https:\/\/aprendizdetodo.rafaelartacho.es\/?p=118"},"modified":"2021-01-23T01:21:22","modified_gmt":"2021-01-23T00:21:22","slug":"70-anos","status":"publish","type":"post","link":"https:\/\/rafaelartacho.es\/index.php\/2021\/01\/23\/70-anos\/","title":{"rendered":"70 A\u00d1OS"},"content":{"rendered":"\n<figure class=\"wp-block-image size-large\"><img loading=\"lazy\" decoding=\"async\" width=\"662\" height=\"749\" src=\"https:\/\/rafaelartacho.es\/wp-content\/uploads\/2021\/01\/IMG-20191101-REC2.jpg\" alt=\"\" class=\"wp-image-119\" srcset=\"https:\/\/rafaelartacho.es\/wp-content\/uploads\/2021\/01\/IMG-20191101-REC2.jpg 662w, https:\/\/rafaelartacho.es\/wp-content\/uploads\/2021\/01\/IMG-20191101-REC2-265x300.jpg 265w\" sizes=\"auto, (max-width: 709px) 85vw, (max-width: 909px) 67vw, (max-width: 984px) 61vw, (max-width: 1362px) 45vw, 600px\" \/><\/figure>\n\n\n\n<p>El 1 de noviembre de 2019 mi hermana Carmen cumpli\u00f3 70 a\u00f1os. \u201ccasi n\u00e1\u201d. Y lo bueno es que los dem\u00e1s vamos detr\u00e1s (bueno alguna va delante). Quiso celebrarlo por todo lo alto y nos invit\u00f3 a parte de la familia y a algunos amigos a una fiesta que result\u00f3 entra\u00f1able. Es que 70 a\u00f1os no se cumplen todos los d\u00edas.<\/p>\n\n\n\n<p>Sus hijas, Susana y Mari Paz nos pidieron a todos los asistentes que le hici\u00e9ramos un regalo especial, escribiendo un breve texto, acompa\u00f1ado de una foto, relatando sentimientos o experiencias de nuestra vida, inspiradas en nuestra relaci\u00f3n con Carmen. Con esos textos confeccionaron un libro que le fue entregado en la fiesta.<\/p>\n\n\n\n<figure class=\"wp-block-image size-large\"><img loading=\"lazy\" decoding=\"async\" width=\"1497\" height=\"1632\" src=\"https:\/\/rafaelartacho.es\/wp-content\/uploads\/2021\/01\/IMG-20191101REC5.jpg\" alt=\"\" class=\"wp-image-120\" srcset=\"https:\/\/rafaelartacho.es\/wp-content\/uploads\/2021\/01\/IMG-20191101REC5.jpg 1497w, https:\/\/rafaelartacho.es\/wp-content\/uploads\/2021\/01\/IMG-20191101REC5-275x300.jpg 275w, https:\/\/rafaelartacho.es\/wp-content\/uploads\/2021\/01\/IMG-20191101REC5-939x1024.jpg 939w, https:\/\/rafaelartacho.es\/wp-content\/uploads\/2021\/01\/IMG-20191101REC5-768x837.jpg 768w, https:\/\/rafaelartacho.es\/wp-content\/uploads\/2021\/01\/IMG-20191101REC5-1409x1536.jpg 1409w\" sizes=\"auto, (max-width: 709px) 85vw, (max-width: 909px) 67vw, (max-width: 1362px) 62vw, 840px\" \/><\/figure>\n\n\n\n<p>Se leyeron alguno de esos textos y las emociones brotaban por doquier pues se percib\u00eda que sal\u00edan del coraz\u00f3n.<\/p>\n\n\n\n<p>Con su permiso reproduzco mi escrito y la foto que le acompa\u00f1aba.<\/p>\n\n\n\n<p><em>Hola hermanita:<\/em><\/p>\n\n\n\n<p><em>Le\u00ed una vez que&nbsp;<\/em> \u201c<strong><em>los lazos de la infancia se sueltan cuando emprendemos nuestra vida adulta y nos alejamos del entorno familiar; el tiempo que todo lo suaviza y tempera nos permite reanudarlos al cabo de los a\u00f1os y potenciarlos con mayor firmeza<\/em>\u00ab<\/strong>.<\/p>\n\n\n\n<figure class=\"wp-block-image size-large\"><img loading=\"lazy\" decoding=\"async\" width=\"1904\" height=\"1313\" src=\"https:\/\/rafaelartacho.es\/wp-content\/uploads\/2021\/01\/IMG-20191101-REC6.jpg\" alt=\"\" class=\"wp-image-122\" srcset=\"https:\/\/rafaelartacho.es\/wp-content\/uploads\/2021\/01\/IMG-20191101-REC6.jpg 1904w, https:\/\/rafaelartacho.es\/wp-content\/uploads\/2021\/01\/IMG-20191101-REC6-300x207.jpg 300w, https:\/\/rafaelartacho.es\/wp-content\/uploads\/2021\/01\/IMG-20191101-REC6-1024x706.jpg 1024w, https:\/\/rafaelartacho.es\/wp-content\/uploads\/2021\/01\/IMG-20191101-REC6-768x530.jpg 768w, https:\/\/rafaelartacho.es\/wp-content\/uploads\/2021\/01\/IMG-20191101-REC6-1536x1059.jpg 1536w\" sizes=\"auto, (max-width: 709px) 85vw, (max-width: 909px) 67vw, (max-width: 1362px) 62vw, 840px\" \/><\/figure>\n\n\n\n<p>Pues s\u00ed eso es lo que me ha pasado contigo, que tras muchos a\u00f1os de relaciones templadas estamos viviendo ahora con mayor intensidad esa relaci\u00f3n fraternal que siempre ha existido.<\/p>\n\n\n\n<p>Siempre te he visto diferente a los dem\u00e1s hermanos y llegu\u00e9 a pensar y decir que t\u00fa no parec\u00edas Artacho. Pero en el viaje que hicimos s\u00f3los y juntos a Benidorm a pasar una nochevieja con Carlos, Pepe y otros miembros de la familia, me di cuenta que claro que<\/p>\n\n\n\n<figure class=\"wp-block-image size-large\"><img loading=\"lazy\" decoding=\"async\" width=\"1387\" height=\"1414\" src=\"https:\/\/rafaelartacho.es\/wp-content\/uploads\/2021\/01\/IMG-20191101-REC3.jpg\" alt=\"\" class=\"wp-image-123\" srcset=\"https:\/\/rafaelartacho.es\/wp-content\/uploads\/2021\/01\/IMG-20191101-REC3.jpg 1387w, https:\/\/rafaelartacho.es\/wp-content\/uploads\/2021\/01\/IMG-20191101-REC3-294x300.jpg 294w, https:\/\/rafaelartacho.es\/wp-content\/uploads\/2021\/01\/IMG-20191101-REC3-1004x1024.jpg 1004w, https:\/\/rafaelartacho.es\/wp-content\/uploads\/2021\/01\/IMG-20191101-REC3-768x783.jpg 768w\" sizes=\"auto, (max-width: 709px) 85vw, (max-width: 909px) 67vw, (max-width: 1362px) 62vw, 840px\" \/><\/figure>\n\n\n\n<p>eres Artacho y que las diferencias que yo percib\u00eda en ti mejoraban&nbsp; a los Artacho.<\/p>\n\n\n\n<p>Porque tu inconformismo, tu curiosidad y la ingenuidad que desprendes en muchas ocasiones lo combinas muy bien con&nbsp; la paciencia, la generosidad, el saber escuchar y la serenidad que yo atribuyo a los Artachos.<\/p>\n\n\n\n<p>Dec\u00eda Confucio que \u201c<strong><em>Todos tenemos dos vidas. La segunda empieza&nbsp;cuando nos damos cuenta de que tenemos s\u00f3lo una<\/em><\/strong><em>\u201d<\/em>.&nbsp; Yo s\u00e9 que ya hace mucho tiempo que est\u00e1s viviendo tu segunda vida, porque como Sabina<strong><em>, <\/em><\/strong>no cumples 70 a\u00f1os. Cumples treinta m\u00e1s cuarenta<\/p>\n\n\n\n<p>Nac\u00ed detr\u00e1s de ti, crec\u00ed detr\u00e1s de ti y en otras facetas de la vida he seguido tus pasos. Por eso he elegido esta foto para que sepas que siempre estar\u00e9 detr\u00e1s de ti, por si me necesitas.<\/p>\n\n\n\n<figure class=\"wp-block-image size-full\"><img loading=\"lazy\" decoding=\"async\" width=\"2560\" height=\"1785\" src=\"https:\/\/rafaelartacho.es\/wp-content\/uploads\/2023\/01\/IMG_2922-2-scaled-1.jpg\" alt=\"\" class=\"wp-image-667\" srcset=\"https:\/\/rafaelartacho.es\/wp-content\/uploads\/2023\/01\/IMG_2922-2-scaled-1.jpg 2560w, https:\/\/rafaelartacho.es\/wp-content\/uploads\/2023\/01\/IMG_2922-2-scaled-1-300x209.jpg 300w, https:\/\/rafaelartacho.es\/wp-content\/uploads\/2023\/01\/IMG_2922-2-scaled-1-1024x714.jpg 1024w, https:\/\/rafaelartacho.es\/wp-content\/uploads\/2023\/01\/IMG_2922-2-scaled-1-768x536.jpg 768w, https:\/\/rafaelartacho.es\/wp-content\/uploads\/2023\/01\/IMG_2922-2-scaled-1-1536x1071.jpg 1536w, https:\/\/rafaelartacho.es\/wp-content\/uploads\/2023\/01\/IMG_2922-2-scaled-1-2048x1428.jpg 2048w\" sizes=\"auto, (max-width: 709px) 85vw, (max-width: 909px) 67vw, (max-width: 1362px) 62vw, 840px\" \/><figcaption class=\"wp-element-caption\"><strong>DETRAS DE TI<\/strong><\/figcaption><\/figure>\n\n\n\n<p>Muchas felicidades en tu cumplea\u00f1os.<\/p>\n\n\n\n<p>Rafa<\/p>\n\n\n\n<figure class=\"wp-block-gallery has-nested-images columns-default is-cropped wp-block-gallery-1 is-layout-flex wp-block-gallery-is-layout-flex\">\n<figure class=\"wp-block-image size-large\"><img loading=\"lazy\" decoding=\"async\" width=\"631\" height=\"709\" data-id=\"124\" src=\"https:\/\/rafaelartacho.es\/wp-content\/uploads\/2021\/01\/IMG-20191101-REC.jpg\" alt=\"\" class=\"wp-image-124\" srcset=\"https:\/\/rafaelartacho.es\/wp-content\/uploads\/2021\/01\/IMG-20191101-REC.jpg 631w, https:\/\/rafaelartacho.es\/wp-content\/uploads\/2021\/01\/IMG-20191101-REC-267x300.jpg 267w\" sizes=\"auto, (max-width: 709px) 85vw, (max-width: 909px) 67vw, (max-width: 984px) 61vw, (max-width: 1362px) 45vw, 600px\" \/><\/figure>\n\n\n\n<figure class=\"wp-block-image size-large\"><img loading=\"lazy\" decoding=\"async\" width=\"1437\" height=\"1041\" data-id=\"125\" src=\"https:\/\/rafaelartacho.es\/wp-content\/uploads\/2021\/01\/IMG-20191101REC4.jpg\" alt=\"\" class=\"wp-image-125\" srcset=\"https:\/\/rafaelartacho.es\/wp-content\/uploads\/2021\/01\/IMG-20191101REC4.jpg 1437w, https:\/\/rafaelartacho.es\/wp-content\/uploads\/2021\/01\/IMG-20191101REC4-300x217.jpg 300w, https:\/\/rafaelartacho.es\/wp-content\/uploads\/2021\/01\/IMG-20191101REC4-1024x742.jpg 1024w, https:\/\/rafaelartacho.es\/wp-content\/uploads\/2021\/01\/IMG-20191101REC4-768x556.jpg 768w\" sizes=\"auto, (max-width: 709px) 85vw, (max-width: 909px) 67vw, (max-width: 1362px) 62vw, 840px\" \/><\/figure>\n\n\n\n<figure class=\"wp-block-image size-large\"><img loading=\"lazy\" decoding=\"async\" width=\"939\" height=\"765\" data-id=\"126\" src=\"https:\/\/rafaelartacho.es\/wp-content\/uploads\/2021\/01\/IMG-20191102-REC7.jpg\" alt=\"\" class=\"wp-image-126\" srcset=\"https:\/\/rafaelartacho.es\/wp-content\/uploads\/2021\/01\/IMG-20191102-REC7.jpg 939w, https:\/\/rafaelartacho.es\/wp-content\/uploads\/2021\/01\/IMG-20191102-REC7-300x244.jpg 300w, https:\/\/rafaelartacho.es\/wp-content\/uploads\/2021\/01\/IMG-20191102-REC7-768x626.jpg 768w\" sizes=\"auto, (max-width: 709px) 85vw, (max-width: 909px) 67vw, (max-width: 1362px) 62vw, 840px\" \/><\/figure>\n<\/figure>\n","protected":false},"excerpt":{"rendered":"<p>El 1 de noviembre de 2019 mi hermana Carmen cumpli\u00f3 70 a\u00f1os. \u201ccasi n\u00e1\u201d. Y lo bueno es que los dem\u00e1s vamos detr\u00e1s (bueno alguna va delante). Quiso celebrarlo por todo lo alto y nos invit\u00f3 a parte de la familia y a algunos amigos a una fiesta que result\u00f3 entra\u00f1able. Es que 70 a\u00f1os &hellip; <a href=\"https:\/\/rafaelartacho.es\/index.php\/2021\/01\/23\/70-anos\/\" class=\"more-link\">Continuar leyendo<span class=\"screen-reader-text\"> \u00ab70 A\u00d1OS\u00bb<\/span><\/a><\/p>\n","protected":false},"author":1,"featured_media":0,"comment_status":"open","ping_status":"open","sticky":false,"template":"","format":"standard","meta":{"footnotes":""},"categories":[2],"tags":[8],"class_list":["post-118","post","type-post","status-publish","format-standard","hentry","category-category0","tag-carmen-cumpleanos-sabina-confucio"],"_links":{"self":[{"href":"https:\/\/rafaelartacho.es\/index.php\/wp-json\/wp\/v2\/posts\/118","targetHints":{"allow":["GET"]}}],"collection":[{"href":"https:\/\/rafaelartacho.es\/index.php\/wp-json\/wp\/v2\/posts"}],"about":[{"href":"https:\/\/rafaelartacho.es\/index.php\/wp-json\/wp\/v2\/types\/post"}],"author":[{"embeddable":true,"href":"https:\/\/rafaelartacho.es\/index.php\/wp-json\/wp\/v2\/users\/1"}],"replies":[{"embeddable":true,"href":"https:\/\/rafaelartacho.es\/index.php\/wp-json\/wp\/v2\/comments?post=118"}],"version-history":[{"count":0,"href":"https:\/\/rafaelartacho.es\/index.php\/wp-json\/wp\/v2\/posts\/118\/revisions"}],"wp:attachment":[{"href":"https:\/\/rafaelartacho.es\/index.php\/wp-json\/wp\/v2\/media?parent=118"}],"wp:term":[{"taxonomy":"category","embeddable":true,"href":"https:\/\/rafaelartacho.es\/index.php\/wp-json\/wp\/v2\/categories?post=118"},{"taxonomy":"post_tag","embeddable":true,"href":"https:\/\/rafaelartacho.es\/index.php\/wp-json\/wp\/v2\/tags?post=118"}],"curies":[{"name":"wp","href":"https:\/\/api.w.org\/{rel}","templated":true}]}}